{"id":98955,"date":"2023-10-13T10:31:26","date_gmt":"2023-10-13T13:31:26","guid":{"rendered":"https:\/\/www.centraldenoticias.com.ar\/?p=98955"},"modified":"2023-10-13T10:31:27","modified_gmt":"2023-10-13T13:31:27","slug":"los-jardines-maternales-municipales-de-fiesta","status":"publish","type":"post","link":"https:\/\/cdnoticias.com\/index.php\/2023\/10\/13\/los-jardines-maternales-municipales-de-fiesta\/","title":{"rendered":"Los Jardines Maternales Municipales de fiesta"},"content":{"rendered":"<p>La jornada se realiz\u00f3 ese jueves en el Parque Eseverri y cont\u00f3 con 600 ni\u00f1os y ni\u00f1as. En dicha oportunidad, m\u00e1s de 200 mini egresados presentaron sus distintivos. <!--more--><\/p>\n<hr \/>\n<p>Con un gran marco, este jueves se realiz\u00f3 la<strong> gran fiesta de los Jardines Maternales Municipales en Parque Eseverri,<\/strong> que reuni\u00f3 a <strong>600 ni\u00f1os y ni\u00f1as,<\/strong> que vivieron un d\u00eda cargado de sorpresas, juegos y diversi\u00f3n.<\/p>\n<p>En dicha oportunidad, <strong>m\u00e1s de 200 mini egresados presentaron sus distintivos,<\/strong> con el acompa\u00f1amiento de su familia y docentes, que vivieron con gran emoci\u00f3n este momento tan especial.<\/p>\n<p>En el marco de la propuesta se festej\u00f3 adem\u00e1s el D\u00eda de Familia, con espect\u00e1culos y diferentes propuestas recreativas para compartir la jornada propuesta por la Subsecretar\u00eda de Desarrollo Social.<\/p>\n<p><img data-recalc-dims=\"1\" loading=\"lazy\" decoding=\"async\" class=\"aligncenter wp-image-98961 size-full\" src=\"https:\/\/i0.wp.com\/cdnoticias.com\/wp-content\/uploads\/2023\/10\/jardines-maternales-fiesta-4.jpg?resize=800%2C445&#038;ssl=1\" alt=\"\" width=\"800\" height=\"445\" srcset=\"https:\/\/i0.wp.com\/cdnoticias.com\/wp-content\/uploads\/2023\/10\/jardines-maternales-fiesta-4.jpg?w=1000&amp;ssl=1 1000w, https:\/\/i0.wp.com\/cdnoticias.com\/wp-content\/uploads\/2023\/10\/jardines-maternales-fiesta-4.jpg?resize=300%2C167&amp;ssl=1 300w, https:\/\/i0.wp.com\/cdnoticias.com\/wp-content\/uploads\/2023\/10\/jardines-maternales-fiesta-4.jpg?resize=768%2C427&amp;ssl=1 768w, https:\/\/i0.wp.com\/cdnoticias.com\/wp-content\/uploads\/2023\/10\/jardines-maternales-fiesta-4.jpg?resize=800%2C445&amp;ssl=1 800w\" sizes=\"auto, (max-width: 800px) 100vw, 800px\" \/><\/p>\n<p><em>\u201cFelicitaciones a todas las familias. Son 12 jardines maternales que son un orgullo para nosotros. Que hoy puedan disfrutar de esta fiesta, en este parque hermoso que tenemos tambi\u00e9n es un orgullo\u201d<\/em>, enfatiz\u00f3 el<strong> Intendente municipal<\/strong>, quien aprovech\u00f3 la ocasi\u00f3n para ponderar y agradecer la labor de distintas \u00e1reas municipales y docentes.<\/p>\n<p>La animaci\u00f3n de la fiesta estuvo a cargo de Mechongu\u00e9 Eventos y cont\u00f3 adem\u00e1s con la colaboraci\u00f3n del equipo de profesores de la Subsecretar\u00eda de Deportes y Recreaci\u00f3n del Municipio. Adem\u00e1s, como parte de la propuesta, hubo una clase especial de zumba a cargo de la profe Sol Elsegood y Ver\u00f3nica Attadia.<\/p>\n<p>Tras la presentaci\u00f3n y desfile de los egresados con sus distintivos, se comparti\u00f3 un almuerzo tipo picnic en el parque, a modo de cierre de este gran d\u00eda que fue realmente inolvidable y que quedar\u00e1 marcado en el coraz\u00f3n de cada ni\u00f1o, que da por finalizada una etapa para comenzar una nueva llena de ilusiones.<\/p>\n<p><img data-recalc-dims=\"1\" loading=\"lazy\" decoding=\"async\" class=\"aligncenter wp-image-98959 size-full\" src=\"https:\/\/i0.wp.com\/cdnoticias.com\/wp-content\/uploads\/2023\/10\/jardines-maternales-fiesta-1.jpg?resize=800%2C445&#038;ssl=1\" alt=\"\" width=\"800\" height=\"445\" srcset=\"https:\/\/i0.wp.com\/cdnoticias.com\/wp-content\/uploads\/2023\/10\/jardines-maternales-fiesta-1.jpg?w=1000&amp;ssl=1 1000w, https:\/\/i0.wp.com\/cdnoticias.com\/wp-content\/uploads\/2023\/10\/jardines-maternales-fiesta-1.jpg?resize=300%2C167&amp;ssl=1 300w, https:\/\/i0.wp.com\/cdnoticias.com\/wp-content\/uploads\/2023\/10\/jardines-maternales-fiesta-1.jpg?resize=768%2C427&amp;ssl=1 768w, https:\/\/i0.wp.com\/cdnoticias.com\/wp-content\/uploads\/2023\/10\/jardines-maternales-fiesta-1.jpg?resize=800%2C445&amp;ssl=1 800w\" sizes=\"auto, (max-width: 800px) 100vw, 800px\" \/><\/p>\n<p>Por \u00faltimo, se destaca que estuvieron presentes, adem\u00e1s del jefe comunal, la secretaria de Desarrollo Humano y Calidad de Vida Guillermina Amespil, el secretario de Gobierno Hilario Galli, la subsecretaria de Desarrollo Social Romina Sponer, la directora y coordinadora de la Unidad de Desarrollo Infantil Sandra Bilbao y Mar\u00eda Eugenia Iraz\u00e1bal.<\/p>\n","protected":false},"excerpt":{"rendered":"<p>La jornada se realiz\u00f3 ese jueves en el Parque Eseverri y cont\u00f3 con 600 ni\u00f1os y ni\u00f1as. En dicha oportunidad,<\/p>\n","protected":false},"author":6,"featured_media":98960,"comment_status":"closed","ping_status":"closed","sticky":false,"template":"","format":"standard","meta":{"_jetpack_memberships_contains_paid_content":false,"footnotes":""},"categories":[5,1],"tags":[],"class_list":["post-98955","post","type-post","status-publish","format-standard","has-post-thumbnail","hentry","category-informacion-general","category-portada"],"jetpack_featured_media_url":"https:\/\/i0.wp.com\/cdnoticias.com\/wp-content\/uploads\/2023\/10\/jardines-maternales-fiesta-3.jpg?fit=1000%2C556&ssl=1","jetpack_sharing_enabled":true,"_links":{"self":[{"href":"https:\/\/cdnoticias.com\/index.php\/wp-json\/wp\/v2\/posts\/98955","targetHints":{"allow":["GET"]}}],"collection":[{"href":"https:\/\/cdnoticias.com\/index.php\/wp-json\/wp\/v2\/posts"}],"about":[{"href":"https:\/\/cdnoticias.com\/index.php\/wp-json\/wp\/v2\/types\/post"}],"author":[{"embeddable":true,"href":"https:\/\/cdnoticias.com\/index.php\/wp-json\/wp\/v2\/users\/6"}],"replies":[{"embeddable":true,"href":"https:\/\/cdnoticias.com\/index.php\/wp-json\/wp\/v2\/comments?post=98955"}],"version-history":[{"count":0,"href":"https:\/\/cdnoticias.com\/index.php\/wp-json\/wp\/v2\/posts\/98955\/revisions"}],"wp:featuredmedia":[{"embeddable":true,"href":"https:\/\/cdnoticias.com\/index.php\/wp-json\/wp\/v2\/media\/98960"}],"wp:attachment":[{"href":"https:\/\/cdnoticias.com\/index.php\/wp-json\/wp\/v2\/media?parent=98955"}],"wp:term":[{"taxonomy":"category","embeddable":true,"href":"https:\/\/cdnoticias.com\/index.php\/wp-json\/wp\/v2\/categories?post=98955"},{"taxonomy":"post_tag","embeddable":true,"href":"https:\/\/cdnoticias.com\/index.php\/wp-json\/wp\/v2\/tags?post=98955"}],"curies":[{"name":"wp","href":"https:\/\/api.w.org\/{rel}","templated":true}]}}