{"id":98936,"date":"2023-10-12T16:53:40","date_gmt":"2023-10-12T19:53:40","guid":{"rendered":"https:\/\/www.centraldenoticias.com.ar\/?p=98936"},"modified":"2023-10-12T18:39:48","modified_gmt":"2023-10-12T21:39:48","slug":"iban-con-elementos-que-no-pudieron-acreditar-propiedad-y-fueron-aprehendidos","status":"publish","type":"post","link":"https:\/\/cdnoticias.com\/index.php\/2023\/10\/12\/iban-con-elementos-que-no-pudieron-acreditar-propiedad-y-fueron-aprehendidos\/","title":{"rendered":"Iban con elementos que \u201cno pudieron acreditar propiedad\u201d y fueron aprehendidos"},"content":{"rendered":"<p>Se trata de cuatro j\u00f3venes de entre 19 y 26 a\u00f1os que circulaban con una mochila azul que tiraron al observar la presencia policial. <!--more--><\/p>\n<hr \/>\n<p>Este jueves,<strong> personal de Comando de Patrullas aprehendi\u00f3 a cuatro j\u00f3venes de entre 19 y 26 a\u00f1os luego de ver que intentaron descartarse una mochila con presuntos elementos robados.<\/strong><\/p>\n<p>&nbsp;<\/p>\n<p><img data-recalc-dims=\"1\" loading=\"lazy\" decoding=\"async\" class=\"alignnone size-large wp-image-98937\" src=\"https:\/\/i0.wp.com\/cdnoticias.com\/wp-content\/uploads\/2023\/10\/WhatsApp-Image-2023-10-12-at-15.16.38.jpeg?resize=800%2C448&#038;ssl=1\" alt=\"\" width=\"800\" height=\"448\" srcset=\"https:\/\/i0.wp.com\/cdnoticias.com\/wp-content\/uploads\/2023\/10\/WhatsApp-Image-2023-10-12-at-15.16.38.jpeg?resize=1024%2C574&amp;ssl=1 1024w, https:\/\/i0.wp.com\/cdnoticias.com\/wp-content\/uploads\/2023\/10\/WhatsApp-Image-2023-10-12-at-15.16.38.jpeg?resize=300%2C168&amp;ssl=1 300w, https:\/\/i0.wp.com\/cdnoticias.com\/wp-content\/uploads\/2023\/10\/WhatsApp-Image-2023-10-12-at-15.16.38.jpeg?resize=768%2C431&amp;ssl=1 768w, https:\/\/i0.wp.com\/cdnoticias.com\/wp-content\/uploads\/2023\/10\/WhatsApp-Image-2023-10-12-at-15.16.38.jpeg?w=1524&amp;ssl=1 1524w\" sizes=\"auto, (max-width: 800px) 100vw, 800px\" \/><\/p>\n<p>&nbsp;<\/p>\n<p>Seg\u00fan se explic\u00f3, el hecho se produjo cuando al realizar un patrullaje rutinario en <strong>La Rioja al 2300<\/strong> observaron a <strong>cuatro personas (dos hombres de 19 y 26 a\u00f1os y dos mujeres de 23 y 24) que caminaban en la oscuridad y uno de ellos tir\u00f3 una mochila color azul.<\/strong><\/p>\n<p>&nbsp;<\/p>\n<p>Al interceptarlos y tomar la mochila, <strong>encontraron dentro una sierra corta metal, una pinza alicate, un alicate, una hoja de sierra, una pinza corta ca\u00f1o y siete bolas de consorcio de color negra que <em>\u201cno pudieron acreditar de su propiedad ni motivo para su traslado\u201d.<\/em><\/strong><\/p>\n<p>&nbsp;<\/p>\n<p><img data-recalc-dims=\"1\" loading=\"lazy\" decoding=\"async\" class=\"alignnone size-large wp-image-98938\" src=\"https:\/\/i0.wp.com\/cdnoticias.com\/wp-content\/uploads\/2023\/10\/WhatsApp-Image-2023-10-12-at-15.16.37-1.jpeg?resize=800%2C400&#038;ssl=1\" alt=\"\" width=\"800\" height=\"400\" srcset=\"https:\/\/i0.wp.com\/cdnoticias.com\/wp-content\/uploads\/2023\/10\/WhatsApp-Image-2023-10-12-at-15.16.37-1.jpeg?resize=1024%2C512&amp;ssl=1 1024w, https:\/\/i0.wp.com\/cdnoticias.com\/wp-content\/uploads\/2023\/10\/WhatsApp-Image-2023-10-12-at-15.16.37-1.jpeg?resize=300%2C150&amp;ssl=1 300w, https:\/\/i0.wp.com\/cdnoticias.com\/wp-content\/uploads\/2023\/10\/WhatsApp-Image-2023-10-12-at-15.16.37-1.jpeg?resize=768%2C384&amp;ssl=1 768w, https:\/\/i0.wp.com\/cdnoticias.com\/wp-content\/uploads\/2023\/10\/WhatsApp-Image-2023-10-12-at-15.16.37-1.jpeg?w=1519&amp;ssl=1 1519w\" sizes=\"auto, (max-width: 800px) 100vw, 800px\" \/><\/p>\n<p>&nbsp;<\/p>\n<p>Los aprehendidos fueron trasladados a la Comisar\u00eda Primera para tomar los correspondientes recaudos legales.<strong> La causa, caratulada como \u201cAveriguaci\u00f3n de il\u00edcito\u201d est\u00e1 a cargo de la UFI de Autores Ignorados.<\/strong><\/p>\n","protected":false},"excerpt":{"rendered":"<p>Se trata de cuatro j\u00f3venes de entre 19 y 26 a\u00f1os que circulaban con una mochila azul que tiraron al<\/p>\n","protected":false},"author":2,"featured_media":98939,"comment_status":"closed","ping_status":"closed","sticky":false,"template":"","format":"standard","meta":{"_jetpack_memberships_contains_paid_content":false,"footnotes":""},"categories":[14,1],"tags":[],"class_list":["post-98936","post","type-post","status-publish","format-standard","has-post-thumbnail","hentry","category-policiales","category-portada"],"jetpack_featured_media_url":"https:\/\/i0.wp.com\/cdnoticias.com\/wp-content\/uploads\/2023\/10\/WhatsApp-Image-2023-10-12-at-15.16.37.jpeg?fit=1461%2C838&ssl=1","jetpack_sharing_enabled":true,"_links":{"self":[{"href":"https:\/\/cdnoticias.com\/index.php\/wp-json\/wp\/v2\/posts\/98936","targetHints":{"allow":["GET"]}}],"collection":[{"href":"https:\/\/cdnoticias.com\/index.php\/wp-json\/wp\/v2\/posts"}],"about":[{"href":"https:\/\/cdnoticias.com\/index.php\/wp-json\/wp\/v2\/types\/post"}],"author":[{"embeddable":true,"href":"https:\/\/cdnoticias.com\/index.php\/wp-json\/wp\/v2\/users\/2"}],"replies":[{"embeddable":true,"href":"https:\/\/cdnoticias.com\/index.php\/wp-json\/wp\/v2\/comments?post=98936"}],"version-history":[{"count":0,"href":"https:\/\/cdnoticias.com\/index.php\/wp-json\/wp\/v2\/posts\/98936\/revisions"}],"wp:featuredmedia":[{"embeddable":true,"href":"https:\/\/cdnoticias.com\/index.php\/wp-json\/wp\/v2\/media\/98939"}],"wp:attachment":[{"href":"https:\/\/cdnoticias.com\/index.php\/wp-json\/wp\/v2\/media?parent=98936"}],"wp:term":[{"taxonomy":"category","embeddable":true,"href":"https:\/\/cdnoticias.com\/index.php\/wp-json\/wp\/v2\/categories?post=98936"},{"taxonomy":"post_tag","embeddable":true,"href":"https:\/\/cdnoticias.com\/index.php\/wp-json\/wp\/v2\/tags?post=98936"}],"curies":[{"name":"wp","href":"https:\/\/api.w.org\/{rel}","templated":true}]}}