{"id":98931,"date":"2023-10-12T19:00:06","date_gmt":"2023-10-12T22:00:06","guid":{"rendered":"https:\/\/www.centraldenoticias.com.ar\/?p=98931"},"modified":"2023-10-12T19:00:07","modified_gmt":"2023-10-12T22:00:07","slug":"el-ex-juez-jorge-mario-galdos-declarado-ciudadano-ilustre-de-olavarria","status":"publish","type":"post","link":"https:\/\/cdnoticias.com\/index.php\/2023\/10\/12\/el-ex-juez-jorge-mario-galdos-declarado-ciudadano-ilustre-de-olavarria\/","title":{"rendered":"El ex juez Jorge Mario Galdos, declarado ciudadano ilustre de Olavarr\u00eda"},"content":{"rendered":"<p>Se aprob\u00f3 por unanimidad la declaraci\u00f3n. Adem\u00e1s, se votaron m\u00e1s de 20 ordenanzas que disponen la donaci\u00f3n de inmuebles a vecinos y vecinas.<\/p>\n<p><!--more--><\/p>\n<hr \/>\n<p>El<strong> Concejo Deliberante de Olavarr\u00eda<\/strong>, que preside la concejal Cecilia Krivochen,<strong> llev\u00f3 adelante este jueves la 14\u00b0 sesi\u00f3n ordinaria del periodo 2023.<\/strong><\/p>\n<p>&nbsp;<\/p>\n<p>En el inicio de la sesi\u00f3n, <strong>se aprobaron por unanimidad m\u00e1s de 20 ordenanzas que disponen la donaci\u00f3n de inmuebles<\/strong> a vecinos y vecinas del Partido de Olavarr\u00eda, la totalidad de los proyectos hab\u00edan sido remitidos por el Departamento Ejecutivo Municipal.<\/p>\n<p>&nbsp;<\/p>\n<p><img data-recalc-dims=\"1\" loading=\"lazy\" decoding=\"async\" class=\"size-full wp-image-98933 aligncenter\" src=\"https:\/\/i0.wp.com\/cdnoticias.com\/wp-content\/uploads\/2023\/10\/HCD-votacion-01.jpg?resize=800%2C445&#038;ssl=1\" alt=\"\" width=\"800\" height=\"445\" srcset=\"https:\/\/i0.wp.com\/cdnoticias.com\/wp-content\/uploads\/2023\/10\/HCD-votacion-01.jpg?w=1000&amp;ssl=1 1000w, https:\/\/i0.wp.com\/cdnoticias.com\/wp-content\/uploads\/2023\/10\/HCD-votacion-01.jpg?resize=300%2C167&amp;ssl=1 300w, https:\/\/i0.wp.com\/cdnoticias.com\/wp-content\/uploads\/2023\/10\/HCD-votacion-01.jpg?resize=768%2C427&amp;ssl=1 768w, https:\/\/i0.wp.com\/cdnoticias.com\/wp-content\/uploads\/2023\/10\/HCD-votacion-01.jpg?resize=800%2C445&amp;ssl=1 800w\" sizes=\"auto, (max-width: 800px) 100vw, 800px\" \/><\/p>\n<p>&nbsp;<\/p>\n<p>Durante la decimocuarta sesi\u00f3n del HCD, <strong>qued\u00f3 aprobada la ordenanza que dispone eximir de las tasas de servicios urbanos a todos los veteranos continentales<\/strong> del distrito de Olavarr\u00eda que estuvieron bajo bandera y fueran movilizados por los organismos militares del dentro del continente siendo ellos clases 1961,1962, 1963 y prorrogados por la recuperaci\u00f3n del ejercicio pleno de la soberan\u00eda de las Islas Malvinas.<a href=\"https:\/\/cdnoticias.com\/index.php\/2023\/10\/12\/el-hcd-aprobo-la-exencion-en-servicios-urbanos-para-soldados-continentales\/\" target=\"_blank\" rel=\"noopener\"> Tal como se inform\u00f3 en detalle<\/a>, los veteranos continentales podr\u00e1n acceder a este beneficio s\u00f3lo sobre un inmueble sea o no de su propiedad destinado en forma permanente a su vivienda familiar.<\/p>\n<p>&nbsp;<\/p>\n<p>Por otro lado, el Concejo Deliberante sancion\u00f3 la <strong>resoluci\u00f3n que otorga el reconocimiento de Honor al M\u00e9rito Ciudadano a la vecina Lety Paternostro<\/strong>.<\/p>\n<p>&nbsp;<\/p>\n<blockquote><p>Se aprob\u00f3 tambi\u00e9n la ordenanza que declara ciudadano ilustre del Partido de Olavarr\u00eda al doctor Jorge Mario Galdos, quien durante 26 a\u00f1os se desempe\u00f1\u00f3 como juez de la C\u00e1mara de Apelaciones en lo Civil y Comercial de Azul. El doctor Galdos fue profesor invitado permanente de posgrado en los cursos de especializaci\u00f3n y en las maestr\u00edas en Responsabilidad Civil, Derecho de Da\u00f1os y Derecho Ambiental de la Facultad de Derecho de la Universidad Nacional de Buenos Aires (UBA), de la Facultad de Ciencias Jur\u00eddicas y Sociales de la Universidad Nacional del Litoral, Universidad Nacional de Tucum\u00e1n.<\/p><\/blockquote>\n<p>&nbsp;<\/p>\n<p><img data-recalc-dims=\"1\" loading=\"lazy\" decoding=\"async\" class=\"size-full wp-image-98934 aligncenter\" src=\"https:\/\/i0.wp.com\/cdnoticias.com\/wp-content\/uploads\/2023\/10\/HCD-presidencia.jpg?resize=800%2C445&#038;ssl=1\" alt=\"\" width=\"800\" height=\"445\" srcset=\"https:\/\/i0.wp.com\/cdnoticias.com\/wp-content\/uploads\/2023\/10\/HCD-presidencia.jpg?w=1000&amp;ssl=1 1000w, https:\/\/i0.wp.com\/cdnoticias.com\/wp-content\/uploads\/2023\/10\/HCD-presidencia.jpg?resize=300%2C167&amp;ssl=1 300w, https:\/\/i0.wp.com\/cdnoticias.com\/wp-content\/uploads\/2023\/10\/HCD-presidencia.jpg?resize=768%2C427&amp;ssl=1 768w, https:\/\/i0.wp.com\/cdnoticias.com\/wp-content\/uploads\/2023\/10\/HCD-presidencia.jpg?resize=800%2C445&amp;ssl=1 800w\" sizes=\"auto, (max-width: 800px) 100vw, 800px\" \/><\/p>\n<p>&nbsp;<\/p>\n<p>Galdos fue<strong> integrante del grupo de colaboradores de la Comisi\u00f3n de Reformas del Proyecto de C\u00f3digo Civil y Comercial 2012<\/strong> en el \u00e1rea de responsabilidad civil. Es coautor y colaborador de diferentes publicaciones, colecciones y comentarios. Adem\u00e1s, Galdos es autor de m\u00e1s de cien monograf\u00edas, trabajos jur\u00eddicos y comentarios a fallos sobre temas de responsabilidad civil, derecho de da\u00f1os y an\u00e1lisis de la doctrina legal de la Suprema Corte de Buenos Aires.<\/p>\n<p>&nbsp;<\/p>\n<p>Siguiendo con los homenajes, se sancion\u00f3 la ordenanza 5253\/23 que nomina con el nombre de <strong>\u201cDomingo Pedro Miguel Heim\u201d a la calle 4 Bis de la localidad de Colonia Hinojo.<\/strong><\/p>\n<p>&nbsp;<\/p>\n<p>Por \u00faltimo, fueron declarada de<strong> Inter\u00e9s Legislativo Municipal<\/strong> a la<em> 8va Edici\u00f3n del Olavarr\u00eda Drum Fest 2023 \u201cMiguel Galgano\u201d y al 50\u00b0 aniversario de la creaci\u00f3n del modelo de Educaci\u00f3n de j\u00f3venes adultos y adultos mayores de la Argentina<\/em>.<\/p>\n<p>&nbsp;<\/p>\n","protected":false},"excerpt":{"rendered":"<p>Se aprob\u00f3 por unanimidad la declaraci\u00f3n. Adem\u00e1s, se votaron m\u00e1s de 20 ordenanzas que disponen la donaci\u00f3n de inmuebles a<\/p>\n","protected":false},"author":4,"featured_media":98932,"comment_status":"closed","ping_status":"closed","sticky":false,"template":"","format":"standard","meta":{"_jetpack_memberships_contains_paid_content":false,"footnotes":""},"categories":[4,1],"tags":[],"class_list":["post-98931","post","type-post","status-publish","format-standard","has-post-thumbnail","hentry","category-politica","category-portada"],"jetpack_featured_media_url":"https:\/\/i0.wp.com\/cdnoticias.com\/wp-content\/uploads\/2023\/10\/HCD-votacion-00.jpg?fit=1000%2C556&ssl=1","jetpack_sharing_enabled":true,"_links":{"self":[{"href":"https:\/\/cdnoticias.com\/index.php\/wp-json\/wp\/v2\/posts\/98931","targetHints":{"allow":["GET"]}}],"collection":[{"href":"https:\/\/cdnoticias.com\/index.php\/wp-json\/wp\/v2\/posts"}],"about":[{"href":"https:\/\/cdnoticias.com\/index.php\/wp-json\/wp\/v2\/types\/post"}],"author":[{"embeddable":true,"href":"https:\/\/cdnoticias.com\/index.php\/wp-json\/wp\/v2\/users\/4"}],"replies":[{"embeddable":true,"href":"https:\/\/cdnoticias.com\/index.php\/wp-json\/wp\/v2\/comments?post=98931"}],"version-history":[{"count":0,"href":"https:\/\/cdnoticias.com\/index.php\/wp-json\/wp\/v2\/posts\/98931\/revisions"}],"wp:featuredmedia":[{"embeddable":true,"href":"https:\/\/cdnoticias.com\/index.php\/wp-json\/wp\/v2\/media\/98932"}],"wp:attachment":[{"href":"https:\/\/cdnoticias.com\/index.php\/wp-json\/wp\/v2\/media?parent=98931"}],"wp:term":[{"taxonomy":"category","embeddable":true,"href":"https:\/\/cdnoticias.com\/index.php\/wp-json\/wp\/v2\/categories?post=98931"},{"taxonomy":"post_tag","embeddable":true,"href":"https:\/\/cdnoticias.com\/index.php\/wp-json\/wp\/v2\/tags?post=98931"}],"curies":[{"name":"wp","href":"https:\/\/api.w.org\/{rel}","templated":true}]}}