{"id":98924,"date":"2023-10-13T16:34:37","date_gmt":"2023-10-13T19:34:37","guid":{"rendered":"https:\/\/www.centraldenoticias.com.ar\/?p=98924"},"modified":"2023-10-13T16:34:38","modified_gmt":"2023-10-13T19:34:38","slug":"dieron-con-un-auto-que-tenia-pedido-de-secuestro-de-la-plata","status":"publish","type":"post","link":"https:\/\/cdnoticias.com\/index.php\/2023\/10\/13\/dieron-con-un-auto-que-tenia-pedido-de-secuestro-de-la-plata\/","title":{"rendered":"Dieron con un auto que ten\u00eda pedido de secuestro de La Plata"},"content":{"rendered":"<p>La polic\u00eda hall\u00f3 el veh\u00edculo, un Renault Twingo, en Pringles y Elpidio Gonz\u00e1lez. La conductora fue informada de una causa en su contra.<\/p>\n<p><!--more--><\/p>\n<hr \/>\n<p>Este mi\u00e9rcoles fue<strong> recuperado un auto sobre el que pesaba un pedido de secuestro.<\/strong><\/p>\n<p>&nbsp;<\/p>\n<p>Seg\u00fan se inform\u00f3 desde la Comisar\u00eda Primera, el personal policial intercept\u00f3 el rodado en <strong>avenida Pringles y Elpidio Gonz\u00e1lez<\/strong> de nuestra ciudad en un <strong>operativo de control.<\/strong><\/p>\n<p>&nbsp;<\/p>\n<p>Al momento de identificar el veh\u00edculo se detect\u00f3 que<strong> sobre el n\u00famero de dominio se hab\u00eda emitido un pedido de secuestro desde la UFI N\u00ba 7 de La Plata.<\/strong><\/p>\n<p>&nbsp;<\/p>\n<p>Ante la confirmaci\u00f3n,<strong> el auto, un Renault Twingo, fue secuestrado<\/strong> y la conductora fue informada de la formaci\u00f3n de una causa penal en su contra.<\/p>\n<p>&nbsp;<\/p>\n","protected":false},"excerpt":{"rendered":"<p>La polic\u00eda hall\u00f3 el veh\u00edculo, un Renault Twingo, en Pringles y Elpidio Gonz\u00e1lez. La conductora fue informada de una causa<\/p>\n","protected":false},"author":4,"featured_media":98925,"comment_status":"closed","ping_status":"closed","sticky":false,"template":"","format":"standard","meta":{"_jetpack_memberships_contains_paid_content":false,"footnotes":""},"categories":[14],"tags":[],"class_list":["post-98924","post","type-post","status-publish","format-standard","has-post-thumbnail","hentry","category-policiales"],"jetpack_featured_media_url":"https:\/\/i0.wp.com\/cdnoticias.com\/wp-content\/uploads\/2023\/10\/pedido-de-secuestro-pringles-y-gonzalez-00.jpg?fit=1000%2C557&ssl=1","jetpack_sharing_enabled":true,"_links":{"self":[{"href":"https:\/\/cdnoticias.com\/index.php\/wp-json\/wp\/v2\/posts\/98924","targetHints":{"allow":["GET"]}}],"collection":[{"href":"https:\/\/cdnoticias.com\/index.php\/wp-json\/wp\/v2\/posts"}],"about":[{"href":"https:\/\/cdnoticias.com\/index.php\/wp-json\/wp\/v2\/types\/post"}],"author":[{"embeddable":true,"href":"https:\/\/cdnoticias.com\/index.php\/wp-json\/wp\/v2\/users\/4"}],"replies":[{"embeddable":true,"href":"https:\/\/cdnoticias.com\/index.php\/wp-json\/wp\/v2\/comments?post=98924"}],"version-history":[{"count":0,"href":"https:\/\/cdnoticias.com\/index.php\/wp-json\/wp\/v2\/posts\/98924\/revisions"}],"wp:featuredmedia":[{"embeddable":true,"href":"https:\/\/cdnoticias.com\/index.php\/wp-json\/wp\/v2\/media\/98925"}],"wp:attachment":[{"href":"https:\/\/cdnoticias.com\/index.php\/wp-json\/wp\/v2\/media?parent=98924"}],"wp:term":[{"taxonomy":"category","embeddable":true,"href":"https:\/\/cdnoticias.com\/index.php\/wp-json\/wp\/v2\/categories?post=98924"},{"taxonomy":"post_tag","embeddable":true,"href":"https:\/\/cdnoticias.com\/index.php\/wp-json\/wp\/v2\/tags?post=98924"}],"curies":[{"name":"wp","href":"https:\/\/api.w.org\/{rel}","templated":true}]}}