{"id":98907,"date":"2023-10-12T18:08:03","date_gmt":"2023-10-12T21:08:03","guid":{"rendered":"https:\/\/www.centraldenoticias.com.ar\/?p=98907"},"modified":"2023-10-12T18:09:16","modified_gmt":"2023-10-12T21:09:16","slug":"semana-de-las-artes-floreciendo-nuestra-identidad-en-santa-luisa","status":"publish","type":"post","link":"https:\/\/cdnoticias.com\/index.php\/2023\/10\/12\/semana-de-las-artes-floreciendo-nuestra-identidad-en-santa-luisa\/","title":{"rendered":"Semana de las Artes: \u201cFloreciendo nuestra identidad\u201d en Santa Luisa"},"content":{"rendered":"<p>En la Escuela Primaria N\u00b09 se conmemoraron los 40 a\u00f1os de Democracia.\u00a0Estudiantes y docentes hicieron un mural colectivo.<\/p>\n<p><!--more--><\/p>\n<hr \/>\n<p>Durante la<strong> Semana de las Artes<\/strong> en la<strong> localidad de Santa Luisa<\/strong> en la <strong>Escuela Primaria N\u00b09<\/strong> se conmemoraron los <strong>40 a\u00f1os de Democracia.<\/strong><\/p>\n<p>&nbsp;<\/p>\n<p>Esta jornada estuvo a cargo de los <strong>profesores del \u00e1rea de art\u00edstica Natalia Parserisas<\/strong> (de Pl\u00e1stica Visual), <strong>Pierina Marinangeli<\/strong> (de Danza), <strong>Juan Dastugue<\/strong> (de M\u00fasica).<\/p>\n<p>&nbsp;<\/p>\n<p>Se realizaron actividades interdisciplinarias desde el \u00e1rea de m\u00fasica, danza y pl\u00e1stica con el objetivo de <strong>pensar y reflexionar juntos sobre los ejes de identidad y democracia<\/strong>.<\/p>\n<p>&nbsp;<\/p>\n<blockquote><p>Para esta actividad se trabaj\u00f3 con la propuesta de la instituci\u00f3n de Abuelas de Plaza de Mayo, \u201cnos invitaron a reflexionar sobre las identidades de los nietos que fueron recuperados e invitaron a reflexionar y concientizar sobre la importancia de nuestra identidad\u201d se explic\u00f3. La decisi\u00f3n en la escuela fue representarlo con una flor.<\/p><\/blockquote>\n<p>&nbsp;<\/p>\n<p>[soliloquy id=&#8221;98894&#8243;]<\/p>\n<p>&nbsp;<\/p>\n<p>De esa manera, los estudiantes y docentes hicieron cada uno su flor para luego llevarla al <strong>mural colectivo denominado \u201cFloreciendo nuestra identidad\u201d.<\/strong><\/p>\n<p>&nbsp;<\/p>\n<p>El Mural <strong>se inaugur\u00f3 este mi\u00e9rcoles<\/strong> con la participaci\u00f3n de toda la comunidad educativa de la Escuela Primaria N\u00b0 9.<\/p>\n<p>&nbsp;<\/p>\n<p>Durante el pasaje del mural que estaba orientado por la profesora Natalia Parserisas, se vivi\u00f3 una jornada muy emotiva\u00a0 de aprendizaje y resaltar el trabajo colectivo.<em> \u201cFelicitamos a los estudiantes que estuvieron participando juntos a las docentes y auxiliares de la escuela\u201d<\/em>.<\/p>\n<p>&nbsp;<\/p>\n","protected":false},"excerpt":{"rendered":"<p>En la Escuela Primaria N\u00b09 se conmemoraron los 40 a\u00f1os de Democracia.\u00a0Estudiantes y docentes hicieron un mural colectivo.<\/p>\n","protected":false},"author":4,"featured_media":98906,"comment_status":"closed","ping_status":"closed","sticky":false,"template":"","format":"standard","meta":{"_jetpack_memberships_contains_paid_content":false,"footnotes":""},"categories":[5,1],"tags":[],"class_list":["post-98907","post","type-post","status-publish","format-standard","has-post-thumbnail","hentry","category-informacion-general","category-portada"],"jetpack_featured_media_url":"https:\/\/i0.wp.com\/cdnoticias.com\/wp-content\/uploads\/2023\/10\/santa-luisa-escuela-primaria-9-A.jpg?fit=1000%2C555&ssl=1","jetpack_sharing_enabled":true,"_links":{"self":[{"href":"https:\/\/cdnoticias.com\/index.php\/wp-json\/wp\/v2\/posts\/98907","targetHints":{"allow":["GET"]}}],"collection":[{"href":"https:\/\/cdnoticias.com\/index.php\/wp-json\/wp\/v2\/posts"}],"about":[{"href":"https:\/\/cdnoticias.com\/index.php\/wp-json\/wp\/v2\/types\/post"}],"author":[{"embeddable":true,"href":"https:\/\/cdnoticias.com\/index.php\/wp-json\/wp\/v2\/users\/4"}],"replies":[{"embeddable":true,"href":"https:\/\/cdnoticias.com\/index.php\/wp-json\/wp\/v2\/comments?post=98907"}],"version-history":[{"count":0,"href":"https:\/\/cdnoticias.com\/index.php\/wp-json\/wp\/v2\/posts\/98907\/revisions"}],"wp:featuredmedia":[{"embeddable":true,"href":"https:\/\/cdnoticias.com\/index.php\/wp-json\/wp\/v2\/media\/98906"}],"wp:attachment":[{"href":"https:\/\/cdnoticias.com\/index.php\/wp-json\/wp\/v2\/media?parent=98907"}],"wp:term":[{"taxonomy":"category","embeddable":true,"href":"https:\/\/cdnoticias.com\/index.php\/wp-json\/wp\/v2\/categories?post=98907"},{"taxonomy":"post_tag","embeddable":true,"href":"https:\/\/cdnoticias.com\/index.php\/wp-json\/wp\/v2\/tags?post=98907"}],"curies":[{"name":"wp","href":"https:\/\/api.w.org\/{rel}","templated":true}]}}