{"id":9889,"date":"2020-12-24T14:01:02","date_gmt":"2020-12-24T17:01:02","guid":{"rendered":"http:\/\/www.centraldenoticias.com.ar\/?p=9889"},"modified":"2020-12-24T14:01:02","modified_gmt":"2020-12-24T17:01:02","slug":"vacunate-la-web-donde-te-podes-registrar-para-recibir-la-vacuna-contra-el-covid","status":"publish","type":"post","link":"https:\/\/cdnoticias.com\/index.php\/2020\/12\/24\/vacunate-la-web-donde-te-podes-registrar-para-recibir-la-vacuna-contra-el-covid\/","title":{"rendered":"\u201cVacunate\u201d: La web donde te pod\u00e9s registrar para recibir la vacuna contra el Covid\u00a0"},"content":{"rendered":"<p>&nbsp;<\/p>\n<p>El sitio web oficial de la Provincia ofrece informaci\u00f3n sobre el sistema de vacunaci\u00f3n y la posibilidad de registrarte para a futuro gestionar un turno para la aplicaci\u00f3n de la vacuna contra el Covid-19.<!--more--><\/p>\n<hr \/>\n<p>Este jueves, autoridades provinciales brindaron <a href=\"https:\/\/cdnoticias.com\/index.php\/2020\/12\/24\/como-sera-la-vacunacion-contra-el-covid-en-olavarria\/\" target=\"_blank\" rel=\"noopener\">detalles del operativo que se llevar\u00e1 a adelante en el partido de Olavarr\u00eda<\/a>, una vez que se distribuyan las primeras dosis de la vacuna contra el Covid-19.<\/p>\n<p>&nbsp;<\/p>\n<p>En la conferencia se indic\u00f3 que <strong>el plan provincial de vacunaci\u00f3n es p\u00fablico, gratuito y optativo<\/strong> y que se podr\u00e1 acceder a trav\u00e9s de la<strong> solicitud de turnos<\/strong> para que la aplicaci\u00f3n de la vacuna se realice de manera \u00e1gil y ordenada.<\/p>\n<p>&nbsp;<\/p>\n<p>De esta forma, ya est\u00e1 en funcionamiento el sitio web <a href=\"https:\/\/www.gba.gob.ar\/vacunate\/\" target=\"_blank\" rel=\"noopener\">www.vacunatepba.gba.gob.ar<\/a> que, en principio, brinda informaci\u00f3n sobre el plan provincial, las caracter\u00edsticas del operativo, los requisitos para vacunarse, entre otros. Adem\u00e1s, ofrece la posibilidad de <strong>completar un formulario para recibir informaci\u00f3n precisa y novedades respecto a los turnos para la vacunaci\u00f3n.<\/strong><\/p>\n<p>&nbsp;<\/p>\n<blockquote><p>Se aclara que registrarse no implica solicitar un turno, ni una reserva para aplicarse la vacuna. Una vez que las dosis est\u00e9n disponibles y el cronograma de vacunaci\u00f3n est\u00e9 confirmado, recibir\u00e1 una notificaci\u00f3n.<\/p><\/blockquote>\n<p>&nbsp;<\/p>\n<p><strong>Requisitos<\/strong><\/p>\n<p>&nbsp;<\/p>\n<p>Para poder acceder a la vacunaci\u00f3n ten\u00e9s que sacar un turno y en esta primera etapa ten\u00e9s que <strong>tener entre 18 y 59 a\u00f1os y poder acreditar enfermedades preexistentes, ser mayor de 60 a\u00f1os o ser personal de salud, policial o docente y auxiliar.<\/strong><\/p>\n<p>&nbsp;<\/p>\n<p>Uno de los subgrupos de vacunaci\u00f3n prioritaria del plan Vacunate son las personas que padecen<strong> enfermedades preexistentes<\/strong> que aumentan la probabilidad de presentar cuadros graves ante una infecci\u00f3n por coronavirus.<\/p>\n<p>&nbsp;<\/p>\n<p><strong>Lista de enfermedades preexistentes:<\/strong><\/p>\n<p>&nbsp;<\/p>\n<p>Enfermedad Pulmonar Cr\u00f3nica.<\/p>\n<p>Diabetes.<\/p>\n<p>Enfermedad Cardiovascular.<\/p>\n<p>Obesidad.<\/p>\n<p>Enfermedad Renal Cr\u00f3nica.<\/p>\n","protected":false},"excerpt":{"rendered":"<p>&nbsp; El sitio web oficial de la Provincia ofrece informaci\u00f3n sobre el sistema de vacunaci\u00f3n y la posibilidad de registrarte<\/p>\n","protected":false},"author":5,"featured_media":9890,"comment_status":"closed","ping_status":"closed","sticky":false,"template":"","format":"standard","meta":{"_jetpack_memberships_contains_paid_content":false,"footnotes":""},"categories":[5,1],"tags":[],"class_list":["post-9889","post","type-post","status-publish","format-standard","has-post-thumbnail","hentry","category-informacion-general","category-portada"],"jetpack_featured_media_url":"https:\/\/i0.wp.com\/cdnoticias.com\/wp-content\/uploads\/2020\/12\/20201223214401_buenos-aires-vacunate-cronos-noticias.jpg?fit=780%2C440&ssl=1","jetpack_sharing_enabled":true,"_links":{"self":[{"href":"https:\/\/cdnoticias.com\/index.php\/wp-json\/wp\/v2\/posts\/9889","targetHints":{"allow":["GET"]}}],"collection":[{"href":"https:\/\/cdnoticias.com\/index.php\/wp-json\/wp\/v2\/posts"}],"about":[{"href":"https:\/\/cdnoticias.com\/index.php\/wp-json\/wp\/v2\/types\/post"}],"author":[{"embeddable":true,"href":"https:\/\/cdnoticias.com\/index.php\/wp-json\/wp\/v2\/users\/5"}],"replies":[{"embeddable":true,"href":"https:\/\/cdnoticias.com\/index.php\/wp-json\/wp\/v2\/comments?post=9889"}],"version-history":[{"count":0,"href":"https:\/\/cdnoticias.com\/index.php\/wp-json\/wp\/v2\/posts\/9889\/revisions"}],"wp:featuredmedia":[{"embeddable":true,"href":"https:\/\/cdnoticias.com\/index.php\/wp-json\/wp\/v2\/media\/9890"}],"wp:attachment":[{"href":"https:\/\/cdnoticias.com\/index.php\/wp-json\/wp\/v2\/media?parent=9889"}],"wp:term":[{"taxonomy":"category","embeddable":true,"href":"https:\/\/cdnoticias.com\/index.php\/wp-json\/wp\/v2\/categories?post=9889"},{"taxonomy":"post_tag","embeddable":true,"href":"https:\/\/cdnoticias.com\/index.php\/wp-json\/wp\/v2\/tags?post=9889"}],"curies":[{"name":"wp","href":"https:\/\/api.w.org\/{rel}","templated":true}]}}