{"id":9887,"date":"2020-12-24T13:40:09","date_gmt":"2020-12-24T16:40:09","guid":{"rendered":"http:\/\/www.centraldenoticias.com.ar\/?p=9887"},"modified":"2020-12-24T13:40:09","modified_gmt":"2020-12-24T16:40:09","slug":"maria-raquel-mosquera-q-e-p-d","status":"publish","type":"post","link":"https:\/\/cdnoticias.com\/index.php\/2020\/12\/24\/maria-raquel-mosquera-q-e-p-d\/","title":{"rendered":"Mar\u00eda Raquel Mosquera (Q.E.P.D.)"},"content":{"rendered":"<p>Falleci\u00f3 en Olavarr\u00eda el d\u00eda 24 de diciembre a los 52 a\u00f1os de edad. Su hijo Luis Francisco, su compa\u00f1ero Marcelo Masson, su mam\u00e1 Rosa Scavuzzo, sus hermanos Marcelo, Mario y Marcela Mosquera; sus hermanos pol\u00edticos Jorge Pizzano, Karina Rold\u00e1n, Betiana Aranzabet, Viviana Masson y Sergio Jacinto; su madre pol\u00edtica Amanda Messineo; sus sobrinos Celeste, Facundo, Jimena, Joaqu\u00edn, Tom\u00e1s, Victoria y Delfina, Antonella y Fiorella; sus sobrinos nietos Francesca y Bautista y dem\u00e1s deudos participan su fallecimiento.<\/p>\n<p>&nbsp;<\/p>\n<p>Sus restos ser\u00e1n velados en sala de Espa\u00f1a 2942 Dpto. \u201cC\u201d (comienza el 25 de diciembre a las 8:30) y ser\u00e1n inhumados en el cementerio Loma de Paz este viernes a las 10:30, previo responso en la Capilla Ardiente.<\/p>\n","protected":false},"excerpt":{"rendered":"<p>Falleci\u00f3 en Olavarr\u00eda el d\u00eda 24 de diciembre a los 52 a\u00f1os de edad. Su hijo Luis Francisco, su compa\u00f1ero<\/p>\n","protected":false},"author":5,"featured_media":0,"comment_status":"closed","ping_status":"closed","sticky":false,"template":"","format":"standard","meta":{"_jetpack_memberships_contains_paid_content":false,"footnotes":""},"categories":[10],"tags":[],"class_list":["post-9887","post","type-post","status-publish","format-standard","hentry","category-necrologicas"],"jetpack_featured_media_url":"","jetpack_sharing_enabled":true,"_links":{"self":[{"href":"https:\/\/cdnoticias.com\/index.php\/wp-json\/wp\/v2\/posts\/9887","targetHints":{"allow":["GET"]}}],"collection":[{"href":"https:\/\/cdnoticias.com\/index.php\/wp-json\/wp\/v2\/posts"}],"about":[{"href":"https:\/\/cdnoticias.com\/index.php\/wp-json\/wp\/v2\/types\/post"}],"author":[{"embeddable":true,"href":"https:\/\/cdnoticias.com\/index.php\/wp-json\/wp\/v2\/users\/5"}],"replies":[{"embeddable":true,"href":"https:\/\/cdnoticias.com\/index.php\/wp-json\/wp\/v2\/comments?post=9887"}],"version-history":[{"count":0,"href":"https:\/\/cdnoticias.com\/index.php\/wp-json\/wp\/v2\/posts\/9887\/revisions"}],"wp:attachment":[{"href":"https:\/\/cdnoticias.com\/index.php\/wp-json\/wp\/v2\/media?parent=9887"}],"wp:term":[{"taxonomy":"category","embeddable":true,"href":"https:\/\/cdnoticias.com\/index.php\/wp-json\/wp\/v2\/categories?post=9887"},{"taxonomy":"post_tag","embeddable":true,"href":"https:\/\/cdnoticias.com\/index.php\/wp-json\/wp\/v2\/tags?post=9887"}],"curies":[{"name":"wp","href":"https:\/\/api.w.org\/{rel}","templated":true}]}}