{"id":98853,"date":"2023-10-11T19:07:04","date_gmt":"2023-10-11T22:07:04","guid":{"rendered":"https:\/\/www.centraldenoticias.com.ar\/?p=98853"},"modified":"2023-10-11T19:07:05","modified_gmt":"2023-10-11T22:07:05","slug":"planta-de-clasificacion-culminaron-las-obras-de-construccion-del-sum-y-vestuarios","status":"publish","type":"post","link":"https:\/\/cdnoticias.com\/index.php\/2023\/10\/11\/planta-de-clasificacion-culminaron-las-obras-de-construccion-del-sum-y-vestuarios\/","title":{"rendered":"Planta de Clasificaci\u00f3n: Culminaron las obras de construcci\u00f3n del SUM y vestuarios"},"content":{"rendered":"<p>Las obras demandaron una inversi\u00f3n superior a los 20 millones de pesos y se enmarcaron en las labores de ampliaci\u00f3n e incorporaci\u00f3n de equipamiento que se vienen ejecutando desde hace ya varios meses. <!--more--><\/p>\n<hr \/>\n<p>En la ma\u00f1ana de este mi\u00e9rcoles <strong>el intendente Ezequiel Galli,<\/strong> junto a funcionarios de distintas \u00e1reas de la Municipalidad de Olavarr\u00eda,<strong> visitaron la planta de clasificaci\u00f3n de residuos del Relleno Sanitario,<\/strong> donde recientemente culminaron una serie de obras que<strong> permiten optimizar el predio<\/strong> tanto para su funcionamiento en lo que es el tratamiento de los materiales que all\u00ed arriban, como as\u00ed tambi\u00e9n para las condiciones de trabajo para el personal que se desempe\u00f1an en ese lugar.<\/p>\n<p>&nbsp;<\/p>\n<p>En ese sentido, la actividad tuvo como objetivo conocer y recorrer los flamantes espacios que fueron construidos con recursos municipales. Se trata de un <strong>Sal\u00f3n de Usos M\u00faltiples y vestuarios,<\/strong> para que Olavarr\u00eda cuente con una <strong>planta industrial de clasificaci\u00f3n de residuos de primer nivel.<\/strong><\/p>\n<p>&nbsp;<\/p>\n<p>En la actividad el jefe comunal estuvo acompa\u00f1ado por el secretario de Mantenimiento y Obras P\u00fablicas Julio Ferraro, el secretario de Desarrollo Econ\u00f3mico Julio Valetutto y Gustavo N\u00fa\u00f1ez, en representaci\u00f3n de la Direcci\u00f3n de Desarrollo Sustentable. Fueron recibidos por personal de la firma Malvinas, quienes encabezaron la visita y la recorrida.<\/p>\n<p>&nbsp;<\/p>\n<p><img data-recalc-dims=\"1\" loading=\"lazy\" decoding=\"async\" class=\"aligncenter wp-image-98854 size-large\" src=\"https:\/\/i0.wp.com\/cdnoticias.com\/wp-content\/uploads\/2023\/10\/Obras-Vestuarios-Giro-2-scaled-1.jpg?resize=800%2C534&#038;ssl=1\" alt=\"\" width=\"800\" height=\"534\" srcset=\"https:\/\/i0.wp.com\/cdnoticias.com\/wp-content\/uploads\/2023\/10\/Obras-Vestuarios-Giro-2-scaled-1.jpg?resize=1024%2C684&amp;ssl=1 1024w, https:\/\/i0.wp.com\/cdnoticias.com\/wp-content\/uploads\/2023\/10\/Obras-Vestuarios-Giro-2-scaled-1.jpg?resize=300%2C201&amp;ssl=1 300w, https:\/\/i0.wp.com\/cdnoticias.com\/wp-content\/uploads\/2023\/10\/Obras-Vestuarios-Giro-2-scaled-1.jpg?resize=768%2C513&amp;ssl=1 768w, https:\/\/i0.wp.com\/cdnoticias.com\/wp-content\/uploads\/2023\/10\/Obras-Vestuarios-Giro-2-scaled-1.jpg?resize=1536%2C1027&amp;ssl=1 1536w, https:\/\/i0.wp.com\/cdnoticias.com\/wp-content\/uploads\/2023\/10\/Obras-Vestuarios-Giro-2-scaled-1.jpg?resize=2048%2C1369&amp;ssl=1 2048w, https:\/\/i0.wp.com\/cdnoticias.com\/wp-content\/uploads\/2023\/10\/Obras-Vestuarios-Giro-2-scaled-1.jpg?resize=272%2C182&amp;ssl=1 272w, https:\/\/i0.wp.com\/cdnoticias.com\/wp-content\/uploads\/2023\/10\/Obras-Vestuarios-Giro-2-scaled-1.jpg?w=1600&amp;ssl=1 1600w, https:\/\/i0.wp.com\/cdnoticias.com\/wp-content\/uploads\/2023\/10\/Obras-Vestuarios-Giro-2-scaled-1.jpg?w=2400&amp;ssl=1 2400w\" sizes=\"auto, (max-width: 800px) 100vw, 800px\" \/><\/p>\n<p>&nbsp;<\/p>\n<p>Se recuerda que el Relleno Sanitario del Partido de Olavarr\u00eda se encuentra localizado en la<strong> zona de Ituzaing\u00f3 Norte,<\/strong> puntualmente sobre la prolongaci\u00f3n de avenida Ituzaing\u00f3 8500, a unos 3500 metros del cruce con la Ruta Nacional 226, sitio hacia donde son transportados los residuos generados en el tejido urbano de la ciudad de Olavarr\u00eda.<\/p>\n<p>&nbsp;<\/p>\n<p>Las <strong>obras demandaron una inversi\u00f3n superior a los 20 millones de pesos<\/strong> y se enmarcaron en las labores de ampliaci\u00f3n e incorporaci\u00f3n de equipamiento que se vienen ejecutando desde hace ya varios meses. Se trata de una nueva edificaci\u00f3n, que oficia de sal\u00f3n de estar y vestuarios completamente equipados para el personal de la planta, con una superficie total de 145 metros cuadrados cubiertos.<\/p>\n<p>&nbsp;<\/p>\n<p>Esta ampliaci\u00f3n permite una optimizaci\u00f3n en la rutina laboral y, de esta manera, se podr\u00e1n recuperar de forma efectiva materiales reciclables y compostables, con la finalidad de reducir la cantidad de residuos que terminan en el Relleno Sanitario.<\/p>\n","protected":false},"excerpt":{"rendered":"<p>Las obras demandaron una inversi\u00f3n superior a los 20 millones de pesos y se enmarcaron en las labores de ampliaci\u00f3n<\/p>\n","protected":false},"author":6,"featured_media":98855,"comment_status":"closed","ping_status":"closed","sticky":false,"template":"","format":"standard","meta":{"_jetpack_memberships_contains_paid_content":false,"footnotes":""},"categories":[5,1],"tags":[],"class_list":["post-98853","post","type-post","status-publish","format-standard","has-post-thumbnail","hentry","category-informacion-general","category-portada"],"jetpack_featured_media_url":"https:\/\/i0.wp.com\/cdnoticias.com\/wp-content\/uploads\/2023\/10\/Obras-Vestuarios-Giro-1-scaled-1.jpg?fit=2560%2C1711&ssl=1","jetpack_sharing_enabled":true,"_links":{"self":[{"href":"https:\/\/cdnoticias.com\/index.php\/wp-json\/wp\/v2\/posts\/98853","targetHints":{"allow":["GET"]}}],"collection":[{"href":"https:\/\/cdnoticias.com\/index.php\/wp-json\/wp\/v2\/posts"}],"about":[{"href":"https:\/\/cdnoticias.com\/index.php\/wp-json\/wp\/v2\/types\/post"}],"author":[{"embeddable":true,"href":"https:\/\/cdnoticias.com\/index.php\/wp-json\/wp\/v2\/users\/6"}],"replies":[{"embeddable":true,"href":"https:\/\/cdnoticias.com\/index.php\/wp-json\/wp\/v2\/comments?post=98853"}],"version-history":[{"count":0,"href":"https:\/\/cdnoticias.com\/index.php\/wp-json\/wp\/v2\/posts\/98853\/revisions"}],"wp:featuredmedia":[{"embeddable":true,"href":"https:\/\/cdnoticias.com\/index.php\/wp-json\/wp\/v2\/media\/98855"}],"wp:attachment":[{"href":"https:\/\/cdnoticias.com\/index.php\/wp-json\/wp\/v2\/media?parent=98853"}],"wp:term":[{"taxonomy":"category","embeddable":true,"href":"https:\/\/cdnoticias.com\/index.php\/wp-json\/wp\/v2\/categories?post=98853"},{"taxonomy":"post_tag","embeddable":true,"href":"https:\/\/cdnoticias.com\/index.php\/wp-json\/wp\/v2\/tags?post=98853"}],"curies":[{"name":"wp","href":"https:\/\/api.w.org\/{rel}","templated":true}]}}