{"id":9885,"date":"2020-12-24T13:39:44","date_gmt":"2020-12-24T16:39:44","guid":{"rendered":"http:\/\/www.centraldenoticias.com.ar\/?p=9885"},"modified":"2020-12-24T13:39:44","modified_gmt":"2020-12-24T16:39:44","slug":"emma-maria-ruffini-viuda-de-alves-q-e-p-d","status":"publish","type":"post","link":"https:\/\/cdnoticias.com\/index.php\/2020\/12\/24\/emma-maria-ruffini-viuda-de-alves-q-e-p-d\/","title":{"rendered":"Emma Mar\u00eda Ruffini viuda de Alves (Q.E.P.D.)"},"content":{"rendered":"<p>Falleci\u00f3 en Olavarr\u00eda el 24 de diciembre a los 91 a\u00f1os. Sus hijos Daniel y Fabi\u00e1n; sus hijas pol\u00edticas Mar\u00eda Luisa y Virginia; su hermana Mari; sus sobrinos, nietos, bisnietos y dem\u00e1s deudos participan su fallecimiento.<\/p>\n<p>&nbsp;<\/p>\n<p>Sus restos ser\u00e1n velados en sala de Espa\u00f1a 2942 Dpto. \u201cB\u201d (comienza el 25 de diciembre a las 6:30) y ser\u00e1n inhumados en el cementerio Loma de Paz, este viernes a las 8:30, previo responso en la Capilla Ardiente. Vecina de barrio AOMA. Jubilada y Pensionada.<\/p>\n","protected":false},"excerpt":{"rendered":"<p>Falleci\u00f3 en Olavarr\u00eda el 24 de diciembre a los 91 a\u00f1os. Sus hijos Daniel y Fabi\u00e1n; sus hijas pol\u00edticas Mar\u00eda<\/p>\n","protected":false},"author":5,"featured_media":0,"comment_status":"closed","ping_status":"closed","sticky":false,"template":"","format":"standard","meta":{"_jetpack_memberships_contains_paid_content":false,"footnotes":""},"categories":[10],"tags":[],"class_list":["post-9885","post","type-post","status-publish","format-standard","hentry","category-necrologicas"],"jetpack_featured_media_url":"","jetpack_sharing_enabled":true,"_links":{"self":[{"href":"https:\/\/cdnoticias.com\/index.php\/wp-json\/wp\/v2\/posts\/9885","targetHints":{"allow":["GET"]}}],"collection":[{"href":"https:\/\/cdnoticias.com\/index.php\/wp-json\/wp\/v2\/posts"}],"about":[{"href":"https:\/\/cdnoticias.com\/index.php\/wp-json\/wp\/v2\/types\/post"}],"author":[{"embeddable":true,"href":"https:\/\/cdnoticias.com\/index.php\/wp-json\/wp\/v2\/users\/5"}],"replies":[{"embeddable":true,"href":"https:\/\/cdnoticias.com\/index.php\/wp-json\/wp\/v2\/comments?post=9885"}],"version-history":[{"count":0,"href":"https:\/\/cdnoticias.com\/index.php\/wp-json\/wp\/v2\/posts\/9885\/revisions"}],"wp:attachment":[{"href":"https:\/\/cdnoticias.com\/index.php\/wp-json\/wp\/v2\/media?parent=9885"}],"wp:term":[{"taxonomy":"category","embeddable":true,"href":"https:\/\/cdnoticias.com\/index.php\/wp-json\/wp\/v2\/categories?post=9885"},{"taxonomy":"post_tag","embeddable":true,"href":"https:\/\/cdnoticias.com\/index.php\/wp-json\/wp\/v2\/tags?post=9885"}],"curies":[{"name":"wp","href":"https:\/\/api.w.org\/{rel}","templated":true}]}}