{"id":98841,"date":"2023-10-11T16:40:13","date_gmt":"2023-10-11T19:40:13","guid":{"rendered":"https:\/\/www.centraldenoticias.com.ar\/?p=98841"},"modified":"2023-10-11T16:40:13","modified_gmt":"2023-10-11T19:40:13","slug":"pablo-ernesto-novoa-rojas-chileno-q-e-p-d","status":"publish","type":"post","link":"https:\/\/cdnoticias.com\/index.php\/2023\/10\/11\/pablo-ernesto-novoa-rojas-chileno-q-e-p-d\/","title":{"rendered":"Pablo Ernesto Novoa Rojas \u201cChileno\u201d (Q.E.P.D)"},"content":{"rendered":"<p>Falleci\u00f3 en Olavarr\u00eda el 11 de octubre de 2023 a los 71 a\u00f1os.<\/p>\n<p>&nbsp;<\/p>\n<p>Sus restos ser\u00e1n velados en la sala de Espa\u00f1a 2942 departamento \u201cD\u201d desde las 20:00 horas de este mi\u00e9rcoles e inhumados en el Cementerio Loma de Paz el jueves 12 de octubre a las 08:30 horas. Servicio adherido a Coopelectric.<\/p>\n<p>&nbsp;<\/p>\n<p>Nacido en Chile, jubilado.<\/p>\n","protected":false},"excerpt":{"rendered":"<p>Falleci\u00f3 en Olavarr\u00eda el 11 de octubre de 2023 a los 71 a\u00f1os. &nbsp; Sus restos ser\u00e1n velados en la<\/p>\n","protected":false},"author":2,"featured_media":67646,"comment_status":"closed","ping_status":"closed","sticky":false,"template":"","format":"standard","meta":{"_jetpack_memberships_contains_paid_content":false,"footnotes":""},"categories":[10],"tags":[],"class_list":["post-98841","post","type-post","status-publish","format-standard","has-post-thumbnail","hentry","category-necrologicas"],"jetpack_featured_media_url":"https:\/\/i0.wp.com\/cdnoticias.com\/wp-content\/uploads\/2022\/10\/necrologicas-390-x-240.jpg?fit=390%2C240&ssl=1","jetpack_sharing_enabled":true,"_links":{"self":[{"href":"https:\/\/cdnoticias.com\/index.php\/wp-json\/wp\/v2\/posts\/98841","targetHints":{"allow":["GET"]}}],"collection":[{"href":"https:\/\/cdnoticias.com\/index.php\/wp-json\/wp\/v2\/posts"}],"about":[{"href":"https:\/\/cdnoticias.com\/index.php\/wp-json\/wp\/v2\/types\/post"}],"author":[{"embeddable":true,"href":"https:\/\/cdnoticias.com\/index.php\/wp-json\/wp\/v2\/users\/2"}],"replies":[{"embeddable":true,"href":"https:\/\/cdnoticias.com\/index.php\/wp-json\/wp\/v2\/comments?post=98841"}],"version-history":[{"count":0,"href":"https:\/\/cdnoticias.com\/index.php\/wp-json\/wp\/v2\/posts\/98841\/revisions"}],"wp:featuredmedia":[{"embeddable":true,"href":"https:\/\/cdnoticias.com\/index.php\/wp-json\/wp\/v2\/media\/67646"}],"wp:attachment":[{"href":"https:\/\/cdnoticias.com\/index.php\/wp-json\/wp\/v2\/media?parent=98841"}],"wp:term":[{"taxonomy":"category","embeddable":true,"href":"https:\/\/cdnoticias.com\/index.php\/wp-json\/wp\/v2\/categories?post=98841"},{"taxonomy":"post_tag","embeddable":true,"href":"https:\/\/cdnoticias.com\/index.php\/wp-json\/wp\/v2\/tags?post=98841"}],"curies":[{"name":"wp","href":"https:\/\/api.w.org\/{rel}","templated":true}]}}