{"id":98837,"date":"2023-10-11T15:33:44","date_gmt":"2023-10-11T18:33:44","guid":{"rendered":"https:\/\/www.centraldenoticias.com.ar\/?p=98837"},"modified":"2023-10-11T20:12:03","modified_gmt":"2023-10-11T23:12:03","slug":"ezequiel-galli-voy-a-denunciar-penalmente-a-estela-garcia-por-calumnias-e-injurias","status":"publish","type":"post","link":"https:\/\/cdnoticias.com\/index.php\/2023\/10\/11\/ezequiel-galli-voy-a-denunciar-penalmente-a-estela-garcia-por-calumnias-e-injurias\/","title":{"rendered":"Ezequiel Galli: \u201cVoy a denunciar penalmente a Estela Garc\u00eda por calumnias e injurias\u201d"},"content":{"rendered":"<p>Dijo que \u201csiguen intentando ensuciarme\u201d y que \u201cnunca ped\u00ed a la ex Directora de Catastro que ponga un terreno a mi nombre\u201d. Adem\u00e1s, dijo que \u201cnunca la acus\u00e9 de cometer irregularidades\u201d y dijo que se trata de una \u201coperaci\u00f3n pol\u00edtica y medi\u00e1tica\u201d.<!--more--><\/p>\n<hr \/>\n<p>Luego de conocerse<a href=\"https:\/\/cdnoticias.com\/index.php\/2023\/10\/11\/la-ex-directora-de-catastro-cruzo-a-galli-tras-su-mencion-en-el-debate\/\" target=\"_blank\" rel=\"noopener\"> la grave acusaci\u00f3n de la ex funcionaria Estela Garc\u00eda contra el Intendente Galli<\/a>, <strong>el jefe comunal emiti\u00f3 un comunicado en el que se\u00f1al\u00f3 que la denunciar\u00e1 penalmente por calumnias e injurias.<\/strong> Dijo que es \u201cllamativa y alarmante\u201d la <em>\u201ccoordinaci\u00f3n entre la pregunta del candidato de Uni\u00f3n por la Patria Maximiliano Wesner y la publicaci\u00f3n en redes sociales de la ex funcionaria\u201d<\/em> y que<strong> nunca la acus\u00f3 de cometer irregularidades ni tampoco pidi\u00f3 que ponga un terreno a su nombre.<\/strong><\/p>\n<p>En el comunicado se\u00f1al\u00f3 que durante el debate organizado por la FIO<em> \u201cexpliqu\u00e9 que los motivos de la desvinculaci\u00f3n de la ex Directora de Catastro Estela Garc\u00eda me los reservaba y que eran parte de mis facultades, porque fue por cuestiones operativas dentro del \u00e1rea<strong>. Nunca la acus\u00e9 de cometer irregularidades<\/strong>\u201d.<\/em><\/p>\n<blockquote><p>\u201cSiguen intentando ensuciarme, nunca ped\u00ed a la ex Directora de Catastro que ponga un terreno a mi nombre\u201d.<\/p><\/blockquote>\n<p>Se\u00f1al\u00f3 que una de las razones por la que decidi\u00f3 desplazar del cargo a la funcionaria<em><strong> \u201cfue la mala praxis profesional que, entre otras cosas, motiv\u00f3 un juicio contra el Municipio y gener\u00f3 p\u00e9rdidas para el erario municipal\u201d.<\/strong><\/em><\/p>\n<p>Pero adem\u00e1s, Galli indic\u00f3 en su comunicado que esto coincide<em> \u201ccon los motivos que ella brinda en su declaraci\u00f3n testimonial bajo juramento de decir verdad en el marco de causa penal de los terrenos 5387\/20 del 18 de febrero de 2022 en la UFI N\u00b04, donde hace referencia a lo expuesto cuando es consultada por la Fiscal\u00eda \u2018si luego de que fue separada de la Direcci\u00f3n de Catastro indag\u00f3 sobre las razones con alg\u00fan otro funcionario dice: me dijo alg\u00fan conocido que fue porque el Municipio perdi\u00f3 un juicio culpa m\u00eda\u2019\u201d.<\/em><\/p>\n<blockquote class=\"twitter-tweet\">\n<p dir=\"ltr\" lang=\"qme\">\ud83d\udc47\ud83c\udffd <a href=\"https:\/\/t.co\/IUOqj7O17a\">pic.twitter.com\/IUOqj7O17a<\/a><\/p>\n<p>\u2014 Ezequiel Galli (@ezequielgalli) <a href=\"https:\/\/twitter.com\/ezequielgalli\/status\/1712154041994674645?ref_src=twsrc%5Etfw\">October 11, 2023<\/a><\/p><\/blockquote>\n<p><script async src=\"https:\/\/platform.twitter.com\/widgets.js\" charset=\"utf-8\"><\/script><\/p>\n<p>En esa misma declaraci\u00f3n, Garc\u00eda afirma, seg\u00fan lo expresado por el jefe comunal,<strong><em> \u201cquiero aclarar que yo escuch\u00e9 por los medios que Peralta dice algo as\u00ed como esto se hizo siempre y, la verdad, es que yo en 30 a\u00f1os que estuve ah\u00ed (direcci\u00f3n de Catastro) nunca me enter\u00e9 de nada, esto me sorprende. Ni antes con Eseverri ni luego con Galli\u201d.<\/em><\/strong><\/p>\n<blockquote><p>Es por ello que el Intendente instruy\u00f3 a su abogado<em> \u201cpara que inicie una acci\u00f3n penal por calumnias e injurias en la UFI de turno, a fines de que se retracte de sus dichos y las consecuencias econ\u00f3micas ser\u00e1n donadas a una entidad de bien p\u00fablico del Partido\u201d.<\/em><\/p><\/blockquote>\n<p>Luego se meti\u00f3 en el plano pol\u00edtico, donde catalog\u00f3 de<strong><em> \u201cllamativa y alarmante\u201d<\/em><\/strong> la<em> \u201cla coordinaci\u00f3n que existi\u00f3 entre la pregunta del candidato de Uni\u00f3n por la Patria Maximiliano Wesner y la publicaci\u00f3n en redes sociales de la ex funcionaria\u201d.<\/em><\/p>\n<blockquote><p>\u201cHasta hace unos d\u00edas desde esa agrupaci\u00f3n pol\u00edtica denunciaban una campa\u00f1a violenta. Hoy volvemos a repetirles lo mismo: violencia es mentir y ensuciar de la manera que lo intentan hacer\u201d.<\/p><\/blockquote>\n<p>Finalmente, lament\u00f3 <strong><em>\u201cprofundamente que, tras haber transitado un debate en paz y en el 40 aniversario de la democracia, tengamos que padecer operaciones pol\u00edticas y medi\u00e1ticas con fines electorales\u201d<\/em><\/strong> cerr\u00f3.<\/p>\n","protected":false},"excerpt":{"rendered":"<p>Dijo que \u201csiguen intentando ensuciarme\u201d y que \u201cnunca ped\u00ed a la ex Directora de Catastro que ponga un terreno a<\/p>\n","protected":false},"author":2,"featured_media":98724,"comment_status":"closed","ping_status":"closed","sticky":false,"template":"","format":"standard","meta":{"_jetpack_memberships_contains_paid_content":false,"footnotes":""},"categories":[4,1],"tags":[],"class_list":["post-98837","post","type-post","status-publish","format-standard","has-post-thumbnail","hentry","category-politica","category-portada"],"jetpack_featured_media_url":"https:\/\/i0.wp.com\/cdnoticias.com\/wp-content\/uploads\/2023\/10\/DebateFIO2023-29.jpg?fit=1024%2C680&ssl=1","jetpack_sharing_enabled":true,"_links":{"self":[{"href":"https:\/\/cdnoticias.com\/index.php\/wp-json\/wp\/v2\/posts\/98837","targetHints":{"allow":["GET"]}}],"collection":[{"href":"https:\/\/cdnoticias.com\/index.php\/wp-json\/wp\/v2\/posts"}],"about":[{"href":"https:\/\/cdnoticias.com\/index.php\/wp-json\/wp\/v2\/types\/post"}],"author":[{"embeddable":true,"href":"https:\/\/cdnoticias.com\/index.php\/wp-json\/wp\/v2\/users\/2"}],"replies":[{"embeddable":true,"href":"https:\/\/cdnoticias.com\/index.php\/wp-json\/wp\/v2\/comments?post=98837"}],"version-history":[{"count":0,"href":"https:\/\/cdnoticias.com\/index.php\/wp-json\/wp\/v2\/posts\/98837\/revisions"}],"wp:featuredmedia":[{"embeddable":true,"href":"https:\/\/cdnoticias.com\/index.php\/wp-json\/wp\/v2\/media\/98724"}],"wp:attachment":[{"href":"https:\/\/cdnoticias.com\/index.php\/wp-json\/wp\/v2\/media?parent=98837"}],"wp:term":[{"taxonomy":"category","embeddable":true,"href":"https:\/\/cdnoticias.com\/index.php\/wp-json\/wp\/v2\/categories?post=98837"},{"taxonomy":"post_tag","embeddable":true,"href":"https:\/\/cdnoticias.com\/index.php\/wp-json\/wp\/v2\/tags?post=98837"}],"curies":[{"name":"wp","href":"https:\/\/api.w.org\/{rel}","templated":true}]}}