{"id":98812,"date":"2023-10-11T12:19:43","date_gmt":"2023-10-11T15:19:43","guid":{"rendered":"https:\/\/www.centraldenoticias.com.ar\/?p=98812"},"modified":"2023-10-11T15:34:47","modified_gmt":"2023-10-11T18:34:47","slug":"sesiona-el-concejo-deliberante-habra-39-expedientes-en-debate","status":"publish","type":"post","link":"https:\/\/cdnoticias.com\/index.php\/2023\/10\/11\/sesiona-el-concejo-deliberante-habra-39-expedientes-en-debate\/","title":{"rendered":"Sesiona el Concejo Deliberante: habr\u00e1 39 expedientes en debate"},"content":{"rendered":"<p>Se tratar\u00e1 el proyecto de distinci\u00f3n como Ciudadano Ilustre de Olavarr\u00eda al doctor Jorge Mario Galdos, ex integrante de la C\u00e1mara de Apelaciones en lo Civil y Comercial del Departamento Judicial de Azul.<\/p>\n<p><!--more--><\/p>\n<hr \/>\n<p><strong>La presidenta del Concejo Deliberante, Cecilia Krivochen<\/strong> encabez\u00f3 la reuni\u00f3n de la comisi\u00f3n de<strong> Labor Parlamentaria<\/strong> en la que qued\u00f3 definido el Orden del D\u00eda de la <strong>14\u00b0 sesi\u00f3n ordinaria<\/strong> del periodo 2023 a realizarse<strong> este jueves desde las 9<\/strong> en la sede de la Sociedad Espa\u00f1ola.<\/p>\n<p>&nbsp;<\/p>\n<blockquote><p>De la reuni\u00f3n participaron los concejales, Mart\u00edn Endere (Juntos), Mercedes Landivar (Uni\u00f3n por la Patria), In\u00e9s Creimer (Foro Olavarr\u00eda-Frente Renovador en Uni\u00f3n por la Patria), Celeste Arouxet (Ahora Olavarr\u00eda) y Sebasti\u00e1n Matrella (UCR-Juntos).<\/p><\/blockquote>\n<p>&nbsp;<\/p>\n<p><img data-recalc-dims=\"1\" loading=\"lazy\" decoding=\"async\" class=\"size-full wp-image-98815 aligncenter\" src=\"https:\/\/i0.wp.com\/cdnoticias.com\/wp-content\/uploads\/2023\/10\/HCD-jorge-mario-galdos.jpg?resize=800%2C445&#038;ssl=1\" alt=\"\" width=\"800\" height=\"445\" srcset=\"https:\/\/i0.wp.com\/cdnoticias.com\/wp-content\/uploads\/2023\/10\/HCD-jorge-mario-galdos.jpg?w=800&amp;ssl=1 800w, https:\/\/i0.wp.com\/cdnoticias.com\/wp-content\/uploads\/2023\/10\/HCD-jorge-mario-galdos.jpg?resize=300%2C167&amp;ssl=1 300w, https:\/\/i0.wp.com\/cdnoticias.com\/wp-content\/uploads\/2023\/10\/HCD-jorge-mario-galdos.jpg?resize=768%2C427&amp;ssl=1 768w\" sizes=\"auto, (max-width: 800px) 100vw, 800px\" \/><\/p>\n<p>&nbsp;<\/p>\n<p>Durante la 14\u00b0 sesi\u00f3n ordinaria <strong>se pondr\u00e1n en consideraci\u00f3n un total de 39 expedientes<\/strong> de los cuales 28 son proyectos de Ordenanza donando inmuebles a vecinos y vecinas de Olavarr\u00eda y las localidades. Estos expedientes cuentan con despacho de la comisi\u00f3n de Legislaci\u00f3n.<\/p>\n<p>&nbsp;<\/p>\n<p>Al mismo tiempo, la presidencia del HCD informa que se tratar\u00e1 el proyecto de Ordenanza que<strong> distingue como Ciudadano Ilustre de Olavarr\u00eda al doctor Jorge Mario Galdos<\/strong>, ex integrante de la C\u00e1mara de Apelaciones en lo Civil y Comercial del Departamento Judicial de Azul. El reconocimiento al jurista se concreta tras una presentaci\u00f3n realizada por el doctor Adolfo Rocha Campos.<\/p>\n<p>&nbsp;<\/p>\n<p>Por \u00faltimo, se informa que la comisi\u00f3n de Labor Parlamentaria determin\u00f3 darle <strong>ingreso a 34 expedientes<\/strong> que hab\u00edan sido presentados en t\u00e9rmino reglamentario y que ahora <strong>ser\u00e1n analizados por las distintas comisiones.<\/strong><\/p>\n<p>&nbsp;<\/p>\n<p><img data-recalc-dims=\"1\" loading=\"lazy\" decoding=\"async\" class=\"size-full wp-image-98814 aligncenter\" src=\"https:\/\/i0.wp.com\/cdnoticias.com\/wp-content\/uploads\/2023\/10\/HCD-cecilia-krivochen-juan-fal.jpg?resize=800%2C445&#038;ssl=1\" alt=\"\" width=\"800\" height=\"445\" srcset=\"https:\/\/i0.wp.com\/cdnoticias.com\/wp-content\/uploads\/2023\/10\/HCD-cecilia-krivochen-juan-fal.jpg?w=1000&amp;ssl=1 1000w, https:\/\/i0.wp.com\/cdnoticias.com\/wp-content\/uploads\/2023\/10\/HCD-cecilia-krivochen-juan-fal.jpg?resize=300%2C167&amp;ssl=1 300w, https:\/\/i0.wp.com\/cdnoticias.com\/wp-content\/uploads\/2023\/10\/HCD-cecilia-krivochen-juan-fal.jpg?resize=768%2C427&amp;ssl=1 768w, https:\/\/i0.wp.com\/cdnoticias.com\/wp-content\/uploads\/2023\/10\/HCD-cecilia-krivochen-juan-fal.jpg?resize=800%2C445&amp;ssl=1 800w\" sizes=\"auto, (max-width: 800px) 100vw, 800px\" \/><\/p>\n","protected":false},"excerpt":{"rendered":"<p>Se tratar\u00e1 el proyecto de distinci\u00f3n como Ciudadano Ilustre de Olavarr\u00eda al doctor Jorge Mario Galdos, ex integrante de la<\/p>\n","protected":false},"author":4,"featured_media":98813,"comment_status":"closed","ping_status":"closed","sticky":false,"template":"","format":"standard","meta":{"_jetpack_memberships_contains_paid_content":false,"footnotes":""},"categories":[4,1],"tags":[],"class_list":["post-98812","post","type-post","status-publish","format-standard","has-post-thumbnail","hentry","category-politica","category-portada"],"jetpack_featured_media_url":"https:\/\/i0.wp.com\/cdnoticias.com\/wp-content\/uploads\/2023\/10\/HCD-labor-parlamentaria.jpg?fit=1000%2C557&ssl=1","jetpack_sharing_enabled":true,"_links":{"self":[{"href":"https:\/\/cdnoticias.com\/index.php\/wp-json\/wp\/v2\/posts\/98812","targetHints":{"allow":["GET"]}}],"collection":[{"href":"https:\/\/cdnoticias.com\/index.php\/wp-json\/wp\/v2\/posts"}],"about":[{"href":"https:\/\/cdnoticias.com\/index.php\/wp-json\/wp\/v2\/types\/post"}],"author":[{"embeddable":true,"href":"https:\/\/cdnoticias.com\/index.php\/wp-json\/wp\/v2\/users\/4"}],"replies":[{"embeddable":true,"href":"https:\/\/cdnoticias.com\/index.php\/wp-json\/wp\/v2\/comments?post=98812"}],"version-history":[{"count":0,"href":"https:\/\/cdnoticias.com\/index.php\/wp-json\/wp\/v2\/posts\/98812\/revisions"}],"wp:featuredmedia":[{"embeddable":true,"href":"https:\/\/cdnoticias.com\/index.php\/wp-json\/wp\/v2\/media\/98813"}],"wp:attachment":[{"href":"https:\/\/cdnoticias.com\/index.php\/wp-json\/wp\/v2\/media?parent=98812"}],"wp:term":[{"taxonomy":"category","embeddable":true,"href":"https:\/\/cdnoticias.com\/index.php\/wp-json\/wp\/v2\/categories?post=98812"},{"taxonomy":"post_tag","embeddable":true,"href":"https:\/\/cdnoticias.com\/index.php\/wp-json\/wp\/v2\/tags?post=98812"}],"curies":[{"name":"wp","href":"https:\/\/api.w.org\/{rel}","templated":true}]}}