{"id":98795,"date":"2023-10-11T18:36:51","date_gmt":"2023-10-11T21:36:51","guid":{"rendered":"https:\/\/www.centraldenoticias.com.ar\/?p=98795"},"modified":"2023-10-11T18:37:05","modified_gmt":"2023-10-11T21:37:05","slug":"feria-de-la-minga-este-finde","status":"publish","type":"post","link":"https:\/\/cdnoticias.com\/index.php\/2023\/10\/11\/feria-de-la-minga-este-finde\/","title":{"rendered":"Feria de La Minga este finde"},"content":{"rendered":"<p>Del 12 al 14 de octubre los feriantes estar\u00e1n en la plaza del centro y, adem\u00e1s, festejar los 12 a\u00f1os de trayectoria de la organizaci\u00f3n que promueve y fortalece la econom\u00eda social y solidaria.<\/p>\n<p><!--more--><\/p>\n<hr \/>\n<p><strong>La Minga feriar\u00e1 en la plaza del centro sobre calle Vicente L\u00f3pez los d\u00edas 12, 13 y 14 de octubre<\/strong> realizando la previa del <strong>D\u00eda de la Madre<\/strong>. <em>\u201cEsta fecha es emblem\u00e1tica para la organizaci\u00f3n social ya que este a\u00f1o se cumplen 12 a\u00f1os de feriar en la plaza del centro, promoviendo tan bello espacio ferial\u201d<\/em> se inform\u00f3 desde la organizaci\u00f3n.<\/p>\n<p>En esta oportunidad se podr\u00e1 observar una interesante variedad de rubros, dulces, panificados, conservas, artesan\u00edas, accesorios, bijouterie en piedra, macram\u00e9, plata y alpaca. Por otro lado, y tambi\u00e9n con el sello de identidad regional, se comercializar\u00e1n prendas, cuadros, velas y fanales, accesorios, juegos en madera, vitrofusi\u00f3n, producci\u00f3n de cactus y plantas, productos 3D, juguetes artesanales, etc.<\/p>\n<p>\u201cEstos a\u00f1os de gesti\u00f3n como Entidad de Bien P\u00fablico bajo Registro Municipal N\u00b0 326; hemos cumplido ampliamente con las actividades centrales de nuestro Estatuto, generando estrategias vinculadas a la <strong>Promoci\u00f3n y Fortalecimiento de la Econom\u00eda Social y Solidaria<\/strong>, promoviendo la autonom\u00eda de las familias emprendedoras como as\u00ed su entorno y la comunidad en general, procurando el desarrollo integral de cada uno de sus miembros, muestra de ello en la ejecuci\u00f3n del Programa Nacional Banco de Herramientas Maquinarias y Materiales del Ministerio de Desarrollo Social de la Naci\u00f3n, gestiones en el \u00e1mbito provincial con nuestra Escuela para Emprendedoras y Emprendedores asesorando a un centenar de familias de la comunidad y acompa\u00f1\u00e1ndolas en gestiones puntuales provinciales,\u00a0 y gestiones puntuales en el \u00e1mbito municipal, todas ellas con balances ampliamente positivos\u201d se indic\u00f3 desde La Minga.<\/p>\n<p>Se destac\u00f3 que a trav\u00e9s del proyecto \u00a0Emprender que llevan adelante desde 2015 \u201cnos ha permitido<strong> formarnos como Promotores de la Econom\u00eda Social,<\/strong>\u00a0una econom\u00eda ligada al desarrollo econ\u00f3mico de la ciudad,\u00a0 fortaleciendo las redes comunitarias solidarias, llegando a cada hogar, a cada emprendimiento familiar que lo requiri\u00f3,\u00a0 sum\u00e1ndose los continuos talleres barriales\u00a0 los cuales nos permiten\u00a0 tomar contacto con una diversidad de emprendedores y emprendedoras tomando registro de la situaci\u00f3n real del sector\u201d.<\/p>\n<p>Finalmente, se expuso un <strong>repaso de sus 12e a\u00f1os de trayectoria<\/strong>: \u201clas Ferias Manos Olavarrienses que hemos impulsado varios a\u00f1os seguidos durante los meses de enero y febrero, como as\u00ed tambi\u00e9n la Feria de Fin de A\u00f1o donde festejamos la semana del Emprendedor de la Econom\u00eda Social, han sido siempre concurridas,<strong> agradeciendo a cada vecino y vecina que acompa\u00f1a fuertemente esta propuesta en la Plaza del centro sobre calle Vicente L\u00f3pez<\/strong>, siendo este un espacio elegido y sentido por cada artesano, manualista y emprendedor\u201d.<\/p>\n","protected":false},"excerpt":{"rendered":"<p>Del 12 al 14 de octubre los feriantes estar\u00e1n en la plaza del centro y, adem\u00e1s, festejar los 12 a\u00f1os<\/p>\n","protected":false},"author":4,"featured_media":73242,"comment_status":"closed","ping_status":"closed","sticky":false,"template":"","format":"standard","meta":{"_jetpack_memberships_contains_paid_content":false,"footnotes":""},"categories":[9,1],"tags":[],"class_list":["post-98795","post","type-post","status-publish","format-standard","has-post-thumbnail","hentry","category-cultura","category-portada"],"jetpack_featured_media_url":"https:\/\/i0.wp.com\/cdnoticias.com\/wp-content\/uploads\/2022\/12\/minga-10.jpg?fit=1600%2C890&ssl=1","jetpack_sharing_enabled":true,"_links":{"self":[{"href":"https:\/\/cdnoticias.com\/index.php\/wp-json\/wp\/v2\/posts\/98795","targetHints":{"allow":["GET"]}}],"collection":[{"href":"https:\/\/cdnoticias.com\/index.php\/wp-json\/wp\/v2\/posts"}],"about":[{"href":"https:\/\/cdnoticias.com\/index.php\/wp-json\/wp\/v2\/types\/post"}],"author":[{"embeddable":true,"href":"https:\/\/cdnoticias.com\/index.php\/wp-json\/wp\/v2\/users\/4"}],"replies":[{"embeddable":true,"href":"https:\/\/cdnoticias.com\/index.php\/wp-json\/wp\/v2\/comments?post=98795"}],"version-history":[{"count":0,"href":"https:\/\/cdnoticias.com\/index.php\/wp-json\/wp\/v2\/posts\/98795\/revisions"}],"wp:featuredmedia":[{"embeddable":true,"href":"https:\/\/cdnoticias.com\/index.php\/wp-json\/wp\/v2\/media\/73242"}],"wp:attachment":[{"href":"https:\/\/cdnoticias.com\/index.php\/wp-json\/wp\/v2\/media?parent=98795"}],"wp:term":[{"taxonomy":"category","embeddable":true,"href":"https:\/\/cdnoticias.com\/index.php\/wp-json\/wp\/v2\/categories?post=98795"},{"taxonomy":"post_tag","embeddable":true,"href":"https:\/\/cdnoticias.com\/index.php\/wp-json\/wp\/v2\/tags?post=98795"}],"curies":[{"name":"wp","href":"https:\/\/api.w.org\/{rel}","templated":true}]}}