{"id":9872,"date":"2020-12-24T18:33:49","date_gmt":"2020-12-24T21:33:49","guid":{"rendered":"http:\/\/www.centraldenoticias.com.ar\/?p=9872"},"modified":"2020-12-24T18:33:49","modified_gmt":"2020-12-24T21:33:49","slug":"oficializan-cierre-de-fronteras-para-paises-limitrofes-y-cuatro-estados-europeos","status":"publish","type":"post","link":"https:\/\/cdnoticias.com\/index.php\/2020\/12\/24\/oficializan-cierre-de-fronteras-para-paises-limitrofes-y-cuatro-estados-europeos\/","title":{"rendered":"Oficializan cierre de fronteras para pa\u00edses lim\u00edtrofes y cuatro estados europeos"},"content":{"rendered":"<p>&nbsp;<\/p>\n<p>La medida surge ante el aumento de casos de Covid-19 en la regi\u00f3n y la aparici\u00f3n de una nueva cepa en Gran Breta\u00f1a. Rige hasta el 9 de enero.<!--more--><\/p>\n<hr \/>\n<p>El Gobierno nacional oficializ\u00f3 este jueves las nuevas restricciones para quienes deban ingresar a la Argentina desde ma\u00f1ana, que contemplan el <strong>cierre de fronteras terrestres con pa\u00edses lim\u00edtrofes y a\u00e9reas con otros cuatro estados europeos y Australia<\/strong>, ante el aumento de casos de Covid-19 en la regi\u00f3n y la aparici\u00f3n de una nueva cepa en Gran Breta\u00f1a.<\/p>\n<p>&nbsp;<\/p>\n<p>As\u00ed fue comunicado a trav\u00e9s de la Decisi\u00f3n Administrativa 2252\/2020 publicada esta jornada en el Bolet\u00edn Oficial, con la firma del jefe de Gabinete, Santiago Cafiero; y del ministro de Salud, Gin\u00e9s Gonz\u00e1lez Garc\u00eda.<\/p>\n<p>&nbsp;<\/p>\n<blockquote><p>La medida rige desde las cero horas del 25 de diciembre y hasta las cero horas del 9 de enero de 2021.<\/p><\/blockquote>\n<p>&nbsp;<\/p>\n<p>Seg\u00fan precisa la norma, <strong>quedan exceptuados los <em>\u201cpasos fronterizos de San Sebasti\u00e1n e Integraci\u00f3n Austral, ambos situados en la Provincia de Tierra del Fuego, Ant\u00e1rtida e Islas del Atl\u00e1ntico Sur\u201d.<\/em><\/strong><\/p>\n<p>&nbsp;<\/p>\n<p>Tambi\u00e9n se especifica que <strong>solo podr\u00e1n ingresar argentinos y residentes, con la presentaci\u00f3n de un test de PCR negativo en coronavirus y la realizaci\u00f3n de una cuarentena obligatoria de siete d\u00edas.<\/strong><\/p>\n<p>&nbsp;<\/p>\n<p>De esta manera <strong>quedar\u00e1 en suspenso la prueba piloto<\/strong> que autorizaba el ingreso de turistas extranjeros provenientes de pa\u00edses lim\u00edtrofes, tanto por las terminales a\u00e9reas de Ezeiza y San Fernando, como por la portuaria de Buquebus.<\/p>\n<p>&nbsp;<\/p>\n<p>En cuanto al ingreso al pa\u00eds por cualquiera de las v\u00edas autorizadas, las personas que se hayan visto imposibilitadas de realizar el test de PCR negativo con 72 horas de antelaci\u00f3n al embarque en el pa\u00eds de procedencia, <strong>podr\u00e1n realizar un an\u00e1lisis a su arribo a Ezeiza.<\/strong><\/p>\n<p>&nbsp;<\/p>\n<p>Quedar\u00e1 exceptuados los diplom\u00e1ticos, funcionarios, y personal esencial proveniente de los destinos habilitados, que deber\u00e1n contar con autorizaci\u00f3n de la Direcci\u00f3n Nacional de Migraciones, <strong>presentar test de PCR negativo y seguro Covid.<\/strong><\/p>\n<p>&nbsp;<\/p>\n<p>Adem\u00e1s, <strong>personal de transporte internacional y tripulaciones quedar\u00e1n exentos de los requisitos, bajo la aplicaci\u00f3n de los protocolos sanitarios espec\u00edficos<\/strong>, en el ejercicio exclusivo de su actividad.<\/p>\n<p>&nbsp;<\/p>\n<p>Tambi\u00e9n estar\u00e1n <strong>exceptuados los deportistas enmarcados en protocolos espec\u00edficos para acontecimientos deportivos, previa autorizaci\u00f3n de la DNM y autoridad sanitara<\/strong>, y su actividad ser\u00e1 supervisada por el Ministerio de Turismo y Deportes.<\/p>\n<p>&nbsp;<\/p>\n<p>Fuente: (DIB) MCH<\/p>\n","protected":false},"excerpt":{"rendered":"<p>&nbsp; La medida surge ante el aumento de casos de Covid-19 en la regi\u00f3n y la aparici\u00f3n de una nueva<\/p>\n","protected":false},"author":5,"featured_media":9873,"comment_status":"closed","ping_status":"closed","sticky":false,"template":"","format":"standard","meta":{"_jetpack_memberships_contains_paid_content":false,"footnotes":""},"categories":[6],"tags":[],"class_list":["post-9872","post","type-post","status-publish","format-standard","has-post-thumbnail","hentry","category-nacionales"],"jetpack_featured_media_url":"https:\/\/i0.wp.com\/cdnoticias.com\/wp-content\/uploads\/2020\/12\/Cierre-de-fronteras-696x392.jpg?fit=696%2C392&ssl=1","jetpack_sharing_enabled":true,"_links":{"self":[{"href":"https:\/\/cdnoticias.com\/index.php\/wp-json\/wp\/v2\/posts\/9872","targetHints":{"allow":["GET"]}}],"collection":[{"href":"https:\/\/cdnoticias.com\/index.php\/wp-json\/wp\/v2\/posts"}],"about":[{"href":"https:\/\/cdnoticias.com\/index.php\/wp-json\/wp\/v2\/types\/post"}],"author":[{"embeddable":true,"href":"https:\/\/cdnoticias.com\/index.php\/wp-json\/wp\/v2\/users\/5"}],"replies":[{"embeddable":true,"href":"https:\/\/cdnoticias.com\/index.php\/wp-json\/wp\/v2\/comments?post=9872"}],"version-history":[{"count":0,"href":"https:\/\/cdnoticias.com\/index.php\/wp-json\/wp\/v2\/posts\/9872\/revisions"}],"wp:featuredmedia":[{"embeddable":true,"href":"https:\/\/cdnoticias.com\/index.php\/wp-json\/wp\/v2\/media\/9873"}],"wp:attachment":[{"href":"https:\/\/cdnoticias.com\/index.php\/wp-json\/wp\/v2\/media?parent=9872"}],"wp:term":[{"taxonomy":"category","embeddable":true,"href":"https:\/\/cdnoticias.com\/index.php\/wp-json\/wp\/v2\/categories?post=9872"},{"taxonomy":"post_tag","embeddable":true,"href":"https:\/\/cdnoticias.com\/index.php\/wp-json\/wp\/v2\/tags?post=9872"}],"curies":[{"name":"wp","href":"https:\/\/api.w.org\/{rel}","templated":true}]}}