{"id":98626,"date":"2023-10-10T21:04:32","date_gmt":"2023-10-11T00:04:32","guid":{"rendered":"https:\/\/www.centraldenoticias.com.ar\/?p=98626"},"modified":"2023-10-10T23:01:48","modified_gmt":"2023-10-11T02:01:48","slug":"debate-2023-los-cuatro-candidatos-a-intendente-realizaron-su-presentacion","status":"publish","type":"post","link":"https:\/\/cdnoticias.com\/index.php\/2023\/10\/10\/debate-2023-los-cuatro-candidatos-a-intendente-realizaron-su-presentacion\/","title":{"rendered":"Debate 2023: los cuatro candidatos a Intendente realizaron su presentaci\u00f3n"},"content":{"rendered":"<p>As\u00ed se dio el inicio del Debate que tiene en en el centro de la escena a los y las candidatas Celeste Arouxet, Maximiliano Wesner, Agust\u00edn Mestralet y Ezequiel Galli.<!--more--><\/p>\n<hr \/>\n<p>Este martes a partir de las 20 horas comenz\u00f3 el <strong>Debate 2023<\/strong> organizado por la Facultad de Ingenier\u00eda de la UNICEN con la presentaci\u00f3n de las y los candidatos a Intendente que tienen en el centro de la escena a C<strong>eleste Arouxet, Maximiliano Wesner, Agust\u00edn Mestralet y Ezequiel Galli<\/strong>, quienes agradecieron y resaltaron la importancia del encuentro.<\/p>\n<p><img data-recalc-dims=\"1\" loading=\"lazy\" decoding=\"async\" class=\"aligncenter wp-image-98649 size-full\" src=\"https:\/\/i0.wp.com\/cdnoticias.com\/wp-content\/uploads\/2023\/10\/debate-ing-2023-5-1.png?resize=800%2C445&#038;ssl=1\" alt=\"\" width=\"800\" height=\"445\" srcset=\"https:\/\/i0.wp.com\/cdnoticias.com\/wp-content\/uploads\/2023\/10\/debate-ing-2023-5-1.png?w=1500&amp;ssl=1 1500w, https:\/\/i0.wp.com\/cdnoticias.com\/wp-content\/uploads\/2023\/10\/debate-ing-2023-5-1.png?resize=300%2C167&amp;ssl=1 300w, https:\/\/i0.wp.com\/cdnoticias.com\/wp-content\/uploads\/2023\/10\/debate-ing-2023-5-1.png?resize=1024%2C569&amp;ssl=1 1024w, https:\/\/i0.wp.com\/cdnoticias.com\/wp-content\/uploads\/2023\/10\/debate-ing-2023-5-1.png?resize=768%2C427&amp;ssl=1 768w, https:\/\/i0.wp.com\/cdnoticias.com\/wp-content\/uploads\/2023\/10\/debate-ing-2023-5-1.png?resize=800%2C445&amp;ssl=1 800w\" sizes=\"auto, (max-width: 800px) 100vw, 800px\" \/><\/p>\n<p><strong>Celeste Arouxet<\/strong> fue la primera en hablar y expres\u00f3 que el debate <strong>&#8220;sea una fiesta de la democracia&#8221;<\/strong> a la par que cont\u00f3 que &#8220;venimos a presentar nuestra plataforma electoral que es una Olavarr\u00eda que planeamos y que sabemos que podemos llevar a cabo. <strong>Yo no regalo nada, no prometo nada que no puedo cumplir, simplemente voy a decir que es lo que hay que hacer para sacar adelante a Olavarr\u00eda&#8221;.<\/strong><\/p>\n<p><img data-recalc-dims=\"1\" loading=\"lazy\" decoding=\"async\" class=\"alignnone size-full wp-image-98653\" src=\"https:\/\/i0.wp.com\/cdnoticias.com\/wp-content\/uploads\/2023\/10\/debate-ing-2023-3-1.png?resize=800%2C445&#038;ssl=1\" alt=\"\" width=\"800\" height=\"445\" srcset=\"https:\/\/i0.wp.com\/cdnoticias.com\/wp-content\/uploads\/2023\/10\/debate-ing-2023-3-1.png?w=1500&amp;ssl=1 1500w, https:\/\/i0.wp.com\/cdnoticias.com\/wp-content\/uploads\/2023\/10\/debate-ing-2023-3-1.png?resize=300%2C167&amp;ssl=1 300w, https:\/\/i0.wp.com\/cdnoticias.com\/wp-content\/uploads\/2023\/10\/debate-ing-2023-3-1.png?resize=1024%2C569&amp;ssl=1 1024w, https:\/\/i0.wp.com\/cdnoticias.com\/wp-content\/uploads\/2023\/10\/debate-ing-2023-3-1.png?resize=768%2C427&amp;ssl=1 768w, https:\/\/i0.wp.com\/cdnoticias.com\/wp-content\/uploads\/2023\/10\/debate-ing-2023-3-1.png?resize=800%2C445&amp;ssl=1 800w\" sizes=\"auto, (max-width: 800px) 100vw, 800px\" \/><\/p>\n<p><strong>Maximiliano Wesner<\/strong> resalt\u00f3 un saludo &#8220;para todos los vecinos y vecinas que est\u00e1n mirando del otro lado&#8221; y agreg\u00f3 que esta noche &#8220;voy a transmitir propuestas concretas que venimos trabajando con un equipo profesional y <strong>voy a trasmitirles lo que me mencionan los vecinos. Quiero invitarlos a trabajar de manera conjunta&#8221;.<\/strong><\/p>\n<p><img data-recalc-dims=\"1\" loading=\"lazy\" decoding=\"async\" class=\"aligncenter wp-image-98643 size-full\" src=\"https:\/\/i0.wp.com\/cdnoticias.com\/wp-content\/uploads\/2023\/10\/deabt-ingmax.png?resize=800%2C445&#038;ssl=1\" alt=\"\" width=\"800\" height=\"445\" srcset=\"https:\/\/i0.wp.com\/cdnoticias.com\/wp-content\/uploads\/2023\/10\/deabt-ingmax.png?w=1600&amp;ssl=1 1600w, https:\/\/i0.wp.com\/cdnoticias.com\/wp-content\/uploads\/2023\/10\/deabt-ingmax.png?resize=300%2C167&amp;ssl=1 300w, https:\/\/i0.wp.com\/cdnoticias.com\/wp-content\/uploads\/2023\/10\/deabt-ingmax.png?resize=1024%2C570&amp;ssl=1 1024w, https:\/\/i0.wp.com\/cdnoticias.com\/wp-content\/uploads\/2023\/10\/deabt-ingmax.png?resize=768%2C427&amp;ssl=1 768w, https:\/\/i0.wp.com\/cdnoticias.com\/wp-content\/uploads\/2023\/10\/deabt-ingmax.png?resize=1536%2C854&amp;ssl=1 1536w, https:\/\/i0.wp.com\/cdnoticias.com\/wp-content\/uploads\/2023\/10\/deabt-ingmax.png?resize=800%2C445&amp;ssl=1 800w\" sizes=\"auto, (max-width: 800px) 100vw, 800px\" \/><\/p>\n<p>Luego, <strong>Agust\u00edn Mestralet<\/strong> agradeci\u00f3 a <strong>&#8220;la universidad por permitir instancias democr\u00e1ticas que muchas veces han sido boicoteadas&#8221;<\/strong>\u00a0y agreg\u00f3 que los debates &#8220;sean de manera extendida, regular y que no sea solo en las elecciones\u201d. En tanto dijo que &#8220;somos una familia de trabajadores, conocemos y compartimos la realidad de los vecinos.<strong> Sabemos lo dif\u00edcil que es alquilar, llegar a fin de mes, que una vivienda es un sue\u00f1o imposible y que se puede ser pobre teniendo un salario en blanco&#8221;.<\/strong><\/p>\n<p><img data-recalc-dims=\"1\" loading=\"lazy\" decoding=\"async\" class=\"alignnone size-full wp-image-98651\" src=\"https:\/\/i0.wp.com\/cdnoticias.com\/wp-content\/uploads\/2023\/10\/debate-ing-2023-6-1.png?resize=800%2C445&#038;ssl=1\" alt=\"\" width=\"800\" height=\"445\" srcset=\"https:\/\/i0.wp.com\/cdnoticias.com\/wp-content\/uploads\/2023\/10\/debate-ing-2023-6-1.png?w=1500&amp;ssl=1 1500w, https:\/\/i0.wp.com\/cdnoticias.com\/wp-content\/uploads\/2023\/10\/debate-ing-2023-6-1.png?resize=300%2C167&amp;ssl=1 300w, https:\/\/i0.wp.com\/cdnoticias.com\/wp-content\/uploads\/2023\/10\/debate-ing-2023-6-1.png?resize=1024%2C569&amp;ssl=1 1024w, https:\/\/i0.wp.com\/cdnoticias.com\/wp-content\/uploads\/2023\/10\/debate-ing-2023-6-1.png?resize=768%2C427&amp;ssl=1 768w, https:\/\/i0.wp.com\/cdnoticias.com\/wp-content\/uploads\/2023\/10\/debate-ing-2023-6-1.png?resize=800%2C445&amp;ssl=1 800w\" sizes=\"auto, (max-width: 800px) 100vw, 800px\" \/><\/p>\n<p>Por \u00faltimo, el Intendente<strong> Ezequiel Galli<\/strong> sostuvo: &#8220;<strong>Que mejor manera de celebrar 40 a\u00f1os de democracia debatiendo. Me parece interesante que se de para que la ciudadan\u00eda saque sus propias conclusiones.<\/strong> Ya me conocen, soy el Intendente de Olavarr\u00eda. Quiero que mis hijos se establezcan en esta hermosa ciudad, siempre he dado la vida por Olavarr\u00eda. Repasaremos hechos concretos para los olavarrienses y tambi\u00e9n hablaremos del futuro para que Olavarr\u00eda est\u00e9 mejor. <strong>Har\u00e9 frente a cualquier golpe, cuando nos apoyamos en valores humanos y familiares los resultados est\u00e1n a la vista<\/strong>&#8221; cerr\u00f3.<\/p>\n<p><img data-recalc-dims=\"1\" loading=\"lazy\" decoding=\"async\" class=\"alignnone size-full wp-image-98647\" src=\"https:\/\/i0.wp.com\/cdnoticias.com\/wp-content\/uploads\/2023\/10\/debate-ing-2023-1-1.png?resize=800%2C445&#038;ssl=1\" alt=\"\" width=\"800\" height=\"445\" srcset=\"https:\/\/i0.wp.com\/cdnoticias.com\/wp-content\/uploads\/2023\/10\/debate-ing-2023-1-1.png?w=1500&amp;ssl=1 1500w, https:\/\/i0.wp.com\/cdnoticias.com\/wp-content\/uploads\/2023\/10\/debate-ing-2023-1-1.png?resize=300%2C167&amp;ssl=1 300w, https:\/\/i0.wp.com\/cdnoticias.com\/wp-content\/uploads\/2023\/10\/debate-ing-2023-1-1.png?resize=1024%2C569&amp;ssl=1 1024w, https:\/\/i0.wp.com\/cdnoticias.com\/wp-content\/uploads\/2023\/10\/debate-ing-2023-1-1.png?resize=768%2C427&amp;ssl=1 768w, https:\/\/i0.wp.com\/cdnoticias.com\/wp-content\/uploads\/2023\/10\/debate-ing-2023-1-1.png?resize=800%2C445&amp;ssl=1 800w\" sizes=\"auto, (max-width: 800px) 100vw, 800px\" \/><\/p>\n","protected":false},"excerpt":{"rendered":"<p>As\u00ed se dio el inicio del Debate que tiene en en el centro de la escena a los y las<\/p>\n","protected":false},"author":6,"featured_media":98645,"comment_status":"closed","ping_status":"closed","sticky":false,"template":"","format":"standard","meta":{"_jetpack_memberships_contains_paid_content":false,"footnotes":""},"categories":[4,1],"tags":[],"class_list":["post-98626","post","type-post","status-publish","format-standard","has-post-thumbnail","hentry","category-politica","category-portada"],"jetpack_featured_media_url":"https:\/\/i0.wp.com\/cdnoticias.com\/wp-content\/uploads\/2023\/10\/deabte-inger-2023.png?fit=1600%2C890&ssl=1","jetpack_sharing_enabled":true,"_links":{"self":[{"href":"https:\/\/cdnoticias.com\/index.php\/wp-json\/wp\/v2\/posts\/98626","targetHints":{"allow":["GET"]}}],"collection":[{"href":"https:\/\/cdnoticias.com\/index.php\/wp-json\/wp\/v2\/posts"}],"about":[{"href":"https:\/\/cdnoticias.com\/index.php\/wp-json\/wp\/v2\/types\/post"}],"author":[{"embeddable":true,"href":"https:\/\/cdnoticias.com\/index.php\/wp-json\/wp\/v2\/users\/6"}],"replies":[{"embeddable":true,"href":"https:\/\/cdnoticias.com\/index.php\/wp-json\/wp\/v2\/comments?post=98626"}],"version-history":[{"count":0,"href":"https:\/\/cdnoticias.com\/index.php\/wp-json\/wp\/v2\/posts\/98626\/revisions"}],"wp:featuredmedia":[{"embeddable":true,"href":"https:\/\/cdnoticias.com\/index.php\/wp-json\/wp\/v2\/media\/98645"}],"wp:attachment":[{"href":"https:\/\/cdnoticias.com\/index.php\/wp-json\/wp\/v2\/media?parent=98626"}],"wp:term":[{"taxonomy":"category","embeddable":true,"href":"https:\/\/cdnoticias.com\/index.php\/wp-json\/wp\/v2\/categories?post=98626"},{"taxonomy":"post_tag","embeddable":true,"href":"https:\/\/cdnoticias.com\/index.php\/wp-json\/wp\/v2\/tags?post=98626"}],"curies":[{"name":"wp","href":"https:\/\/api.w.org\/{rel}","templated":true}]}}