{"id":98612,"date":"2023-10-10T19:58:58","date_gmt":"2023-10-10T22:58:58","guid":{"rendered":"https:\/\/www.centraldenoticias.com.ar\/?p=98612"},"modified":"2023-10-10T23:17:52","modified_gmt":"2023-10-11T02:17:52","slug":"segui-en-vivo-el-debate-2023-de-candidatos-a-intendente-de-olavarria","status":"publish","type":"post","link":"https:\/\/cdnoticias.com\/index.php\/2023\/10\/10\/segui-en-vivo-el-debate-2023-de-candidatos-a-intendente-de-olavarria\/","title":{"rendered":"Segu\u00ed en vivo el Debate 2023 de candidatos a Intendente de Olavarr\u00eda"},"content":{"rendered":"<p>Todas las alternativas de la presentaci\u00f3n de propuestas de los cuatro postulantes a la intendencia local podr\u00e1s seguirlas por ac\u00e1. Cobertura de Central de Noticias. <!--more--><\/p>\n<hr \/>\n<p>Este martes<strong> desde las 20:00 horas desde el SUM de Aulas Comunes del Campus Universitario, los cuatro candidatos a Intendente de Olavarr\u00eda presentar\u00e1n sus propuestas y proyecto de ciudad en el Debate organizado por la Facultad de Ingenier\u00eda de la Unicen.<\/strong><\/p>\n<p>La casa de altos estudios transmitir\u00e1 en vivo desde su canal en Youtube que podr\u00e1n ver desde el <a href=\"https:\/\/www.youtube.com\/watch?v=Vdr2JrpCGpc\" target=\"_blank\" rel=\"noopener\">siguiente enlace.<\/a><\/p>\n<p>En la sala se podr\u00e1 a ver, de izquierda a derecha los <strong>atriles ocupados por Celeste Arouxet, Maximiliano Wesner, Agust\u00edn Mestralet y Ezequiel Galli.<\/strong><\/p>\n<p>La <strong>presentaci\u00f3n<\/strong> se dar\u00e1 en el siguiente orden: <strong>Wesner \u2013 Mestralet \u2013 Arouxet \u2013 Galli<\/strong><\/p>\n<p><img data-recalc-dims=\"1\" loading=\"lazy\" decoding=\"async\" class=\"size-full wp-image-98620 aligncenter\" src=\"https:\/\/i0.wp.com\/cdnoticias.com\/wp-content\/uploads\/2023\/10\/previa-debate-05.jpg?resize=800%2C445&#038;ssl=1\" alt=\"\" width=\"800\" height=\"445\" srcset=\"https:\/\/i0.wp.com\/cdnoticias.com\/wp-content\/uploads\/2023\/10\/previa-debate-05.jpg?w=1000&amp;ssl=1 1000w, https:\/\/i0.wp.com\/cdnoticias.com\/wp-content\/uploads\/2023\/10\/previa-debate-05.jpg?resize=300%2C167&amp;ssl=1 300w, https:\/\/i0.wp.com\/cdnoticias.com\/wp-content\/uploads\/2023\/10\/previa-debate-05.jpg?resize=768%2C427&amp;ssl=1 768w, https:\/\/i0.wp.com\/cdnoticias.com\/wp-content\/uploads\/2023\/10\/previa-debate-05.jpg?resize=800%2C445&amp;ssl=1 800w\" sizes=\"auto, (max-width: 800px) 100vw, 800px\" \/><\/p>\n<p>Habr\u00e1 tres ejes tem\u00e1ticos en el que expondr\u00e1n de la siguiente manera<\/p>\n<h2>Bloque 1 \u2013 Pol\u00edtica econ\u00f3mica y de recursos materiales<\/h2>\n<p>Orden: Galli, Mestralet, Wesner y Arouxet.<\/p>\n<p>Preguntas: Galli a Mestralet \u2013 Mestralet a Wesner \u2013 Wesner a Arouxet \u2013 Arouxet a Galli<\/p>\n<p><img data-recalc-dims=\"1\" loading=\"lazy\" decoding=\"async\" class=\"alignnone size-full wp-image-98623\" src=\"https:\/\/i0.wp.com\/cdnoticias.com\/wp-content\/uploads\/2023\/10\/previa-debate-08.jpg?resize=800%2C445&#038;ssl=1\" alt=\"\" width=\"800\" height=\"445\" srcset=\"https:\/\/i0.wp.com\/cdnoticias.com\/wp-content\/uploads\/2023\/10\/previa-debate-08.jpg?w=1000&amp;ssl=1 1000w, https:\/\/i0.wp.com\/cdnoticias.com\/wp-content\/uploads\/2023\/10\/previa-debate-08.jpg?resize=300%2C167&amp;ssl=1 300w, https:\/\/i0.wp.com\/cdnoticias.com\/wp-content\/uploads\/2023\/10\/previa-debate-08.jpg?resize=768%2C427&amp;ssl=1 768w, https:\/\/i0.wp.com\/cdnoticias.com\/wp-content\/uploads\/2023\/10\/previa-debate-08.jpg?resize=800%2C445&amp;ssl=1 800w\" sizes=\"auto, (max-width: 800px) 100vw, 800px\" \/><\/p>\n<h2>Bloque 2 &#8211; Pol\u00edtica de recursos sociales<\/h2>\n<p>Orden de exposici\u00f3n: Arouxet \u2013 Wesner \u2013 Mestralet \u2013 Galli<\/p>\n<p>Preguntas: Mestralet a Galli \u2013 Galli a Arouxet \u2013 Arouxet a Wesner \u2013 Wesner a Mestralet<\/p>\n<p><img data-recalc-dims=\"1\" loading=\"lazy\" decoding=\"async\" class=\"alignnone size-full wp-image-98622\" src=\"https:\/\/i0.wp.com\/cdnoticias.com\/wp-content\/uploads\/2023\/10\/previa-debate-07.jpg?resize=800%2C445&#038;ssl=1\" alt=\"\" width=\"800\" height=\"445\" srcset=\"https:\/\/i0.wp.com\/cdnoticias.com\/wp-content\/uploads\/2023\/10\/previa-debate-07.jpg?w=1000&amp;ssl=1 1000w, https:\/\/i0.wp.com\/cdnoticias.com\/wp-content\/uploads\/2023\/10\/previa-debate-07.jpg?resize=300%2C167&amp;ssl=1 300w, https:\/\/i0.wp.com\/cdnoticias.com\/wp-content\/uploads\/2023\/10\/previa-debate-07.jpg?resize=768%2C427&amp;ssl=1 768w, https:\/\/i0.wp.com\/cdnoticias.com\/wp-content\/uploads\/2023\/10\/previa-debate-07.jpg?resize=800%2C445&amp;ssl=1 800w\" sizes=\"auto, (max-width: 800px) 100vw, 800px\" \/><\/p>\n<h2>Bloque 3 &#8211; Pol\u00edtica de recursos comunitarios<\/h2>\n<p>Orden: Wesner \u2013 Galli \u2013 Arouxet \u2013 Mestralet<\/p>\n<p>Preguntas: Arouxet a Mestralet \u2013 Wesner a Galli \u2013 Galli a Wesner \u2013 Mestralet a Arouxet<\/p>\n<p>Los<strong> cierres<\/strong> se dar\u00e1n el siguiente orden: <strong>Galli \u2013 Arouxet \u2013 Mestralet \u2013 Wesner<\/strong><\/p>\n<p><img data-recalc-dims=\"1\" loading=\"lazy\" decoding=\"async\" class=\"alignnone size-full wp-image-98624\" src=\"https:\/\/i0.wp.com\/cdnoticias.com\/wp-content\/uploads\/2023\/10\/previa-debate-10.jpg?resize=800%2C445&#038;ssl=1\" alt=\"\" width=\"800\" height=\"445\" srcset=\"https:\/\/i0.wp.com\/cdnoticias.com\/wp-content\/uploads\/2023\/10\/previa-debate-10.jpg?w=1000&amp;ssl=1 1000w, https:\/\/i0.wp.com\/cdnoticias.com\/wp-content\/uploads\/2023\/10\/previa-debate-10.jpg?resize=300%2C167&amp;ssl=1 300w, https:\/\/i0.wp.com\/cdnoticias.com\/wp-content\/uploads\/2023\/10\/previa-debate-10.jpg?resize=768%2C427&amp;ssl=1 768w, https:\/\/i0.wp.com\/cdnoticias.com\/wp-content\/uploads\/2023\/10\/previa-debate-10.jpg?resize=800%2C445&amp;ssl=1 800w\" sizes=\"auto, (max-width: 800px) 100vw, 800px\" \/><\/p>\n","protected":false},"excerpt":{"rendered":"<p>Todas las alternativas de la presentaci\u00f3n de propuestas de los cuatro postulantes a la intendencia local podr\u00e1s seguirlas por ac\u00e1.<\/p>\n","protected":false},"author":2,"featured_media":98621,"comment_status":"closed","ping_status":"closed","sticky":false,"template":"","format":"standard","meta":{"_jetpack_memberships_contains_paid_content":false,"footnotes":""},"categories":[4],"tags":[],"class_list":["post-98612","post","type-post","status-publish","format-standard","has-post-thumbnail","hentry","category-politica"],"jetpack_featured_media_url":"https:\/\/i0.wp.com\/cdnoticias.com\/wp-content\/uploads\/2023\/10\/previa-debate-06.jpg?fit=1000%2C556&ssl=1","jetpack_sharing_enabled":true,"_links":{"self":[{"href":"https:\/\/cdnoticias.com\/index.php\/wp-json\/wp\/v2\/posts\/98612","targetHints":{"allow":["GET"]}}],"collection":[{"href":"https:\/\/cdnoticias.com\/index.php\/wp-json\/wp\/v2\/posts"}],"about":[{"href":"https:\/\/cdnoticias.com\/index.php\/wp-json\/wp\/v2\/types\/post"}],"author":[{"embeddable":true,"href":"https:\/\/cdnoticias.com\/index.php\/wp-json\/wp\/v2\/users\/2"}],"replies":[{"embeddable":true,"href":"https:\/\/cdnoticias.com\/index.php\/wp-json\/wp\/v2\/comments?post=98612"}],"version-history":[{"count":0,"href":"https:\/\/cdnoticias.com\/index.php\/wp-json\/wp\/v2\/posts\/98612\/revisions"}],"wp:featuredmedia":[{"embeddable":true,"href":"https:\/\/cdnoticias.com\/index.php\/wp-json\/wp\/v2\/media\/98621"}],"wp:attachment":[{"href":"https:\/\/cdnoticias.com\/index.php\/wp-json\/wp\/v2\/media?parent=98612"}],"wp:term":[{"taxonomy":"category","embeddable":true,"href":"https:\/\/cdnoticias.com\/index.php\/wp-json\/wp\/v2\/categories?post=98612"},{"taxonomy":"post_tag","embeddable":true,"href":"https:\/\/cdnoticias.com\/index.php\/wp-json\/wp\/v2\/tags?post=98612"}],"curies":[{"name":"wp","href":"https:\/\/api.w.org\/{rel}","templated":true}]}}