{"id":9860,"date":"2020-12-24T07:39:35","date_gmt":"2020-12-24T10:39:35","guid":{"rendered":"http:\/\/www.centraldenoticias.com.ar\/?p=9860"},"modified":"2020-12-24T07:39:35","modified_gmt":"2020-12-24T10:39:35","slug":"secuestran-dos-telefonos-en-un-allanamiento-por-extorsion","status":"publish","type":"post","link":"https:\/\/cdnoticias.com\/index.php\/2020\/12\/24\/secuestran-dos-telefonos-en-un-allanamiento-por-extorsion\/","title":{"rendered":"Secuestran dos tel\u00e9fonos en un allanamiento por extorsi\u00f3n"},"content":{"rendered":"<p>El operativo fue concretado por personal de la SubDDI Olavarr\u00eda. La causa investiga un caso de extorsi\u00f3n a un vecino de La Madrid.<!--more--><\/p>\n<hr \/>\n<p>Efectivos policiales de la SubDDI Olavarr\u00eda realiz\u00f3 un despliegue operativo en el centro de nuestra ciudad, en el marco de una causa que investiga un <strong>reciente caso de extorsi\u00f3n mediante mensajes telef\u00f3nicos a un vecino de La Madrid.<\/strong><\/p>\n<p>&nbsp;<\/p>\n<p>Seg\u00fan se inform\u00f3 se lograron secuestrar <strong>dos celulares y tarjetas de tel\u00e9fono<\/strong>, elementos que resultan de inter\u00e9s para la investigaci\u00f3n.<\/p>\n<p>&nbsp;<\/p>\n<p><img data-recalc-dims=\"1\" loading=\"lazy\" decoding=\"async\" class=\"alignnone size-large wp-image-9861\" src=\"https:\/\/i0.wp.com\/cdnoticias.com\/wp-content\/uploads\/2020\/12\/WhatsApp-Image-2020-12-23-at-23.24.25-2.jpeg?resize=768%2C1024&#038;ssl=1\" alt=\"\" width=\"768\" height=\"1024\" srcset=\"https:\/\/i0.wp.com\/cdnoticias.com\/wp-content\/uploads\/2020\/12\/WhatsApp-Image-2020-12-23-at-23.24.25-2.jpeg?resize=768%2C1024&amp;ssl=1 768w, https:\/\/i0.wp.com\/cdnoticias.com\/wp-content\/uploads\/2020\/12\/WhatsApp-Image-2020-12-23-at-23.24.25-2.jpeg?resize=225%2C300&amp;ssl=1 225w, https:\/\/i0.wp.com\/cdnoticias.com\/wp-content\/uploads\/2020\/12\/WhatsApp-Image-2020-12-23-at-23.24.25-2.jpeg?w=960&amp;ssl=1 960w\" sizes=\"auto, (max-width: 768px) 100vw, 768px\" \/><\/p>\n<p>&nbsp;<\/p>\n<p>El allanamiento fue ordenado por la Dra. Fabiana San Rom\u00e1n a ra\u00edz de actuaciones producidas por la ayudant\u00eda fiscal de General La Madrid a cargo del Dr. Guillermo Casenave.<\/p>\n","protected":false},"excerpt":{"rendered":"<p>El operativo fue concretado por personal de la SubDDI Olavarr\u00eda. La causa investiga un caso de extorsi\u00f3n a un vecino<\/p>\n","protected":false},"author":5,"featured_media":9862,"comment_status":"closed","ping_status":"closed","sticky":false,"template":"","format":"standard","meta":{"_jetpack_memberships_contains_paid_content":false,"footnotes":""},"categories":[14,1],"tags":[],"class_list":["post-9860","post","type-post","status-publish","format-standard","has-post-thumbnail","hentry","category-policiales","category-portada"],"jetpack_featured_media_url":"https:\/\/i0.wp.com\/cdnoticias.com\/wp-content\/uploads\/2020\/12\/WhatsApp-Image-2020-12-23-at-23.24.25.jpeg?fit=1040%2C780&ssl=1","jetpack_sharing_enabled":true,"_links":{"self":[{"href":"https:\/\/cdnoticias.com\/index.php\/wp-json\/wp\/v2\/posts\/9860","targetHints":{"allow":["GET"]}}],"collection":[{"href":"https:\/\/cdnoticias.com\/index.php\/wp-json\/wp\/v2\/posts"}],"about":[{"href":"https:\/\/cdnoticias.com\/index.php\/wp-json\/wp\/v2\/types\/post"}],"author":[{"embeddable":true,"href":"https:\/\/cdnoticias.com\/index.php\/wp-json\/wp\/v2\/users\/5"}],"replies":[{"embeddable":true,"href":"https:\/\/cdnoticias.com\/index.php\/wp-json\/wp\/v2\/comments?post=9860"}],"version-history":[{"count":0,"href":"https:\/\/cdnoticias.com\/index.php\/wp-json\/wp\/v2\/posts\/9860\/revisions"}],"wp:featuredmedia":[{"embeddable":true,"href":"https:\/\/cdnoticias.com\/index.php\/wp-json\/wp\/v2\/media\/9862"}],"wp:attachment":[{"href":"https:\/\/cdnoticias.com\/index.php\/wp-json\/wp\/v2\/media?parent=9860"}],"wp:term":[{"taxonomy":"category","embeddable":true,"href":"https:\/\/cdnoticias.com\/index.php\/wp-json\/wp\/v2\/categories?post=9860"},{"taxonomy":"post_tag","embeddable":true,"href":"https:\/\/cdnoticias.com\/index.php\/wp-json\/wp\/v2\/tags?post=9860"}],"curies":[{"name":"wp","href":"https:\/\/api.w.org\/{rel}","templated":true}]}}