{"id":98554,"date":"2023-10-09T00:29:29","date_gmt":"2023-10-09T22:49:45","guid":{"rendered":"https:\/\/www.centraldenoticias.com.ar\/?p=98554"},"modified":"2025-02-12T22:22:00","modified_gmt":"2025-02-13T01:22:00","slug":"la-8-fecha-que-aun-no-termino-dejo-atras-algunas-rachas","status":"publish","type":"post","link":"https:\/\/cdnoticias.com\/index.php\/2023\/10\/09\/la-8-fecha-que-aun-no-termino-dejo-atras-algunas-rachas\/","title":{"rendered":"La 8\u00b0 fecha, que a\u00fan no termin\u00f3, dej\u00f3 atr\u00e1s algunas rachas"},"content":{"rendered":"\n<div class=\"wp-block-group is-layout-constrained wp-block-group-is-layout-constrained\">\n<p>Con cinco duelos disputados, este domingo por la tarde se jug\u00f3 gran parte de la 8\u00b0 cita del Torneo Oficial de la LFO que sigue teniendo como \u00fanico l\u00edder a Racing. El mi\u00e9rcoles, completar\u00e1n Municipales &#8211; Espigas en Loma Negra.<!--more--><\/p>\n<hr \/>\n<p>Regres\u00f3 la acci\u00f3n del <strong>f\u00fatbol liguista olavarriense<\/strong> y durante la soleada tarde de este domingo, en cinco escenarios de la ciudad, <strong>se disput\u00f3 gran parte de la 8\u00b0 fecha del campeonato<\/strong> que tuvo en su haber cuatro festejos y un empate. Adem\u00e1s, por ahora, se convirtieron 10 goles en total en Primera Divisi\u00f3n.<\/p>\n<p>\u00a0<\/p>\n<p>El l\u00edder en soledad del certamen sigue siendo <strong>Racing<\/strong>, que gole\u00f3 a <strong>Hinojo<\/strong> en el Enrique De la Quintana. A su vez, <strong>Estudiantes<\/strong> igual\u00f3 con <strong>Ferro<\/strong> y es escolta con <strong>El Fort\u00edn<\/strong>, que le gan\u00f3 a domicilio a <strong>Embajadores<\/strong> y le quit\u00f3 el invicto de local. El CEO no perd\u00eda desde el 24 de noviembre de 2021 en la derrota 2 \u2013 3 frente a Estudiantes.<\/p>\n<p>\u00a0<\/p>\n<p>La otra racha se cort\u00f3 en Villa Alfredo Fortabat con <strong>Luj\u00e1n<\/strong>, que gole\u00f3 a <strong>Loma Negra<\/strong> y volvi\u00f3 a ganar tras m\u00e1s de un a\u00f1o. La \u00faltima hab\u00eda sido el 18 de septiembre de 2022 en el 2 a 1 frente a Sierra Chica*. Por otro lado <strong>San Mart\u00edn<\/strong>, que hizo de visitante en su cancha, le gan\u00f3 a <strong>Sierra Chica<\/strong> y escal\u00f3 a la quinta ubicaci\u00f3n de la tabla.<\/p>\n<p>\u00a0<\/p>\n<p>En <strong>Reserva<\/strong>, a pesar de la derrota, el \u201cBataraz\u201d mantiene el liderazgo en la tabla por la m\u00ednima diferencia ante el \u201cLe\u00f3n\u201d, que se arrim\u00f3 a la pelea, y El Fort\u00edn.<\/p>\n<p>\u00a0<\/p>\n<p>[soliloquy id=&#8221;43340&#8243;]<\/p>\n<p>\u00a0<\/p>\n<ul>\n<li>\n<h6><strong>Resultados:<\/strong><\/h6>\n<\/li>\n<\/ul>\n<p>\u00a0<\/p>\n<h6>Primera Divisi\u00f3n<\/h6>\n<p>\u00a0<\/p>\n<p><strong>Loma Negra 0 \u2013 3 Luj\u00e1n<\/strong> (Tob\u00edas Calo, Miqueas Oliveto y Nazareno Monje)<\/p>\n<p><a href=\"https:\/\/cdnoticias.com\/el-fortin-derroto-a-embajadores-y-le-corto-un-largo-invicto-de-local\/\"><strong>Embajadores 0 \u2013 2 El Fort\u00edn<\/strong> (Emiliano Piecenti y Yoel Gonz\u00e1lez)<\/a><\/p>\n<p><strong>Hinojo 0 \u2013 3 Racing<\/strong> (Sergio Vald\u00e9z, Rom\u00e1n Garabento y Justino Borra)<\/p>\n<p><strong>Sierra Chica 0 \u2013 \u00a02 San Mart\u00edn<\/strong> (Ezequiel Boado y Leonardo Sampaoli)<\/p>\n<p><strong>Ferro Carril Sud 0 \u2013 0 Estudiantes<\/strong><\/p>\n<p>Municipales \u2013 Espigas (<strong>Se juega este mi\u00e9rcoles 21:00 horas<\/strong>)<\/p>\n<p>\u00a0<\/p>\n<p><img data-recalc-dims=\"1\" loading=\"lazy\" decoding=\"async\" class=\"aligncenter size-full wp-image-43369\" src=\"https:\/\/i0.wp.com\/cdnoticias.com\/wp-content\/uploads\/2023\/10\/Posiciones-8%C2%B0-Fecha-Primera.png?resize=783%2C567&#038;ssl=1\" alt=\"\" width=\"783\" height=\"567\" \/><\/p>\n<p>\u00a0<\/p>\n<h6>Reserva<\/h6>\n<p>\u00a0<\/p>\n<p>Loma Negra <strong>3 \u2013 1<\/strong> Luj\u00e1n<\/p>\n<p>Embajadores<strong> 2 \u2013 2<\/strong> El Fort\u00edn<\/p>\n<p>Hinojo <strong>2 \u2013 1<\/strong> Racing<\/p>\n<p>Sierra Chica <strong>0 \u2013 1<\/strong> San Mart\u00edn<\/p>\n<p>Ferro Carril Sud <strong>1 \u2013 0<\/strong> Estudiantes<\/p>\n<p>Municipales \u2013 Espigas (<strong>Se juega este mi\u00e9rcoles 19:00 horas<\/strong>)<\/p>\n<p>\u00a0<\/p>\n<p><img data-recalc-dims=\"1\" loading=\"lazy\" decoding=\"async\" class=\"aligncenter size-full wp-image-43370\" src=\"https:\/\/i0.wp.com\/cdnoticias.com\/wp-content\/uploads\/2023\/10\/Posiciones-8%C2%B0-fecha-Reserva.png?resize=783%2C572&#038;ssl=1\" alt=\"\" width=\"783\" height=\"572\" \/><\/p>\n<hr \/>\n<ul>\n<li>\n<h6><strong>Pr\u00f3xima fecha (9\u00b0):<\/strong><\/h6>\n<\/li>\n<\/ul>\n<p><img data-recalc-dims=\"1\" loading=\"lazy\" decoding=\"async\" class=\"aligncenter size-full wp-image-43371\" src=\"https:\/\/i0.wp.com\/cdnoticias.com\/wp-content\/uploads\/2023\/10\/Fecha-9.png?resize=349%2C216&#038;ssl=1\" alt=\"\" width=\"349\" height=\"216\" \/><\/p>\n<p>\u00a0<\/p>\n<p><em><strong>*Fuente: Datos estad\u00edsticos de Fabi\u00e1n Casanella.<\/strong><\/em><\/p>\n<\/div>\n","protected":false},"excerpt":{"rendered":"<p>Con cinco duelos disputados, este domingo por la tarde se jug\u00f3 gran parte de la 8\u00b0 cita del Torneo Oficial<\/p>\n","protected":false},"author":96739694,"featured_media":158070,"comment_status":"closed","ping_status":"closed","sticky":false,"template":"","format":"standard","meta":{"_jetpack_memberships_contains_paid_content":false,"footnotes":""},"categories":[35,1,41],"tags":[],"class_list":["post-98554","post","type-post","status-publish","format-standard","has-post-thumbnail","hentry","category-futbol","category-portada","category-primera-y-reserva"],"jetpack_featured_media_url":"https:\/\/i0.wp.com\/cdnoticias.com\/wp-content\/uploads\/2023\/10\/ferro-cae-5.jpeg?fit=1600%2C1063&ssl=1","jetpack_sharing_enabled":true,"_links":{"self":[{"href":"https:\/\/cdnoticias.com\/index.php\/wp-json\/wp\/v2\/posts\/98554","targetHints":{"allow":["GET"]}}],"collection":[{"href":"https:\/\/cdnoticias.com\/index.php\/wp-json\/wp\/v2\/posts"}],"about":[{"href":"https:\/\/cdnoticias.com\/index.php\/wp-json\/wp\/v2\/types\/post"}],"author":[{"embeddable":true,"href":"https:\/\/cdnoticias.com\/index.php\/wp-json\/wp\/v2\/users\/96739694"}],"replies":[{"embeddable":true,"href":"https:\/\/cdnoticias.com\/index.php\/wp-json\/wp\/v2\/comments?post=98554"}],"version-history":[{"count":0,"href":"https:\/\/cdnoticias.com\/index.php\/wp-json\/wp\/v2\/posts\/98554\/revisions"}],"wp:featuredmedia":[{"embeddable":true,"href":"https:\/\/cdnoticias.com\/index.php\/wp-json\/wp\/v2\/media\/158070"}],"wp:attachment":[{"href":"https:\/\/cdnoticias.com\/index.php\/wp-json\/wp\/v2\/media?parent=98554"}],"wp:term":[{"taxonomy":"category","embeddable":true,"href":"https:\/\/cdnoticias.com\/index.php\/wp-json\/wp\/v2\/categories?post=98554"},{"taxonomy":"post_tag","embeddable":true,"href":"https:\/\/cdnoticias.com\/index.php\/wp-json\/wp\/v2\/tags?post=98554"}],"curies":[{"name":"wp","href":"https:\/\/api.w.org\/{rel}","templated":true}]}}