{"id":98520,"date":"2023-10-09T17:57:07","date_gmt":"2023-10-09T20:57:07","guid":{"rendered":"https:\/\/www.centraldenoticias.com.ar\/?p=98520"},"modified":"2023-10-09T17:57:07","modified_gmt":"2023-10-09T20:57:07","slug":"de-la-carcel-al-cine-con-un-corto","status":"publish","type":"post","link":"https:\/\/cdnoticias.com\/index.php\/2023\/10\/09\/de-la-carcel-al-cine-con-un-corto\/","title":{"rendered":"De la c\u00e1rcel al cine con un corto"},"content":{"rendered":"<p>Internas de la Unidad Penal 52 empezaron a filmar un cortometraje en el marco del Programa Universidad en la C\u00e1rcel de la Unicen.<\/p>\n<p><!--more--><\/p>\n<hr \/>\n<p><strong>Internas de la Unidad Penal 52<\/strong> empezaron a filmar un<strong> cortometraje<\/strong> en el marco del<strong> Programa Universidad en la C\u00e1rcel de la Secretar\u00eda de Extensi\u00f3n de la Unicen<\/strong>.<\/p>\n<p>&nbsp;<\/p>\n<p>Se trata de <strong>un cortometraje basado en la escritura de historias realizadas durante el primer cuatrimestre<\/strong> en el Taller de Cine y Teatro que se dicta en la sede penitenciaria a cargo de <em>Jos\u00e9 Mart\u00edn Delgado, Clarisa Capdevila y Claudia Castro<\/em>.<\/p>\n<p>&nbsp;<\/p>\n<p>Tal como se destac\u00f3, la tarea de filmaci\u00f3n se lleva adelante con<strong> trabajo en dos equipos, uno de producci\u00f3n y otro de direcci\u00f3n y c\u00e1mara<\/strong>.<\/p>\n<p>&nbsp;<\/p>\n<p><img data-recalc-dims=\"1\" loading=\"lazy\" decoding=\"async\" class=\"size-full wp-image-98522 aligncenter\" src=\"https:\/\/i0.wp.com\/cdnoticias.com\/wp-content\/uploads\/2023\/10\/taller-cine-unidad-52-a.jpg?resize=800%2C445&#038;ssl=1\" alt=\"\" width=\"800\" height=\"445\" srcset=\"https:\/\/i0.wp.com\/cdnoticias.com\/wp-content\/uploads\/2023\/10\/taller-cine-unidad-52-a.jpg?w=899&amp;ssl=1 899w, https:\/\/i0.wp.com\/cdnoticias.com\/wp-content\/uploads\/2023\/10\/taller-cine-unidad-52-a.jpg?resize=300%2C167&amp;ssl=1 300w, https:\/\/i0.wp.com\/cdnoticias.com\/wp-content\/uploads\/2023\/10\/taller-cine-unidad-52-a.jpg?resize=768%2C427&amp;ssl=1 768w, https:\/\/i0.wp.com\/cdnoticias.com\/wp-content\/uploads\/2023\/10\/taller-cine-unidad-52-a.jpg?resize=800%2C445&amp;ssl=1 800w\" sizes=\"auto, (max-width: 800px) 100vw, 800px\" \/><\/p>\n","protected":false},"excerpt":{"rendered":"<p>Internas de la Unidad Penal 52 empezaron a filmar un cortometraje en el marco del Programa Universidad en la C\u00e1rcel<\/p>\n","protected":false},"author":4,"featured_media":98521,"comment_status":"closed","ping_status":"closed","sticky":false,"template":"","format":"standard","meta":{"_jetpack_memberships_contains_paid_content":false,"footnotes":""},"categories":[9,1],"tags":[],"class_list":["post-98520","post","type-post","status-publish","format-standard","has-post-thumbnail","hentry","category-cultura","category-portada"],"jetpack_featured_media_url":"https:\/\/i0.wp.com\/cdnoticias.com\/wp-content\/uploads\/2023\/10\/taller-cine-unidad-52-b.jpg?fit=899%2C500&ssl=1","jetpack_sharing_enabled":true,"_links":{"self":[{"href":"https:\/\/cdnoticias.com\/index.php\/wp-json\/wp\/v2\/posts\/98520","targetHints":{"allow":["GET"]}}],"collection":[{"href":"https:\/\/cdnoticias.com\/index.php\/wp-json\/wp\/v2\/posts"}],"about":[{"href":"https:\/\/cdnoticias.com\/index.php\/wp-json\/wp\/v2\/types\/post"}],"author":[{"embeddable":true,"href":"https:\/\/cdnoticias.com\/index.php\/wp-json\/wp\/v2\/users\/4"}],"replies":[{"embeddable":true,"href":"https:\/\/cdnoticias.com\/index.php\/wp-json\/wp\/v2\/comments?post=98520"}],"version-history":[{"count":0,"href":"https:\/\/cdnoticias.com\/index.php\/wp-json\/wp\/v2\/posts\/98520\/revisions"}],"wp:featuredmedia":[{"embeddable":true,"href":"https:\/\/cdnoticias.com\/index.php\/wp-json\/wp\/v2\/media\/98521"}],"wp:attachment":[{"href":"https:\/\/cdnoticias.com\/index.php\/wp-json\/wp\/v2\/media?parent=98520"}],"wp:term":[{"taxonomy":"category","embeddable":true,"href":"https:\/\/cdnoticias.com\/index.php\/wp-json\/wp\/v2\/categories?post=98520"},{"taxonomy":"post_tag","embeddable":true,"href":"https:\/\/cdnoticias.com\/index.php\/wp-json\/wp\/v2\/tags?post=98520"}],"curies":[{"name":"wp","href":"https:\/\/api.w.org\/{rel}","templated":true}]}}