{"id":98499,"date":"2023-10-09T08:45:58","date_gmt":"2023-10-09T11:45:58","guid":{"rendered":"https:\/\/www.centraldenoticias.com.ar\/?p=98499"},"modified":"2023-10-09T11:07:24","modified_gmt":"2023-10-09T14:07:24","slug":"con-mas-chicanas-y-mas-solidez-paso-el-segundo-debate-de-candidatos-a-presidente","status":"publish","type":"post","link":"https:\/\/cdnoticias.com\/index.php\/2023\/10\/09\/con-mas-chicanas-y-mas-solidez-paso-el-segundo-debate-de-candidatos-a-presidente\/","title":{"rendered":"Con m\u00e1s chicanas y m\u00e1s solidez, pas\u00f3 el segundo debate de candidatos a Presidente"},"content":{"rendered":"<p>Fue en la Facultad de Derecho de la UBA en la noche del domingo, a dos semanas de las elecciones. Los duros cruces y acusaciones primaron por sobre las propuestas.<!--more--><\/p>\n<hr \/>\n<p>Con el objetivo puesto en mejorar sus exposiciones y desempe\u00f1os luego del primer debate,<strong> los cinco candidatos presidenciales se enfrentaron este domingo en el segundo encuentro llevado a cabo en la Facultad de Derecho de la UBA, a dos semanas de las elecciones generales del 22 de octubre.<\/strong><\/p>\n<p>&nbsp;<\/p>\n<p>Los candidatos Sergio Massa de Uni\u00f3n por la Patria (UxP), Patricia Bullrich de Juntos por el Cambio (JxC), Javier Milei de La Libertad Avanza (LLA), Juan Schiaretti de Hacemos por Nuestro Pa\u00eds (HNP) y Myriam Bregman del Frente de Izquierda y Trabajadores-Unidad (FIT-U) expresaron sus ideas y propuestas sobre tres ejes de gran importancia para la ciudadan\u00eda: <strong>Seguridad; Trabajo y producci\u00f3n; y Desarrollo humano, vivienda y protecci\u00f3n del ambiente.<\/strong><\/p>\n<p>&nbsp;<\/p>\n<p>Como en la din\u00e1mica del primer debate, <strong>en la segunda parte hubo preguntas cruzadas entre los candidatos, donde aprovecharon para mostrar m\u00e1s dureza y enfatizar las diferencias entre las posturas. A su vez, hubo chicanas similares a las del primer encuentro, que apuntaron a Sergio Massa por ser parte del Gobierno actual y no generar soluciones a problemas de base, a Patricia Bullrich en su rol de ministra de Seguridad del macrismo, a Javier Milei por sus expresiones violentas sobre uso de armas, venta \u00f3rganos o esgrimir una motosierra en campa\u00f1a y a la candidata Bregman por sus ideas de izquierda con cierta mirada de anacronismo por parte de sus contrincantes.<\/strong><\/p>\n<p>&nbsp;<\/p>\n<h2>Seguridad<\/h2>\n<p>&nbsp;<\/p>\n<p>Los postulantes cruzaron sus posiciones sobre la <strong>inseguridad, la edad de imputabilidad, la forma de combatir el delito y el narcotr\u00e1fico, el rol de las FFAA y hasta la ley de derribo.<\/strong><\/p>\n<p>&nbsp;<\/p>\n<p><strong>Sergio Massa<\/strong> propuso la creaci\u00f3n de un <strong>\u201cFBI argentino\u201d<\/strong>, a funcionar en el edificio Central C\u00f3rdoba de la ciudad de Rosario, y que estar\u00e1 compuesto por \u201clos mejores de cada una de las cuatro fuerzas federales\u201d para enfocarse en los cr\u00edmenes que son \u201ctrasnacionales\u201d, en referencia a la \u201ccorrupci\u00f3n, el narcotr\u00e1fico y trata de personas\u201d. En esa l\u00ednea, el candidato de UxP se\u00f1al\u00f3 que lo \u201crecaudado\u201d por la Justicia y por ese organismo \u201cvuelva a fortalecer el sistema de funcionamiento de las fuerzas de seguridad, el Poder Judicial\u201d y, otra parte, a fortalecer la funci\u00f3n social de los \u201cclubes de barrio\u201d. Los otros dos ejes sobre seguridad de Massa fueron la \u201cprevenci\u00f3n\u201d, a partir de su experiencia en Tigre, con \u201cc\u00e1maras, m\u00f3viles, sistemas satelitales de rastreo y bot\u00f3n de p\u00e1nico en cada celular para cada una de las ciudades de m\u00e1s de 50 mil habitantes, financiado desde el Estado nacional\u201d. El otro eje que plante\u00f3 estuvo centrado en \u201cexigirle cuentas a la Justicia\u201d porque, dijo, \u201cno puede ser que una excarcelaci\u00f3n u orden de allanamientos demore siete, diez o quince d\u00edas\u201d, por lo que un eventual Gobierno suyo \u201cmedir\u00e1\u201d el funcionamiento de los jueces a trav\u00e9s de una modificaci\u00f3n en la legislaci\u00f3n.<\/p>\n<p>&nbsp;<\/p>\n<p>Cuestionado por Bullrich por la renuncia de Mart\u00edn Insaurralde a la Jefatura de Gabinete bonaerense tras la revelaci\u00f3n de su viaje a Marbella,<strong> Massa asegur\u00f3 que se trat\u00f3 de un \u201cgrave error\u201d del dirigente y que por eso \u201cle pidi\u00f3\u201d la dimisi\u00f3n a su cargo y a su candidatura a concejal de Lomas de Zamora. Al contestarle a Bullrich, el candidato y ministro agreg\u00f3, dirigi\u00e9ndose a Bullrich: \u201cNo todos somos lo mismo. Vos nunca le pediste la renuncia a (Gerardo) Milman\u201d.<\/strong> As\u00ed se refiri\u00f3 al diputado del PRO investigado por la causa del intento de magnicidio contra la vicepresidenta Cristina Fern\u00e1ndez de Kirchner.<\/p>\n<p>&nbsp;<\/p>\n<p><strong>Patricia Bullrich expuso que durante su gesti\u00f3n en el Ministerio de Seguridad durante el gobierno de Mauricio Macri \u201cenfrent\u00f3 a las mafias, narcos y criminales\u201d,<\/strong> y agreg\u00f3 que JxC \u201csabe a qui\u00e9n defender\u201d mientras que el kirchnerismo \u201clibera presos y hoy les dan Internet y celulares en las c\u00e1rceles\u201d. Tambi\u00e9n se\u00f1al\u00f3 que Milei \u201cquiere liberar las armas\u201d y que \u201clas armas liberadas caen en manos de los delincuentes\u201d. \u201cVoy a entrar en todos los territorios que est\u00e1n tomados por el narco con las fuerzas provinciales, federales y, si hace falta, las Fuerzas Armadas\u201d, dijo, y propuso adem\u00e1s \u201ccambiar el C\u00f3digo Penal para que nunca m\u00e1s un violador pueda andar por la calle con tranquilidad\u201d.<\/p>\n<p>&nbsp;<\/p>\n<p><strong>Javier Milei sostuvo que, si bien el Estado \u201cse ocupa de seguridad y justicia\u201d, en Argentina se \u201cfalla en esta materia\u201d por \u201cculpa de la casta\u201d, y consider\u00f3 que el \u201cdesastre\u201d actual es \u201cculpa de haber abrazado las ideas de (Eugenio) Zaffaroni, que cambia el rol entre v\u00edctima y victimario<\/strong>, haciendo que los delincuentes sean tratados como las v\u00edctimas cuando en realidad son los que tienen que estar encerrados\u201d. Propuso \u201creformar ley de Seguridad Interior, de Defensa Nacional, la ley de inteligencia, modificar el sistema carcelario, el C\u00f3digo Penal y Penal Procesal, y en un contexto de reforma del sistema judicial para que sea verdaderamente independiente y los delincuentes tengan que pagar\u201d. Al responder un derecho a r\u00e9plica de Bullrich, que lo acus\u00f3 de promover la libre portaci\u00f3n de armas, Milei sostuvo que \u201chay una ley de armas y lo que hay que hacer es cumplirla\u201d porque \u201cno puede ser que est\u00e9n armados los delincuentes y los honestos no\u201d. \u201cQueremos que se respete la ley de armas tal como existe y no como hoy, que est\u00e1 llena de restricciones que lo \u00fanico que hace es favorecer a los delincuentes\u201d, insisti\u00f3. El libertario le record\u00f3 a la candidata de JxC que ella hab\u00eda hablado de \u201celiminar leyes por DNU\u201d o \u201cllevarse puestas garant\u00edas constitucionales\u201d, por lo que se pregunt\u00f3 si \u201cese es el modelo de seguridad que quiere\u201d y si \u201cquiere que sea una dictadura\u201d.<\/p>\n<p>&nbsp;<\/p>\n<p><strong>Myriam Bregman critic\u00f3 la \u201cdemagogia punitiva\u201d y advirti\u00f3 que \u201cel gran delito se organiza desde arriba, y eso implica hablar de complicidades en sectores de la fuerza de seguridad, pol\u00edticos y judiciales\u201d<\/strong>. Adem\u00e1s, propuso \u201cnacionalizar los puertos bajo control de los trabajadores\u201d y dijo que \u201cel que muestra la inseguridad como un hecho aislado est\u00e1 mintiendo\u201d. \u201cSolo hay salida si cuestionamos las condiciones estructurales de este sistema y garantizamos trabajo, educaci\u00f3n y cultura para la juventud\u201d.<\/p>\n<p>&nbsp;<\/p>\n<blockquote><p>En un cruce con Bullrich, Bregman expres\u00f3 que \u201clos que promueven la mano dura fracasaron; en una d\u00e9cada incrementaron un 97% la poblaci\u00f3n carcelaria, y \u00bfqu\u00e9 tienen para mostrar? Su orgullo era sacarse fotos en un secuestro de 25 \u2018porros\u2019. Literal\u201d.<\/p><\/blockquote>\n<p>&nbsp;<\/p>\n<p>Tambi\u00e9n le pregunt\u00f3 a la candidata de JxC<strong> \u201c\u00bfhasta d\u00f3nde quiere bajar la edad de imputabilidad? \u00bfHasta los 12? \u00bfLos 10? \u00bfEl jard\u00edn de infantes? Se elige Presidente, no jefe de un penitenciario\u201d, ironiz\u00f3.<\/strong><\/p>\n<p>&nbsp;<\/p>\n<p><strong>Juan Schiaretti<\/strong> llam\u00f3 a \u201cacabar con la puerta giratoria en los juzgados, modificando el C\u00f3digo Penal y Procesal Penal\u201d, adem\u00e1s de \u201ccambiar la ley penal juvenil, que est\u00e1 vigente desde la dictadura\u201d. \u201cAl narcotr\u00e1fico se lo combate en todo el mundo, pero el Gobierno nacional ac\u00e1 mira para el costado\u201d, dijo el cordob\u00e9s, por lo que llam\u00f3 a \u201ccuidar las fronteras\u201d con las Fuerzas Armadas y la ley de derribo, aparte de \u201ccrear una fuerza federal anti-narcotr\u00e1fico\u201d.<\/p>\n<p>&nbsp;<\/p>\n<h2>Trabajo y producci\u00f3n<\/h2>\n<p>&nbsp;<\/p>\n<p><strong>Juan Schiaretti<\/strong> plante\u00f3 que <strong>\u201chay que eliminar las retenciones a las exportaciones del campo y el complejo agroindustrial\u201d, al tiempo que propuso sustituir impuestos distorsivos como Ingresos Brutos por un impuesto a la \u00faltima venta o un IVA provincial como tiene Brasil.<\/strong> Asimismo, puso el foco en \u201cayudar a las pymes que son las generadoras de empleo para que generen m\u00e1s, y esto significa acabar con la industria del juicio y poner en marcha el Fondo de Garant\u00edas por tiempo de trabajo, como existe en la industria de la construcci\u00f3n o con todos los empleados de Brasil, para bajarle las cargas sociales a las pymes\u201d. Ese Fondo de Garant\u00edas tiene que regir para los nuevos empleos, de la misma manera que hay que transformar los programas sociales en empleo genuino\u201d. El candidato cordob\u00e9s propuso extender a todo el pa\u00eds lo que hizo en su provincia, el Programa Primer Paso, para hacer pr\u00e1cticas rentadas en las empresas privadas, poniendo recursos entre el Estado y los empresarios.<\/p>\n<p>&nbsp;<\/p>\n<p><strong>Sergio Massa sostuvo que es necesario \u201cponer en el Trabajo uno de los ejes centrales de los pr\u00f3ximos cuatro a\u00f1os\u201d, y subray\u00f3 que \u201cestamos planteando, una mejora en el ingreso desde dos lugares: obviamente la paritaria libre, pero adem\u00e1s, la reducci\u00f3n de impuestos\u201d.<\/strong> En esa l\u00ednea destac\u00f3 las medidas recientemente puestas en marcha, como la devoluci\u00f3n del IVA y la quita de ganancias. \u201cYa hay 16,5 millones de argentinos que reciben la devoluci\u00f3n del IVA, y obviamente terminamos con la mentira del impuesto a las Ganancias sobre el salario, y m\u00e1s de dos millones de argentinos ya no tienen esa preocupaci\u00f3n\u201d, grafic\u00f3.<\/p>\n<p>&nbsp;<\/p>\n<p>\u201cCreemos que adem\u00e1s hay que seguir haciendo, y en ese sentido hablarles a las personas con discapacidad que hoy son rechazadas del mundo del trabajo, b\u00e1sicamente porque la pensi\u00f3n funciona como un l\u00edmite\u201d, a\u00f1adi\u00f3, y sum\u00f3: \u201cEn el mundo del trabajo las mujeres hoy son discriminadas en el salario. Vamos a impulsar la obligatoriedad de que las empresas, por la misma tarea, paguen la misma remuneraci\u00f3n a hombres y mujeres\u201d. Tambi\u00e9n se refiri\u00f3 a la necesidad de bajar las cargas sociales a las pymes, al empleo joven y a la incorporaci\u00f3n de los beneficiarios de programas sociales al empleo formal. \u201cNo quiero empresarios pymes en Argentina que tienen que hacer un curso porque pagan 150 impuestos entre Naci\u00f3n, provincia y municipio. Por \u00faltimo, quiero ser claro respecto del programa de desarrollo exportador. Energ\u00eda, miner\u00eda y agro, vamos a seguir impuls\u00e1ndolos porque son la consolidaci\u00f3n de las reservas argentinas\u201d, concluy\u00f3.<\/p>\n<p>&nbsp;<\/p>\n<p><strong>Javier Milei fue un poco m\u00e1s t\u00e9cnico en este punto. \u201cEl PBI y el empleo formal privado est\u00e1n estancados desde el a\u00f1o 2011. Esto implica que el ingreso per c\u00e1pita argentina est\u00e1 15% por debajo de dicho nivel de referencia. No solo eso. La cantidad de puestos de trabajo est\u00e1 clavada en 6 millones.<\/strong> Y es tan escandaloso el desequilibrio en el mercado laboral que 8 millones est\u00e1n en el mercado informal\u201d, analiz\u00f3, y propuso: \u201cLa \u00fanica forma de encontrarle soluci\u00f3n a esto es con crecimiento econ\u00f3mico. El crecimiento econ\u00f3mico implica acumulaci\u00f3n de capital f\u00edsico y humano. Tambi\u00e9n progreso tecnol\u00f3gico. La acumulaci\u00f3n de capital se da cuando uno invierte. Nadie va a invertir dinero si no va a ganar plata\u201d.<\/p>\n<p>&nbsp;<\/p>\n<p><strong>Patricia Bullrich comenz\u00f3 su alocuci\u00f3n como en sus spots de campa\u00f1a: \u201cLa Argentina tiene todo, pero los argentinos no tenemos nada. Hace 20 a\u00f1os la mafia pol\u00edtica sindical kirchnerista se lleva todo a su casa<\/strong>: est\u00e1n en los bolsos de (Jos\u00e9) L\u00f3pez, est\u00e1n en el yate de (Mart\u00edn) Insaurralde. Un juicio laboral se lleva puesta una Pyme, un monotributista cobra una jubilaci\u00f3n de porquer\u00eda, el trabajo s\u00f3lo se consigue en la informalidad\u201d. En esa l\u00ednea, sintetiz\u00f3: \u201cNosotros queremos sacarle la pata de encima a la producci\u00f3n de verdad, como lo hicimos cuando fuimos gobierno. A las pymes, al campo y a la producci\u00f3n en todas las partes de nuestro pa\u00eds\u201d.<\/p>\n<p>&nbsp;<\/p>\n<p><strong>Myriam Bregman afirm\u00f3 que \u201cla salida no es pis\u00e1ndole la cabeza al de al lado, a los trabajadores\u201d y propuso la reducci\u00f3n de la jornada laboral a seis horas para crear nuevos puestos de trabajo.<\/strong> \u201cParece que la culpa es de los trabajadores que tiene derechos; tenemos que dar vuelta la historia, y desde la izquierda tenemos la bandera, como reducir la jornada laboral a seis horas diarias cinco d\u00edas a la semana y las que sobran repartirlas entre quienes no tienen trabajo y as\u00ed crear 1.200.000 puestos\u201d, asever\u00f3.<\/p>\n<p>&nbsp;<\/p>\n<h2>Desarrollo humano, vivienda y protecci\u00f3n del ambiente<\/h2>\n<p>&nbsp;<\/p>\n<p><strong>Sergio Massa habl\u00f3 de la \u201ccasa com\u00fan y casa propia\u201d como \u201cel desaf\u00edo de los pr\u00f3ximos cuatro a\u00f1os\u201d y mencion\u00f3 dos ejes orientados \u201cal cr\u00e9dito hipotecario y la detecci\u00f3n de los inmuebles ociosos del Estado nacional\u201d.<\/strong> En ese sentido, expres\u00f3:<strong> \u201cYa estamos trabajando en un acuerdo con el sistema financiero\u201d para \u201cel acceso a un cr\u00e9dito hipotecario sobre la base de un sistema de actualizaci\u00f3n con coeficiente de variaci\u00f3n salarial\u201d con el que \u201cla cuota aumenta si aumenta tu salario; estamos detectando todos los inmuebles ociosos que tiene a lo largo del pa\u00eds el estado nacional, ah\u00ed vamos a poner en marcha un programa de lotes con servicios para acceder al lote para poder construir tu casa\u201d.<\/strong><\/p>\n<p>&nbsp;<\/p>\n<p>En tanto, agreg\u00f3 que desde 2014 plantea la reforma del C\u00f3digo Penal y \u201cquien contamina un r\u00edo, tala un bosque o destruye un humedal tiene -que cumplir- de 3 a 8 a\u00f1os de prisi\u00f3n\u201d. Asimismo, se refiri\u00f3 a las energ\u00edas renovables, y resalt\u00f3 que \u201cArgentina tiene la enorme oportunidad, por sus corrientes marinas, su energ\u00eda solar, pero tambi\u00e9n por la energ\u00eda e\u00f3lica y por el gas, de ser uno de los grandes jugadores mundiales del hidr\u00f3geno\u201d.<\/p>\n<p>&nbsp;<\/p>\n<p><strong>Myriam Bregman hizo hincapi\u00e9 en que \u201cMassa dijo hace poco que no tendr\u00eda que haber una ley nacional de alquileres\u201d y consider\u00f3 que eso es \u201cmuy peligroso\u201d porque \u201cdeja sin una garant\u00eda m\u00ednima a aquellos que tienen que alquilar\u201d.<\/strong> En el mismo sentido, plante\u00f3 medidas \u201curgentes\u201d a tomar, \u201cimpuestos progresivos inmediatos a la vivienda ociosa, cr\u00e9ditos hipotecarios accesibles ya, y un plan nacional de vivienda para solucionar la emergencia nacional\u201d. La candidata de izquierda asegur\u00f3 que\u201del sistema capitalista est\u00e1 destruyendo el planeta. Sequ\u00edas, incendios, ola de calor y contaminaci\u00f3n. A\u00fan as\u00ed todos los candidatos proponen profundizar el camino del extractivismo y el saqueo de los bienes comunes naturales\u201d. \u201cEn Jujuy lo dejaron claro, est\u00e1n dispuestos a todo con tal de que avancen las empresas y saqueen el litio, ese es el secreto econ\u00f3mico que hay detr\u00e1s del llamado a la unidad de Sergio Massa al gobernador Gerardo Morales y otros gobernadores\u201d. <strong>Bregman apunt\u00f3 que \u201cnecesitamos avanzar en un programa de transici\u00f3n energ\u00e9tica, que respete a las comunidades, a las poblaciones, los derechos de los trabajadores y que se inicie por la estatizaci\u00f3n de toda la industria del sector\u201d. Y concluy\u00f3: \u201cLey de humedales ya, por un mar sin petroleras, no a la miner\u00eda contaminante, el agua se defiende\u201d.<\/strong><\/p>\n<p>&nbsp;<\/p>\n<p><strong>Javier Milei dijo que \u201cson tres elementos los fundamentales para determinar el desarrollo humano: los ingresos, la longevidad y la educaci\u00f3n. Dos de los tres est\u00e1n fuertemente vinculados a la libertad econ\u00f3mica\u201d.<\/strong> Agreg\u00f3 que desde su espacio trabajan en el \u00e1rea de ni\u00f1ez y familia en \u201cuna pol\u00edtica de protecci\u00f3n efectiva, eliminar los intermediarios, mejorar la trazabilidad, dar asistencia descentralizada, mejorar la inform\u00e1tica y la transparencia\u201d. Tambi\u00e9n se refiri\u00f3 a la salud y dijo que apuntan a \u201cun seguro de salud con cobertura universal en una acci\u00f3n coordinada con provincias y municipios, para lograr censar a todos los argentinos y que todos tengan acceso a la salud\u201d. Por \u00faltimo se refiri\u00f3 a su \u201ccompromiso con la alfabetizaci\u00f3n\u201d, \u201cuna evaluaci\u00f3n y publicaci\u00f3n de resultados para que haya competencia entre instituciones\u201d y \u201clibre elecci\u00f3n de los contenidos para que cada uno pueda formar su carrera\u201d.<\/p>\n<p>&nbsp;<\/p>\n<p>En su derecho a r\u00e9plica, <strong>Bregman le record\u00f3 a Milei su negacionismo al cambio clim\u00e1tico y que \u00e9l \u201cdefiende la libertad de las empresas a contaminar r\u00edos\u201d. En tanto Bullrich le dijo a Milei que \u201cel desarrollo humano es empezar por respetar a las personas\u201d.<\/strong><\/p>\n<p>&nbsp;<\/p>\n<blockquote><p>Patricia Bullrich dijo \u201cpara que la Argentina tenga desarrollo humano tienen que dejar de robar\u201d y se dirigi\u00f3 a Massa diciendo que \u201chay que sacarse el kirchnerismo de encima\u201d. A\u00f1adi\u00f3 que \u201cnecesitamos que todo el dinero de la Argentina se concentre en la gente\u201d y que el gobierno actual aument\u00f3 100% el Estado de los bur\u00f3cratas\u201d.<\/p><\/blockquote>\n<p><strong>Juan Schiaretti dijo que \u201cel desarrollo humano no es otra cosa que la movilidad social ascendente, derecho a la salud, la educaci\u00f3n, a un trabajo digno y a la vivienda propia\u201d. En la vivienda, Schiaretti propuso que es necesario que \u201chaya cr\u00e9ditos individuales, como en todo el mundo\u201d.<\/strong> Para eso, consider\u00f3 \u201ctiene que haber estabilidad econ\u00f3mica, los cr\u00e9ditos tienen que ser dados y corregidos con la variaci\u00f3n salarial y nunca la cuota puede ser superiores al 25% del ingreso de la familia\u201d, en coincidencia con Massa. Adem\u00e1s, apunt\u00f3 a que \u201cel Estado nacional y provincial deben hacer las viviendas populares para los sectores sin recursos y urbanizar los asentamientos\u201d. Sobre el cuidado de la ecolog\u00eda, destac\u00f3 que \u201chay que continuar cumpliendo los Acuerdos de Par\u00eds y la Agenda 2030 y parar y dar vuelta lo que hizo el kirchnerismo y el gobierno de Massa que bajaron el corte de los biocombustibles perjudicando a las provincias productoras de biocombustibles y aumentando la huella de carbono\u201d. Por \u00faltimo, dijo que \u201chay que crear el mercado nacional de carbono\u201d.<\/p>\n<p>&nbsp;<\/p>\n<p><em>Con informaci\u00f3n de DIB<\/em><\/p>\n<p>&nbsp;<\/p>\n","protected":false},"excerpt":{"rendered":"<p>Fue en la Facultad de Derecho de la UBA en la noche del domingo, a dos semanas de las elecciones.<\/p>\n","protected":false},"author":2,"featured_media":98500,"comment_status":"closed","ping_status":"closed","sticky":false,"template":"","format":"standard","meta":{"_jetpack_memberships_contains_paid_content":false,"footnotes":""},"categories":[6,1],"tags":[],"class_list":["post-98499","post","type-post","status-publish","format-standard","has-post-thumbnail","hentry","category-nacionales","category-portada"],"jetpack_featured_media_url":"https:\/\/i0.wp.com\/cdnoticias.com\/wp-content\/uploads\/2023\/10\/segundo-debate-presidencial-1670893.jpg?fit=987%2C555&ssl=1","jetpack_sharing_enabled":true,"_links":{"self":[{"href":"https:\/\/cdnoticias.com\/index.php\/wp-json\/wp\/v2\/posts\/98499","targetHints":{"allow":["GET"]}}],"collection":[{"href":"https:\/\/cdnoticias.com\/index.php\/wp-json\/wp\/v2\/posts"}],"about":[{"href":"https:\/\/cdnoticias.com\/index.php\/wp-json\/wp\/v2\/types\/post"}],"author":[{"embeddable":true,"href":"https:\/\/cdnoticias.com\/index.php\/wp-json\/wp\/v2\/users\/2"}],"replies":[{"embeddable":true,"href":"https:\/\/cdnoticias.com\/index.php\/wp-json\/wp\/v2\/comments?post=98499"}],"version-history":[{"count":0,"href":"https:\/\/cdnoticias.com\/index.php\/wp-json\/wp\/v2\/posts\/98499\/revisions"}],"wp:featuredmedia":[{"embeddable":true,"href":"https:\/\/cdnoticias.com\/index.php\/wp-json\/wp\/v2\/media\/98500"}],"wp:attachment":[{"href":"https:\/\/cdnoticias.com\/index.php\/wp-json\/wp\/v2\/media?parent=98499"}],"wp:term":[{"taxonomy":"category","embeddable":true,"href":"https:\/\/cdnoticias.com\/index.php\/wp-json\/wp\/v2\/categories?post=98499"},{"taxonomy":"post_tag","embeddable":true,"href":"https:\/\/cdnoticias.com\/index.php\/wp-json\/wp\/v2\/tags?post=98499"}],"curies":[{"name":"wp","href":"https:\/\/api.w.org\/{rel}","templated":true}]}}