{"id":98492,"date":"2023-10-08T22:24:54","date_gmt":"2023-10-09T01:24:54","guid":{"rendered":"https:\/\/www.centraldenoticias.com.ar\/?p=98492"},"modified":"2023-10-09T09:45:45","modified_gmt":"2023-10-09T12:45:45","slug":"el-abogado-cesar-garcia-representara-a-la-familia-de-jennifer-falcon","status":"publish","type":"post","link":"https:\/\/cdnoticias.com\/index.php\/2023\/10\/08\/el-abogado-cesar-garcia-representara-a-la-familia-de-jennifer-falcon\/","title":{"rendered":"El abogado C\u00e9sar Garc\u00eda representar\u00e1 a la familia de Jennifer Falcon"},"content":{"rendered":"<p>Buscar\u00e1 frenar el pedido de libertad condicional que el violador y asesino Mario Sayago present\u00f3 en el Juzgado de Ejecuci\u00f3n Penal de Alvear. \u201cNo podemos permitirnos que una persona con ese prontuario salga a las calles\u201d dijo la familia Falcon.<\/p>\n<p><!--more--><\/p>\n<hr \/>\n<p><strong>La semana pasada se conoci\u00f3 el pedido de libertad condicional presentado por Mario Sayago<\/strong>,<a href=\"https:\/\/cdnoticias.com\/index.php\/2023\/10\/04\/el-asesino-de-jennifer-falcon-pidio-a-la-justicia-la-libertad-condicional\/\" target=\"_blank\" rel=\"noopener\"> violador y asesino de la peque\u00f1a Jennifer Falcon<\/a>. Familiares de la v\u00edctima hab\u00edan dado a conocer esta presentaci\u00f3n del condenado con su rechazo a tal solicitud.<\/p>\n<p>&nbsp;<\/p>\n<p>En las \u00faltimas horas, informaron adem\u00e1s que <strong>designaron al abogado C\u00e9sar Garc\u00eda como representante<\/strong> para expresar formalmente en la Justicia esa posici\u00f3n y adelantaron la posibilidad de hacer una manifestaci\u00f3n callejera.<\/p>\n<p>&nbsp;<\/p>\n<blockquote><p>Los hermanos Leo y Rodrigo Falcon comunicaron en redes sociales que \u201creci\u00e9n el jueves pudimos nombrar a nuestro abogado Cesar Garc\u00eda, para as\u00ed poder ingresar en el caso como particular damnificado\u201d.<\/p><\/blockquote>\n<p>&nbsp;<\/p>\n<p>Adem\u00e1s, explicaron que<strong> Sayago -actualmente alojado en el penal de General Alvear- pudo hacer la presentaci\u00f3n para acceder al beneficio de libertad condicional por su edad y por haber ya cumplido dos tercios de la condena impuesta<\/strong>. Con ello, explicitaron su intenci\u00f3n de <em>\u201cfrenar todo y asegurarnos que los jueces hagan bien su trabajo y as\u00ed evitar que la historia se repita\u201d<\/em>.<\/p>\n<p>&nbsp;<\/p>\n<p><img data-recalc-dims=\"1\" loading=\"lazy\" decoding=\"async\" class=\"size-full wp-image-98493 aligncenter\" src=\"https:\/\/i0.wp.com\/cdnoticias.com\/wp-content\/uploads\/2023\/10\/jennifer-falcon-00.jpg?resize=800%2C680&#038;ssl=1\" alt=\"\" width=\"800\" height=\"680\" srcset=\"https:\/\/i0.wp.com\/cdnoticias.com\/wp-content\/uploads\/2023\/10\/jennifer-falcon-00.jpg?w=952&amp;ssl=1 952w, https:\/\/i0.wp.com\/cdnoticias.com\/wp-content\/uploads\/2023\/10\/jennifer-falcon-00.jpg?resize=300%2C255&amp;ssl=1 300w, https:\/\/i0.wp.com\/cdnoticias.com\/wp-content\/uploads\/2023\/10\/jennifer-falcon-00.jpg?resize=768%2C653&amp;ssl=1 768w\" sizes=\"auto, (max-width: 800px) 100vw, 800px\" \/><\/p>\n<p>&nbsp;<\/p>\n<p>Cabe recordar que antes de la violaci\u00f3n y asesinato de Jennifer en 2001 en Olavarr\u00eda, Sayago ya hab\u00eda cometido e intentado cometer cr\u00edmenes del mismo tipo en el sur del pa\u00eds. <strong>\u201cLa justicia tiene que entender que por culpa de ellos, sali\u00f3 antes\u201d<\/strong> dijeron los familiares y Jennifer para repasar los antecedentes penales de Sayago.<\/p>\n<p>&nbsp;<\/p>\n<blockquote><p>\u201cNo podemos permitirnos que una persona con ese prontuario salga a las calles\u201d sostuvieron para reafirmar en el cierre que \u201cvamos a mover cielo y tierra como familia para que esa lacra no salga jam\u00e1s\u201d.<\/p><\/blockquote>\n<p>&nbsp;<\/p>\n<p><strong>El pedido elevado por Mario Oscar Sayago se analiza en el Juzgado de Ejecuci\u00f3n Penal de Alvear<\/strong> donde la titular es Adriana Raquel Bianco.<\/p>\n<p>&nbsp;<\/p>\n","protected":false},"excerpt":{"rendered":"<p>Buscar\u00e1 frenar el pedido de libertad condicional que el violador y asesino Mario Sayago present\u00f3 en el Juzgado de Ejecuci\u00f3n<\/p>\n","protected":false},"author":4,"featured_media":98187,"comment_status":"closed","ping_status":"closed","sticky":false,"template":"","format":"standard","meta":{"_jetpack_memberships_contains_paid_content":false,"footnotes":""},"categories":[14,1],"tags":[],"class_list":["post-98492","post","type-post","status-publish","format-standard","has-post-thumbnail","hentry","category-policiales","category-portada"],"jetpack_featured_media_url":"https:\/\/i0.wp.com\/cdnoticias.com\/wp-content\/uploads\/2023\/10\/jennifer-falcon.jpg?fit=1080%2C610&ssl=1","jetpack_sharing_enabled":true,"_links":{"self":[{"href":"https:\/\/cdnoticias.com\/index.php\/wp-json\/wp\/v2\/posts\/98492","targetHints":{"allow":["GET"]}}],"collection":[{"href":"https:\/\/cdnoticias.com\/index.php\/wp-json\/wp\/v2\/posts"}],"about":[{"href":"https:\/\/cdnoticias.com\/index.php\/wp-json\/wp\/v2\/types\/post"}],"author":[{"embeddable":true,"href":"https:\/\/cdnoticias.com\/index.php\/wp-json\/wp\/v2\/users\/4"}],"replies":[{"embeddable":true,"href":"https:\/\/cdnoticias.com\/index.php\/wp-json\/wp\/v2\/comments?post=98492"}],"version-history":[{"count":0,"href":"https:\/\/cdnoticias.com\/index.php\/wp-json\/wp\/v2\/posts\/98492\/revisions"}],"wp:featuredmedia":[{"embeddable":true,"href":"https:\/\/cdnoticias.com\/index.php\/wp-json\/wp\/v2\/media\/98187"}],"wp:attachment":[{"href":"https:\/\/cdnoticias.com\/index.php\/wp-json\/wp\/v2\/media?parent=98492"}],"wp:term":[{"taxonomy":"category","embeddable":true,"href":"https:\/\/cdnoticias.com\/index.php\/wp-json\/wp\/v2\/categories?post=98492"},{"taxonomy":"post_tag","embeddable":true,"href":"https:\/\/cdnoticias.com\/index.php\/wp-json\/wp\/v2\/tags?post=98492"}],"curies":[{"name":"wp","href":"https:\/\/api.w.org\/{rel}","templated":true}]}}