{"id":98359,"date":"2023-10-06T17:34:37","date_gmt":"2023-10-06T20:34:37","guid":{"rendered":"https:\/\/www.centraldenoticias.com.ar\/?p=98359"},"modified":"2023-10-06T21:07:05","modified_gmt":"2023-10-07T00:07:05","slug":"wesner-una-agenda-productiva-y-visitas-a-empresas-en-loma-negra","status":"publish","type":"post","link":"https:\/\/cdnoticias.com\/index.php\/2023\/10\/06\/wesner-una-agenda-productiva-y-visitas-a-empresas-en-loma-negra\/","title":{"rendered":"Wesner, una agenda productiva y visitas a empresas en Loma Negra"},"content":{"rendered":"<p>Fue durante este viernes en la localidad serrana. &#8220;La articulaci\u00f3n p\u00fablico privada, la planificaci\u00f3n y la vinculaci\u00f3n con el sector educativo son claves\u201d dijo.<!--more--><\/p>\n<hr \/>\n<p><strong>Maximiliano Wesner contin\u00faa sus recorridas<\/strong>: este viernes visit\u00f3 Gr\u00faas Mart\u00ednez, una empresa familiar con m\u00e1s de 30 a\u00f1os en Loma Negra que brinda servicio a grandes firmas. &#8220;Fui recibido por Oscar y Daniel Mart\u00ednez quienes me contaron de su esfuerzo, progreso y aspiraciones a futuro&#8221;, cont\u00f3.<\/p>\n<p>&nbsp;<\/p>\n<p><img data-recalc-dims=\"1\" loading=\"lazy\" decoding=\"async\" class=\"alignnone size-large wp-image-98362\" src=\"https:\/\/i0.wp.com\/cdnoticias.com\/wp-content\/uploads\/2023\/10\/WhatsApp-Image-2023-10-06-at-16.42.41.jpeg?resize=800%2C530&#038;ssl=1\" alt=\"\" width=\"800\" height=\"530\" srcset=\"https:\/\/i0.wp.com\/cdnoticias.com\/wp-content\/uploads\/2023\/10\/WhatsApp-Image-2023-10-06-at-16.42.41.jpeg?resize=1024%2C678&amp;ssl=1 1024w, https:\/\/i0.wp.com\/cdnoticias.com\/wp-content\/uploads\/2023\/10\/WhatsApp-Image-2023-10-06-at-16.42.41.jpeg?resize=300%2C199&amp;ssl=1 300w, https:\/\/i0.wp.com\/cdnoticias.com\/wp-content\/uploads\/2023\/10\/WhatsApp-Image-2023-10-06-at-16.42.41.jpeg?resize=768%2C508&amp;ssl=1 768w, https:\/\/i0.wp.com\/cdnoticias.com\/wp-content\/uploads\/2023\/10\/WhatsApp-Image-2023-10-06-at-16.42.41.jpeg?w=1286&amp;ssl=1 1286w\" sizes=\"auto, (max-width: 800px) 100vw, 800px\" \/><\/p>\n<p>&nbsp;<\/p>\n<p>Entre sus<strong> propuestas para el sector productivo, Maximiliano Wesner impulsa la realizaci\u00f3n de un censo de Pymes y comercios con el objetivo de<em> \u201celaborar an\u00e1lisis estad\u00edsticos certeros que permitan dise\u00f1ar, evaluar y monitorear pol\u00edticas p\u00fablicas segmentadas para cada tipo de empresa\u201d.<\/em><\/strong><\/p>\n<p>&nbsp;<\/p>\n<p>Luego, <strong>el candidato visit\u00f3 Tecem S.A que brinda transporte, servicios industriales y mantenimiento interno en empresas<\/strong>. Valeria y Juan Mil\u00eda, hijos de Don C\u00e9sar Mil\u00eda quien cre\u00f3 la Pyme a inicios de los noventa, le expresaron los desaf\u00edos actuales de la firma que emplea a m\u00e1s de 75 trabajadores.<\/p>\n<p>&nbsp;<\/p>\n<p><img data-recalc-dims=\"1\" loading=\"lazy\" decoding=\"async\" class=\"alignnone size-full wp-image-98360\" src=\"https:\/\/i0.wp.com\/cdnoticias.com\/wp-content\/uploads\/2023\/10\/WhatsApp-Image-2023-10-06-at-16.42.44.jpeg?resize=800%2C523&#038;ssl=1\" alt=\"\" width=\"800\" height=\"523\" srcset=\"https:\/\/i0.wp.com\/cdnoticias.com\/wp-content\/uploads\/2023\/10\/WhatsApp-Image-2023-10-06-at-16.42.44.jpeg?w=960&amp;ssl=1 960w, https:\/\/i0.wp.com\/cdnoticias.com\/wp-content\/uploads\/2023\/10\/WhatsApp-Image-2023-10-06-at-16.42.44.jpeg?resize=300%2C196&amp;ssl=1 300w, https:\/\/i0.wp.com\/cdnoticias.com\/wp-content\/uploads\/2023\/10\/WhatsApp-Image-2023-10-06-at-16.42.44.jpeg?resize=768%2C502&amp;ssl=1 768w\" sizes=\"auto, (max-width: 800px) 100vw, 800px\" \/><\/p>\n<p>&nbsp;<\/p>\n<p><strong><em>&#8220;La articulaci\u00f3n p\u00fablico privada, la planificaci\u00f3n y la vinculaci\u00f3n con el sector educativo son claves para que el Partido de Olavarr\u00eda vuelva a crecer sobre las bases de la producci\u00f3n y el desarrollo inteligente&#8221;<\/em><\/strong>, remarc\u00f3 Wesner.<\/p>\n","protected":false},"excerpt":{"rendered":"<p>Fue durante este viernes en la localidad serrana. &#8220;La articulaci\u00f3n p\u00fablico privada, la planificaci\u00f3n y la vinculaci\u00f3n con el sector<\/p>\n","protected":false},"author":2,"featured_media":98361,"comment_status":"closed","ping_status":"closed","sticky":false,"template":"","format":"standard","meta":{"_jetpack_memberships_contains_paid_content":false,"footnotes":""},"categories":[5,1],"tags":[],"class_list":["post-98359","post","type-post","status-publish","format-standard","has-post-thumbnail","hentry","category-informacion-general","category-portada"],"jetpack_featured_media_url":"https:\/\/i0.wp.com\/cdnoticias.com\/wp-content\/uploads\/2023\/10\/WhatsApp-Image-2023-10-06-at-16.42.43.jpeg?fit=1286%2C801&ssl=1","jetpack_sharing_enabled":true,"_links":{"self":[{"href":"https:\/\/cdnoticias.com\/index.php\/wp-json\/wp\/v2\/posts\/98359","targetHints":{"allow":["GET"]}}],"collection":[{"href":"https:\/\/cdnoticias.com\/index.php\/wp-json\/wp\/v2\/posts"}],"about":[{"href":"https:\/\/cdnoticias.com\/index.php\/wp-json\/wp\/v2\/types\/post"}],"author":[{"embeddable":true,"href":"https:\/\/cdnoticias.com\/index.php\/wp-json\/wp\/v2\/users\/2"}],"replies":[{"embeddable":true,"href":"https:\/\/cdnoticias.com\/index.php\/wp-json\/wp\/v2\/comments?post=98359"}],"version-history":[{"count":0,"href":"https:\/\/cdnoticias.com\/index.php\/wp-json\/wp\/v2\/posts\/98359\/revisions"}],"wp:featuredmedia":[{"embeddable":true,"href":"https:\/\/cdnoticias.com\/index.php\/wp-json\/wp\/v2\/media\/98361"}],"wp:attachment":[{"href":"https:\/\/cdnoticias.com\/index.php\/wp-json\/wp\/v2\/media?parent=98359"}],"wp:term":[{"taxonomy":"category","embeddable":true,"href":"https:\/\/cdnoticias.com\/index.php\/wp-json\/wp\/v2\/categories?post=98359"},{"taxonomy":"post_tag","embeddable":true,"href":"https:\/\/cdnoticias.com\/index.php\/wp-json\/wp\/v2\/tags?post=98359"}],"curies":[{"name":"wp","href":"https:\/\/api.w.org\/{rel}","templated":true}]}}