{"id":98342,"date":"2023-10-07T18:00:26","date_gmt":"2023-10-07T21:00:26","guid":{"rendered":"https:\/\/www.centraldenoticias.com.ar\/?p=98342"},"modified":"2023-10-08T09:35:06","modified_gmt":"2023-10-08T12:35:06","slug":"la-juventud-de-milei-en-olavarria-un-rugido-que-convoca-cada-vez-mas","status":"publish","type":"post","link":"https:\/\/cdnoticias.com\/index.php\/2023\/10\/07\/la-juventud-de-milei-en-olavarria-un-rugido-que-convoca-cada-vez-mas\/","title":{"rendered":"La juventud de Milei en Olavarr\u00eda: un rugido que convoca cada vez m\u00e1s"},"content":{"rendered":"<p>En su mayor\u00eda varones adolescentes. Buscan una \u201cpol\u00edtica distinta\u201d y la encontraron en el candidato libertario. Dan la batalla en redes, son protagonistas de la campa\u00f1a de Celeste Arouxet. Qui\u00e9nes son y c\u00f3mo se organizan los j\u00f3venes \u201cmileistas\u201d en Olavarr\u00eda.<\/p>\n<p><!--more--><\/p>\n<hr \/>\n<p><em><strong>Agust\u00edn Dal Poggetto \/\/ Especial para Central de Noticias\u00a0<\/strong><\/em><\/p>\n<p><em><strong>\u201c<\/strong><\/em><em><strong>Rugi\u00f3 la bestia en medio de la avenida\u201d.<\/strong><\/em> Los j\u00f3venes atendieron ese llamado.<strong> Javier Milei<\/strong> estaba en la ciudad. Embanderados en <strong>Ahora Olavarr\u00eda<\/strong>, previeron y contagiaron el impacto del fen\u00f3meno. Para ellos no fue sorpresa, aunque para muchos s\u00ed.<\/p>\n<p>Hubo ovaciones, aplausos, banderas y condimentos varios. Entre la multitud, muchos simpatizantes llamaban la atenci\u00f3n por los objetos que llevaron a la caravana: carteles, libros, billetes (pesos y d\u00f3lares). En la mayor\u00eda de los casos buscaban un aut\u00f3grafo del candidato o simplemente quer\u00edan <strong>regalarle al \u201cle\u00f3n\u201d una muestra de bienvenida.<\/strong><\/p>\n<p>La creatividad tambi\u00e9n se vio en las remeras: muchas con la consigna <em>\u201cViva la libertad carajo\u201d<\/em>, varias de ellas acompa\u00f1adas de la \u201cpeluca\u201d de Milei estampada o im\u00e1genes de leones o serpientes (animal asociado al liberalismo), y varias, varias m\u00e1s. Desde temprano, los j\u00f3venes que militan en el espacio libertario local, encabezado por <strong>Celeste Arouxet<\/strong>, se organizaron para hacer entrega de remeras. La consigna impresa en el pecho era<em> <strong>\u201cMilei &#8211; Arouxet 2023\u201d<\/strong><\/em> y en la espalda, el logo de <strong>La Libertad Avanza<\/strong>. La camiseta, igualmente, ya la ten\u00edan puesta hace rato.<\/p>\n<p><img data-recalc-dims=\"1\" loading=\"lazy\" decoding=\"async\" class=\"size-full wp-image-98330 aligncenter\" src=\"https:\/\/i0.wp.com\/cdnoticias.com\/wp-content\/uploads\/2023\/10\/juventud-milei-07.jpg?resize=800%2C445&#038;ssl=1\" alt=\"\" width=\"800\" height=\"445\" srcset=\"https:\/\/i0.wp.com\/cdnoticias.com\/wp-content\/uploads\/2023\/10\/juventud-milei-07.jpg?w=1000&amp;ssl=1 1000w, https:\/\/i0.wp.com\/cdnoticias.com\/wp-content\/uploads\/2023\/10\/juventud-milei-07.jpg?resize=300%2C167&amp;ssl=1 300w, https:\/\/i0.wp.com\/cdnoticias.com\/wp-content\/uploads\/2023\/10\/juventud-milei-07.jpg?resize=768%2C427&amp;ssl=1 768w, https:\/\/i0.wp.com\/cdnoticias.com\/wp-content\/uploads\/2023\/10\/juventud-milei-07.jpg?resize=800%2C445&amp;ssl=1 800w\" sizes=\"auto, (max-width: 800px) 100vw, 800px\" \/><\/p>\n<p><img data-recalc-dims=\"1\" loading=\"lazy\" decoding=\"async\" class=\"size-full wp-image-98331 aligncenter\" src=\"https:\/\/i0.wp.com\/cdnoticias.com\/wp-content\/uploads\/2023\/10\/juventud-milei-08.jpg?resize=800%2C445&#038;ssl=1\" alt=\"\" width=\"800\" height=\"445\" srcset=\"https:\/\/i0.wp.com\/cdnoticias.com\/wp-content\/uploads\/2023\/10\/juventud-milei-08.jpg?w=1000&amp;ssl=1 1000w, https:\/\/i0.wp.com\/cdnoticias.com\/wp-content\/uploads\/2023\/10\/juventud-milei-08.jpg?resize=300%2C167&amp;ssl=1 300w, https:\/\/i0.wp.com\/cdnoticias.com\/wp-content\/uploads\/2023\/10\/juventud-milei-08.jpg?resize=768%2C427&amp;ssl=1 768w, https:\/\/i0.wp.com\/cdnoticias.com\/wp-content\/uploads\/2023\/10\/juventud-milei-08.jpg?resize=800%2C445&amp;ssl=1 800w\" sizes=\"auto, (max-width: 800px) 100vw, 800px\" \/><\/p>\n<p>Semanas atr\u00e1s, <strong>Central de Noticias <\/strong>visit\u00f3 el local de Arouxet para conocer qui\u00e9nes son los j\u00f3venes que la acompa\u00f1an. El d\u00eda del encuentro, la puerta del bunker ubicado en Hornos y 9 de Julio estaba custodiada por la bandera de Olavarr\u00eda y algunos globos celestes y blancos.<\/p>\n<blockquote><p><em><strong>\u201cNo queremos tirar los globos porque son c\u00e1bala\u201d<\/strong><\/em> coment\u00f3 <strong>Luca<\/strong>, quien se sum\u00f3 al grupo de juventudes porque lo invit\u00f3 un amigo que lideraba \u201cla juventud de Celeste\u201d. Hoy es \u00e9l quien contin\u00faa el legado.<\/p><\/blockquote>\n<p>Conoci\u00f3 a Milei por la aplicaci\u00f3n <strong>Tik Tok<em>: \u201cpor un video del libro \u00b4Otra vez sopa\u00b4, que no sab\u00eda que era de \u00e9l. Lo le\u00ed y me sent\u00ed muy conectado. Los ideales eran parecidos\u00a0a los m\u00edos y lo empec\u00e9 a seguir\u201d<\/em><\/strong> record\u00f3 Luca, que con 16 a\u00f1os ya tiene un recorrido en pol\u00edtica estudiantil.<\/p>\n<p>En lo personal, adem\u00e1s de Tik Tok y los libros, Luca mencion\u00f3 que le gusta juntarse con amigos y escuchar rock. El \u00faltimo recital al que asisti\u00f3 fue al de Skay Beilinson, en el Club Estudiantes.<\/p>\n<blockquote><p>Los globos de c\u00e1bala quedaron en la parte de atr\u00e1s del local, junto con boletas que no se usaron y carteles de campa\u00f1a. El reportaje se desarroll\u00f3 en ese espacio debido a la cantidad de personas que comenzaban a llenar la sala principal. Una sensaci\u00f3n compartida de <strong>\u201ccada vez llega m\u00e1s gente\u201d hizo que Luca lo mencionara: \u201csiempre est\u00e1 entrando y saliendo gente. En la juventud somos m\u00e1s o menos cuarenta y siempre se est\u00e1n sumando m\u00e1s. Hay j\u00f3venes de 14 a 26 a\u00f1os\u201d.<\/strong><\/p><\/blockquote>\n<p><img data-recalc-dims=\"1\" loading=\"lazy\" decoding=\"async\" class=\"size-full wp-image-98340 aligncenter\" src=\"https:\/\/i0.wp.com\/cdnoticias.com\/wp-content\/uploads\/2023\/10\/juventud-milei-02.jpg?resize=800%2C445&#038;ssl=1\" alt=\"\" width=\"800\" height=\"445\" srcset=\"https:\/\/i0.wp.com\/cdnoticias.com\/wp-content\/uploads\/2023\/10\/juventud-milei-02.jpg?w=1000&amp;ssl=1 1000w, https:\/\/i0.wp.com\/cdnoticias.com\/wp-content\/uploads\/2023\/10\/juventud-milei-02.jpg?resize=300%2C167&amp;ssl=1 300w, https:\/\/i0.wp.com\/cdnoticias.com\/wp-content\/uploads\/2023\/10\/juventud-milei-02.jpg?resize=768%2C427&amp;ssl=1 768w, https:\/\/i0.wp.com\/cdnoticias.com\/wp-content\/uploads\/2023\/10\/juventud-milei-02.jpg?resize=800%2C445&amp;ssl=1 800w\" sizes=\"auto, (max-width: 800px) 100vw, 800px\" \/><\/p>\n<p><img data-recalc-dims=\"1\" loading=\"lazy\" decoding=\"async\" class=\"size-full wp-image-98339 aligncenter\" src=\"https:\/\/i0.wp.com\/cdnoticias.com\/wp-content\/uploads\/2023\/10\/juventud-milei-01.jpg?resize=800%2C445&#038;ssl=1\" alt=\"\" width=\"800\" height=\"445\" srcset=\"https:\/\/i0.wp.com\/cdnoticias.com\/wp-content\/uploads\/2023\/10\/juventud-milei-01.jpg?w=1000&amp;ssl=1 1000w, https:\/\/i0.wp.com\/cdnoticias.com\/wp-content\/uploads\/2023\/10\/juventud-milei-01.jpg?resize=300%2C167&amp;ssl=1 300w, https:\/\/i0.wp.com\/cdnoticias.com\/wp-content\/uploads\/2023\/10\/juventud-milei-01.jpg?resize=768%2C427&amp;ssl=1 768w, https:\/\/i0.wp.com\/cdnoticias.com\/wp-content\/uploads\/2023\/10\/juventud-milei-01.jpg?resize=800%2C445&amp;ssl=1 800w\" sizes=\"auto, (max-width: 800px) 100vw, 800px\" \/><\/p>\n<p>En un momento de la charla, pas\u00f3 la candidata. Uno de ellos, <strong>Joaqu\u00edn<\/strong>, le grit\u00f3: <em>\u201cpas\u00e1 la contrase\u00f1a, Cele\u201d<\/em>. Quer\u00edan tener acceso a la cuenta de Instagram de Arouxet para \u201cdarle una mano en la comunicaci\u00f3n\u201d. <em><strong>\u201cEs que el perfil de Celeste estaba muy desorganizado, es un Instagram muy de mam\u00e1.<\/strong> Ten\u00eda 500 destacadas, tiene las fotos con <strong>Espert<\/strong> todav\u00eda, imag\u00ednate\u201d<\/em>, cont\u00f3.<\/p>\n<blockquote><p>\u201cPara m\u00ed las redes sociales son la manera de llegar a la gente\u201d resalt\u00f3 Joaqu\u00edn, que con 24 es de los j\u00f3venes m\u00e1s adultos dentro de Ahora Olavarr\u00eda. <strong>\u201cLa campa\u00f1a nuestra fue por redes\u201d,<\/strong> agreg\u00f3 Luca, \u201cporque despu\u00e9s hicimos 400 cartelitos, folletitos y hasta ah\u00ed llegamos. No hicimos una campa\u00f1a semejante a la de otros pol\u00edticos porque el presupuesto no es amplio. <strong>Si no manej\u00e1bamos bien las redes la campa\u00f1a se ca\u00eda\u201d<\/strong>. Adem\u00e1s de la gesti\u00f3n en redes sociales, los j\u00f3venes se reunieron para dise\u00f1ar un spot y encargar 2 mil calcoman\u00edas adem\u00e1s de las que ya pegaron en muchos puntos de la ciudad.<\/p><\/blockquote>\n<p>Los j\u00f3venes de Celeste resaltaron que <em>\u201c<strong>de todo lo que sale en las redes de Ahora Olavarr\u00eda nos encargamos nosotros<\/strong>. Capaz que no tenemos mucha idea, pero son iniciativas nuestras\u201d.<\/em> En relaci\u00f3n con esto, adjudicaron la eficaz llegada de la campa\u00f1a de Milei a los nuevos medios: <em>\u201cNo gast\u00f3 ni un peso en publicidad. Fue un algoritmo de Instagram\u201d<\/em> afirmaron, tambi\u00e9n a modo de gui\u00f1o a<strong> Agust\u00edn Romo<\/strong>, director de la comunicaci\u00f3n digital de La Libertad Avanza y con quien tienen di\u00e1logo frecuente.<\/p>\n<p>A su vez fueron ideas de los j\u00f3venes unos afiches que circularon por el Instagram de <strong>@juventudahoraolavarr\u00eda.<\/strong> Se trat\u00f3 de una edici\u00f3n a modo de burla de los carteles de campa\u00f1a de <strong>Galli<\/strong>:<strong> \u201cOlavarr\u00eda sigue: sin turismo, con las calles rotas\u201d, \u201cEzequiel sigue&#8230; haciendo actos en veda\u201d.<\/strong><\/p>\n<p><img data-recalc-dims=\"1\" loading=\"lazy\" decoding=\"async\" class=\"size-full wp-image-98327 aligncenter\" src=\"https:\/\/i0.wp.com\/cdnoticias.com\/wp-content\/uploads\/2023\/10\/juventud-milei-04.jpg?resize=800%2C445&#038;ssl=1\" alt=\"\" width=\"800\" height=\"445\" srcset=\"https:\/\/i0.wp.com\/cdnoticias.com\/wp-content\/uploads\/2023\/10\/juventud-milei-04.jpg?w=1000&amp;ssl=1 1000w, https:\/\/i0.wp.com\/cdnoticias.com\/wp-content\/uploads\/2023\/10\/juventud-milei-04.jpg?resize=300%2C167&amp;ssl=1 300w, https:\/\/i0.wp.com\/cdnoticias.com\/wp-content\/uploads\/2023\/10\/juventud-milei-04.jpg?resize=768%2C427&amp;ssl=1 768w, https:\/\/i0.wp.com\/cdnoticias.com\/wp-content\/uploads\/2023\/10\/juventud-milei-04.jpg?resize=800%2C445&amp;ssl=1 800w\" sizes=\"auto, (max-width: 800px) 100vw, 800px\" \/><\/p>\n<p><img data-recalc-dims=\"1\" loading=\"lazy\" decoding=\"async\" class=\"size-full wp-image-98341 aligncenter\" src=\"https:\/\/i0.wp.com\/cdnoticias.com\/wp-content\/uploads\/2023\/10\/juventud-milei-03.jpg?resize=800%2C445&#038;ssl=1\" alt=\"\" width=\"800\" height=\"445\" srcset=\"https:\/\/i0.wp.com\/cdnoticias.com\/wp-content\/uploads\/2023\/10\/juventud-milei-03.jpg?w=1000&amp;ssl=1 1000w, https:\/\/i0.wp.com\/cdnoticias.com\/wp-content\/uploads\/2023\/10\/juventud-milei-03.jpg?resize=300%2C167&amp;ssl=1 300w, https:\/\/i0.wp.com\/cdnoticias.com\/wp-content\/uploads\/2023\/10\/juventud-milei-03.jpg?resize=768%2C427&amp;ssl=1 768w, https:\/\/i0.wp.com\/cdnoticias.com\/wp-content\/uploads\/2023\/10\/juventud-milei-03.jpg?resize=800%2C445&amp;ssl=1 800w\" sizes=\"auto, (max-width: 800px) 100vw, 800px\" \/><\/p>\n<p><strong><em>\u201cEn la cuenta de la juventud siempre la picanteamos. Con humor\u201d<\/em> <\/strong>advirtieron. \u201cLas chicanas tambi\u00e9n las contesto con esa cuenta o con la m\u00eda personal\u201d agreg\u00f3 Luca.<\/p>\n<p>Y sigui\u00f3: \u201cMe encanta debatir. Yo pertenezco al Consejo Consultivo y al Parlamento Estudiantil, que re\u00fane a representantes de escuelas secundarias de la provincia. Aparec\u00ed en T\u00e9lam, en Canal Encuentro. Son medios que no van a existir m\u00e1s\u201d dijo entre risas y record\u00f3 que tiene una foto con el gobernador <strong>Kicillof<\/strong> en el portal T\u00e9lam.<\/p>\n<h2><strong>La militancia en la ciudad<\/strong><\/h2>\n<p>En Olavarr\u00eda tienen una militancia activa.<em> \u201cAhora se aprob\u00f3 por resoluci\u00f3n del HCD un proyecto para que se pueda usar la <strong>bandera de Olavarr\u00eda en actos escolares y ceremoniales\u201d<\/strong> <\/em>coment\u00f3 Luca, quien insisti\u00f3 en su escuela para que la bandera se empiece a usar y se alegr\u00f3 cuando en el desfile del 25 de Mayo estaba la insignia de Olavarr\u00eda.<\/p>\n<p>\u201cHablando con j\u00f3venes de otros Centros de Estudiantes<strong> veo que algunos le tienen miedo a la palabra pol\u00edtica.<\/strong> Pero ya con estar en un Centro est\u00e1s haciendo pol\u00edtica. Es pol\u00edtica estudiantil. Nosotros <strong>presentamos otro proyecto para que se baje la edad para ser concejal<\/strong> porque ahora ten\u00e9s que tener 25 a\u00f1os, pero para ser diputado s\u00f3lo 21. Y uno arranca a hacer pol\u00edtica primero en su ciudad\u201d expres\u00f3.<\/p>\n<p>Mencionaron que en general la invitaci\u00f3n es boca a boca y muchas veces a trav\u00e9s de la visita al local:<em> \u201cla mayor\u00eda viene con sus padres y nosotros les comentamos que somos un espacio de juventudes y los invitamos\u201d<\/em>, coment\u00f3 Luca.<\/p>\n<p><img data-recalc-dims=\"1\" loading=\"lazy\" decoding=\"async\" class=\"size-full wp-image-98337 aligncenter\" src=\"https:\/\/i0.wp.com\/cdnoticias.com\/wp-content\/uploads\/2023\/10\/juventud-milei-14.jpg?resize=800%2C445&#038;ssl=1\" alt=\"\" width=\"800\" height=\"445\" srcset=\"https:\/\/i0.wp.com\/cdnoticias.com\/wp-content\/uploads\/2023\/10\/juventud-milei-14.jpg?w=1000&amp;ssl=1 1000w, https:\/\/i0.wp.com\/cdnoticias.com\/wp-content\/uploads\/2023\/10\/juventud-milei-14.jpg?resize=300%2C167&amp;ssl=1 300w, https:\/\/i0.wp.com\/cdnoticias.com\/wp-content\/uploads\/2023\/10\/juventud-milei-14.jpg?resize=768%2C427&amp;ssl=1 768w, https:\/\/i0.wp.com\/cdnoticias.com\/wp-content\/uploads\/2023\/10\/juventud-milei-14.jpg?resize=800%2C445&amp;ssl=1 800w\" sizes=\"auto, (max-width: 800px) 100vw, 800px\" \/><\/p>\n<blockquote><p>La entrevista comenz\u00f3 con tres personas y durante el transcurso de la charla lleg\u00f3 a siete. \u201cYo los vi en Instagram\u201d, mencion\u00f3 una adolescente que ese d\u00eda empez\u00f3 a participar de las reuniones. \u201cVine porque me dio esperanza\u201d, agreg\u00f3. \u201cYo vine por cansancio\u201d, sum\u00f3 otro de los nuevos integrantes. \u201cHoy es mi primera vez ac\u00e1 y mi primera vez militando en pol\u00edtica. Mis familiares y amigos no saben. Casi toda mi familia es kirchnerista y me peleo con todos\u201d, reconoci\u00f3<em>.<\/em><\/p><\/blockquote>\n<p>Las <strong>diferencias ideol\u00f3gicas con familiares<\/strong> fueron un factor que se repiti\u00f3. \u201cMis familiares eran todos peronistas, pero les quem\u00e9 la cabeza y ahora votan todos a Milei. No militan, pero me ayudan. Saben que me gusta\u201d mencion\u00f3 Luca, que adem\u00e1s subray\u00f3 que <strong>el trabajo que hacen los j\u00f3venes \u201ces mucho\u201d<\/strong>.<\/p>\n<p><strong><em>\u201cCeleste siempre nos dice que somos su orgullo. Para nosotros ella tambi\u00e9n. En ella encontramos una pol\u00edtica distinta\u201d<\/em><\/strong> expres\u00f3 Joaqu\u00edn.<\/p>\n<h2><strong>La llegada de Milei<\/strong><\/h2>\n<p><a href=\"https:\/\/cdnoticias.com\/index.php\/2023\/09\/15\/convocante-caravana-de-la-libertad-firmas-y-fotos-con-milei-en-olavarria\/\" target=\"_blank\" rel=\"noopener\">El d\u00eda que lleg\u00f3 el le\u00f3n<\/a>, <strong>Olavarr\u00eda era una selva.<\/strong> Del local partidario los j\u00f3venes llevaron los globos de c\u00e1bala, los 2 mil stickers, la euforia, la sensaci\u00f3n de <strong>\u201ccada vez llega m\u00e1s gente\u201d.<\/strong><\/p>\n<p><img data-recalc-dims=\"1\" loading=\"lazy\" decoding=\"async\" class=\"size-full wp-image-98335 aligncenter\" src=\"https:\/\/i0.wp.com\/cdnoticias.com\/wp-content\/uploads\/2023\/10\/juventud-milei-12.jpg?resize=800%2C445&#038;ssl=1\" alt=\"\" width=\"800\" height=\"445\" srcset=\"https:\/\/i0.wp.com\/cdnoticias.com\/wp-content\/uploads\/2023\/10\/juventud-milei-12.jpg?w=1000&amp;ssl=1 1000w, https:\/\/i0.wp.com\/cdnoticias.com\/wp-content\/uploads\/2023\/10\/juventud-milei-12.jpg?resize=300%2C167&amp;ssl=1 300w, https:\/\/i0.wp.com\/cdnoticias.com\/wp-content\/uploads\/2023\/10\/juventud-milei-12.jpg?resize=768%2C427&amp;ssl=1 768w, https:\/\/i0.wp.com\/cdnoticias.com\/wp-content\/uploads\/2023\/10\/juventud-milei-12.jpg?resize=800%2C445&amp;ssl=1 800w\" sizes=\"auto, (max-width: 800px) 100vw, 800px\" \/><\/p>\n<p><img data-recalc-dims=\"1\" loading=\"lazy\" decoding=\"async\" class=\"size-full wp-image-98332 aligncenter\" src=\"https:\/\/i0.wp.com\/cdnoticias.com\/wp-content\/uploads\/2023\/10\/juventud-milei-09.jpg?resize=800%2C445&#038;ssl=1\" alt=\"\" width=\"800\" height=\"445\" srcset=\"https:\/\/i0.wp.com\/cdnoticias.com\/wp-content\/uploads\/2023\/10\/juventud-milei-09.jpg?w=1000&amp;ssl=1 1000w, https:\/\/i0.wp.com\/cdnoticias.com\/wp-content\/uploads\/2023\/10\/juventud-milei-09.jpg?resize=300%2C167&amp;ssl=1 300w, https:\/\/i0.wp.com\/cdnoticias.com\/wp-content\/uploads\/2023\/10\/juventud-milei-09.jpg?resize=768%2C427&amp;ssl=1 768w, https:\/\/i0.wp.com\/cdnoticias.com\/wp-content\/uploads\/2023\/10\/juventud-milei-09.jpg?resize=800%2C445&amp;ssl=1 800w\" sizes=\"auto, (max-width: 800px) 100vw, 800px\" \/><\/p>\n<p>En la plaza Central el cuadro se complet\u00f3 con la motosierra, la m\u00e1scara de le\u00f3n, los bombos, las banderas de argentina, las banderas libertarias, los ejemplares de \u201cOtra vez sopa\u201d, los twitteros de las chicanas, las c\u00e1maras, los celulares. <strong>Un evento que la juventud de Celeste vio venir. Estaban preparados para registrarlo todo, para trasmitirlo en vivo.<\/strong><\/p>\n<p>Que los j\u00f3venes olavarrienses iban a copar las calles esperando a Milei era de suponerse. En las redes sociales, en los medios de comunicaci\u00f3n, hasta en las aulas de escuela se percibe la efusi\u00f3n de los m\u00e1s pibes por el libertario. Lo interesante en la caravana local fue la manera de demostrarlo. Mientras muchos vecinos y vecinas estiraban la mano para recibir un saludo, o hacer llegar una bandera o una boleta (hasta comida), <strong>los j\u00f3venes, en su mayor\u00eda varones, le ofrec\u00edan sus uniformes de la escuela, sus mochilas<\/strong>.<\/p>\n<p><img data-recalc-dims=\"1\" loading=\"lazy\" decoding=\"async\" class=\"size-full wp-image-98329 aligncenter\" src=\"https:\/\/i0.wp.com\/cdnoticias.com\/wp-content\/uploads\/2023\/10\/juventud-milei-06.jpg?resize=800%2C445&#038;ssl=1\" alt=\"\" width=\"800\" height=\"445\" srcset=\"https:\/\/i0.wp.com\/cdnoticias.com\/wp-content\/uploads\/2023\/10\/juventud-milei-06.jpg?w=1000&amp;ssl=1 1000w, https:\/\/i0.wp.com\/cdnoticias.com\/wp-content\/uploads\/2023\/10\/juventud-milei-06.jpg?resize=300%2C167&amp;ssl=1 300w, https:\/\/i0.wp.com\/cdnoticias.com\/wp-content\/uploads\/2023\/10\/juventud-milei-06.jpg?resize=768%2C427&amp;ssl=1 768w, https:\/\/i0.wp.com\/cdnoticias.com\/wp-content\/uploads\/2023\/10\/juventud-milei-06.jpg?resize=800%2C445&amp;ssl=1 800w\" sizes=\"auto, (max-width: 800px) 100vw, 800px\" \/><\/p>\n<p><img data-recalc-dims=\"1\" loading=\"lazy\" decoding=\"async\" class=\"size-full wp-image-98333 aligncenter\" src=\"https:\/\/i0.wp.com\/cdnoticias.com\/wp-content\/uploads\/2023\/10\/juventud-milei-10.jpg?resize=800%2C445&#038;ssl=1\" alt=\"\" width=\"800\" height=\"445\" srcset=\"https:\/\/i0.wp.com\/cdnoticias.com\/wp-content\/uploads\/2023\/10\/juventud-milei-10.jpg?w=1000&amp;ssl=1 1000w, https:\/\/i0.wp.com\/cdnoticias.com\/wp-content\/uploads\/2023\/10\/juventud-milei-10.jpg?resize=300%2C167&amp;ssl=1 300w, https:\/\/i0.wp.com\/cdnoticias.com\/wp-content\/uploads\/2023\/10\/juventud-milei-10.jpg?resize=768%2C427&amp;ssl=1 768w, https:\/\/i0.wp.com\/cdnoticias.com\/wp-content\/uploads\/2023\/10\/juventud-milei-10.jpg?resize=800%2C445&amp;ssl=1 800w\" sizes=\"auto, (max-width: 800px) 100vw, 800px\" \/><\/p>\n<p>Entre los cientos de celulares grabando el show de la motosierra, ellos <strong>se ayudaban entre s\u00ed para alcanzarle a \u201cJavi\u201d el examen escrito de uno, la patineta de otro, la gorra, lo propio.<\/strong><\/p>\n<p>La cantidad de gente acompa\u00f1ando la caravana hizo que la camioneta en la que iba el candidato s\u00f3lo pudiera avanzar dos cuadras: suficiente para que los adolescentes consiguieran el aut\u00f3grafo de Milei.<\/p>\n<p>Terminado el recorrido, permaneci\u00f3 en las calles la resaca de la euforia libertaria. En los parlantes, qued\u00f3 sonando La Renga: \u201cPanic Show\u201d a plena luz del d\u00eda. El centro de la ciudad, recuper\u00f3 el ritmo casi nulo de un viernes 3 PM.<\/p>\n<p><img data-recalc-dims=\"1\" loading=\"lazy\" decoding=\"async\" class=\"size-full wp-image-98334 aligncenter\" src=\"https:\/\/i0.wp.com\/cdnoticias.com\/wp-content\/uploads\/2023\/10\/juventud-milei-11.jpg?resize=800%2C446&#038;ssl=1\" alt=\"\" width=\"800\" height=\"446\" srcset=\"https:\/\/i0.wp.com\/cdnoticias.com\/wp-content\/uploads\/2023\/10\/juventud-milei-11.jpg?w=1000&amp;ssl=1 1000w, https:\/\/i0.wp.com\/cdnoticias.com\/wp-content\/uploads\/2023\/10\/juventud-milei-11.jpg?resize=300%2C167&amp;ssl=1 300w, https:\/\/i0.wp.com\/cdnoticias.com\/wp-content\/uploads\/2023\/10\/juventud-milei-11.jpg?resize=768%2C428&amp;ssl=1 768w, https:\/\/i0.wp.com\/cdnoticias.com\/wp-content\/uploads\/2023\/10\/juventud-milei-11.jpg?resize=800%2C445&amp;ssl=1 800w\" sizes=\"auto, (max-width: 800px) 100vw, 800px\" \/><\/p>\n<p><img data-recalc-dims=\"1\" loading=\"lazy\" decoding=\"async\" class=\"size-full wp-image-98336 aligncenter\" src=\"https:\/\/i0.wp.com\/cdnoticias.com\/wp-content\/uploads\/2023\/10\/juventud-milei-13.jpg?resize=800%2C445&#038;ssl=1\" alt=\"\" width=\"800\" height=\"445\" srcset=\"https:\/\/i0.wp.com\/cdnoticias.com\/wp-content\/uploads\/2023\/10\/juventud-milei-13.jpg?w=1000&amp;ssl=1 1000w, https:\/\/i0.wp.com\/cdnoticias.com\/wp-content\/uploads\/2023\/10\/juventud-milei-13.jpg?resize=300%2C167&amp;ssl=1 300w, https:\/\/i0.wp.com\/cdnoticias.com\/wp-content\/uploads\/2023\/10\/juventud-milei-13.jpg?resize=768%2C427&amp;ssl=1 768w, https:\/\/i0.wp.com\/cdnoticias.com\/wp-content\/uploads\/2023\/10\/juventud-milei-13.jpg?resize=800%2C445&amp;ssl=1 800w\" sizes=\"auto, (max-width: 800px) 100vw, 800px\" \/><\/p>\n","protected":false},"excerpt":{"rendered":"<p>En su mayor\u00eda varones adolescentes. Buscan una \u201cpol\u00edtica distinta\u201d y la encontraron en el candidato libertario. Dan la batalla en<\/p>\n","protected":false},"author":2,"featured_media":98338,"comment_status":"closed","ping_status":"closed","sticky":false,"template":"","format":"standard","meta":{"_jetpack_memberships_contains_paid_content":false,"footnotes":""},"categories":[4,1],"tags":[],"class_list":["post-98342","post","type-post","status-publish","format-standard","has-post-thumbnail","hentry","category-politica","category-portada"],"jetpack_featured_media_url":"https:\/\/i0.wp.com\/cdnoticias.com\/wp-content\/uploads\/2023\/10\/juventud-milei-00.jpg?fit=1000%2C556&ssl=1","jetpack_sharing_enabled":true,"_links":{"self":[{"href":"https:\/\/cdnoticias.com\/index.php\/wp-json\/wp\/v2\/posts\/98342","targetHints":{"allow":["GET"]}}],"collection":[{"href":"https:\/\/cdnoticias.com\/index.php\/wp-json\/wp\/v2\/posts"}],"about":[{"href":"https:\/\/cdnoticias.com\/index.php\/wp-json\/wp\/v2\/types\/post"}],"author":[{"embeddable":true,"href":"https:\/\/cdnoticias.com\/index.php\/wp-json\/wp\/v2\/users\/2"}],"replies":[{"embeddable":true,"href":"https:\/\/cdnoticias.com\/index.php\/wp-json\/wp\/v2\/comments?post=98342"}],"version-history":[{"count":0,"href":"https:\/\/cdnoticias.com\/index.php\/wp-json\/wp\/v2\/posts\/98342\/revisions"}],"wp:featuredmedia":[{"embeddable":true,"href":"https:\/\/cdnoticias.com\/index.php\/wp-json\/wp\/v2\/media\/98338"}],"wp:attachment":[{"href":"https:\/\/cdnoticias.com\/index.php\/wp-json\/wp\/v2\/media?parent=98342"}],"wp:term":[{"taxonomy":"category","embeddable":true,"href":"https:\/\/cdnoticias.com\/index.php\/wp-json\/wp\/v2\/categories?post=98342"},{"taxonomy":"post_tag","embeddable":true,"href":"https:\/\/cdnoticias.com\/index.php\/wp-json\/wp\/v2\/tags?post=98342"}],"curies":[{"name":"wp","href":"https:\/\/api.w.org\/{rel}","templated":true}]}}