{"id":98314,"date":"2023-10-06T18:46:47","date_gmt":"2023-10-06T21:46:47","guid":{"rendered":"https:\/\/www.centraldenoticias.com.ar\/?p=98314"},"modified":"2023-10-06T18:46:48","modified_gmt":"2023-10-06T21:46:48","slug":"transporte-publico-refuerzo-en-el-servicio-desde-loma-negra","status":"publish","type":"post","link":"https:\/\/cdnoticias.com\/index.php\/2023\/10\/06\/transporte-publico-refuerzo-en-el-servicio-desde-loma-negra\/","title":{"rendered":"Transporte P\u00fablico: refuerzo en el servicio desde Loma Negra"},"content":{"rendered":"<p>Comenzar\u00e1 a regir el pr\u00f3ximo lunes, en el horario del mediod\u00eda para \u201catender a la demanda de sus usuarios\u201d. Se eliminar\u00e1 el servicio que sal\u00eda martes y jueves a las 11 horas desde la localidad.<\/p>\n<p><!--more--><\/p>\n<hr \/>\n<p>Desde la<strong> Secretar\u00eda de Gobierno de la Municipalidad<\/strong> de Olavarr\u00eda se informa que <strong>a partir de la pr\u00f3xima semana se dispondr\u00e1 un refuerzo en el servicio de transporte p\u00fablico interurbano<\/strong>, en la l\u00ednea que une<strong> Loma Negra con Olavarr\u00eda<\/strong>.<\/p>\n<p>&nbsp;<\/p>\n<p>De acuerdo con lo que se detall\u00f3, ser\u00e1 <strong>a partir del pr\u00f3ximo lunes, en el horario de las 12<\/strong>, para el servicio que parte desde la localidad serrana.<\/p>\n<p>&nbsp;<\/p>\n<blockquote><p>Se enfatiz\u00f3 que la medida \u201cse adopta con el objetivo de maximizar los recursos y atender a la demanda de sus usuarios\u201d. A la par, se explic\u00f3 \u201cfuncionar\u00e1 durante todos los d\u00edas de la semana\u201d.<\/p><\/blockquote>\n<p>&nbsp;<\/p>\n<p>Por \u00faltimo, se a\u00f1adi\u00f3 que <strong>quedar\u00e1 sin efecto el servicio que sal\u00eda martes y jueves a las 11 horas, tambi\u00e9n desde Loma Negra a Olavarr\u00eda<\/strong>.<\/p>\n<p>&nbsp;<\/p>\n","protected":false},"excerpt":{"rendered":"<p>Comenzar\u00e1 a regir el pr\u00f3ximo lunes, en el horario del mediod\u00eda para \u201catender a la demanda de sus usuarios\u201d. Se<\/p>\n","protected":false},"author":4,"featured_media":64805,"comment_status":"closed","ping_status":"closed","sticky":false,"template":"","format":"standard","meta":{"_jetpack_memberships_contains_paid_content":false,"footnotes":""},"categories":[5,1],"tags":[],"class_list":["post-98314","post","type-post","status-publish","format-standard","has-post-thumbnail","hentry","category-informacion-general","category-portada"],"jetpack_featured_media_url":"https:\/\/i0.wp.com\/cdnoticias.com\/wp-content\/uploads\/2022\/09\/transporte-las-sierras-colectivo-00.jpg?fit=800%2C445&ssl=1","jetpack_sharing_enabled":true,"_links":{"self":[{"href":"https:\/\/cdnoticias.com\/index.php\/wp-json\/wp\/v2\/posts\/98314","targetHints":{"allow":["GET"]}}],"collection":[{"href":"https:\/\/cdnoticias.com\/index.php\/wp-json\/wp\/v2\/posts"}],"about":[{"href":"https:\/\/cdnoticias.com\/index.php\/wp-json\/wp\/v2\/types\/post"}],"author":[{"embeddable":true,"href":"https:\/\/cdnoticias.com\/index.php\/wp-json\/wp\/v2\/users\/4"}],"replies":[{"embeddable":true,"href":"https:\/\/cdnoticias.com\/index.php\/wp-json\/wp\/v2\/comments?post=98314"}],"version-history":[{"count":0,"href":"https:\/\/cdnoticias.com\/index.php\/wp-json\/wp\/v2\/posts\/98314\/revisions"}],"wp:featuredmedia":[{"embeddable":true,"href":"https:\/\/cdnoticias.com\/index.php\/wp-json\/wp\/v2\/media\/64805"}],"wp:attachment":[{"href":"https:\/\/cdnoticias.com\/index.php\/wp-json\/wp\/v2\/media?parent=98314"}],"wp:term":[{"taxonomy":"category","embeddable":true,"href":"https:\/\/cdnoticias.com\/index.php\/wp-json\/wp\/v2\/categories?post=98314"},{"taxonomy":"post_tag","embeddable":true,"href":"https:\/\/cdnoticias.com\/index.php\/wp-json\/wp\/v2\/tags?post=98314"}],"curies":[{"name":"wp","href":"https:\/\/api.w.org\/{rel}","templated":true}]}}