{"id":98294,"date":"2023-10-06T11:08:12","date_gmt":"2023-10-06T14:08:12","guid":{"rendered":"https:\/\/www.centraldenoticias.com.ar\/?p=98294"},"modified":"2023-10-06T11:08:12","modified_gmt":"2023-10-06T14:08:12","slug":"gabriel-suburu-considero-que-su-candidatura-al-hcd-es-un-reconocimiento-a-su-trabajo","status":"publish","type":"post","link":"https:\/\/cdnoticias.com\/index.php\/2023\/10\/06\/gabriel-suburu-considero-que-su-candidatura-al-hcd-es-un-reconocimiento-a-su-trabajo\/","title":{"rendered":"Gabriel Suburu consider\u00f3 que su candidatura al HCD es un \u201creconocimiento\u201d a su trabajo"},"content":{"rendered":"<p>El lomanegrense est\u00e1 en la lista de Ezequiel Galli. \u201cSiento que es un reconocimiento a mi trabajo como Delegado\u201d destac\u00f3.<\/p>\n<p><!--more--><\/p>\n<hr \/>\n<p><strong>El delegado de Loma Negra Gabriel Suburu<\/strong> integra la <strong>lista de candidatos a concejales del intendente Ezequiel Galli<\/strong> y se mostr\u00f3<strong> feliz \u201cpor ocupar el ofrecimiento\u201d<\/strong>.<\/p>\n<p>&nbsp;<\/p>\n<blockquote><p>\u201cEs un placer integrar la lista de concejales de Ezequiel Galli. Me sorprendi\u00f3 mucho cuando me ofrecieron un lugar porque no vengo del palo de la pol\u00edtica y la verdad es que lo tomo como un reconocimiento a mi trabajo como delegado\u201d, expres\u00f3.<\/p><\/blockquote>\n<p>&nbsp;<\/p>\n<p>Luego Suburu explic\u00f3 que \u201cLoma Negra es para m\u00ed el mejor lugar que uno puede elegir para vivir. <em>Decid\u00ed involucrarme, me present\u00e9 en la elecci\u00f3n de delegados y tuve el acompa\u00f1amiento de los vecinos.<\/em> Ahora, desde este lugar que me toca trato darle un salto de calidad\u201d.<\/p>\n<p>&nbsp;<\/p>\n<p><strong>Suburu reconoci\u00f3 que encontr\u00f3 \u201cun equipo que abri\u00f3 todas las puertas de la gesti\u00f3n.<\/strong> Me facilitaron mucho las cosas para poder llevar r<em>espuestas a los vecinos con m\u00e1s espacios verdes, obras p\u00fablicas, fiestas populares, sumamos c\u00e1maras de seguridad, mejoramos en el Centro de Atenci\u00f3n Primaria de la Salud<\/em>, entre otras cosas\u201d.<\/p>\n<p>&nbsp;<\/p>\n<p>\u201cSabemos que hay muchas cosas a\u00fan por hacer por Loma Negra, pero siempre creyendo que <em>con el di\u00e1logo como una de las principales herramientas de la pol\u00edtica todo llega\u201d<\/em>, dijo.<\/p>\n<p>&nbsp;<\/p>\n<blockquote><p>Por \u00faltimo, el delegado de Loma Negra invit\u00f3 \u201ca los vecinos para que el 22 de octubre nos den la posibilidad de continuar gobernando el Partido de Olavarr\u00eda\u201d.<\/p><\/blockquote>\n<p>&nbsp;<\/p>\n","protected":false},"excerpt":{"rendered":"<p>El lomanegrense est\u00e1 en la lista de Ezequiel Galli. \u201cSiento que es un reconocimiento a mi trabajo como Delegado\u201d destac\u00f3.<\/p>\n","protected":false},"author":4,"featured_media":98297,"comment_status":"closed","ping_status":"closed","sticky":false,"template":"","format":"standard","meta":{"_jetpack_memberships_contains_paid_content":false,"footnotes":""},"categories":[4,1],"tags":[],"class_list":["post-98294","post","type-post","status-publish","format-standard","has-post-thumbnail","hentry","category-politica","category-portada"],"jetpack_featured_media_url":"https:\/\/i0.wp.com\/cdnoticias.com\/wp-content\/uploads\/2023\/10\/gabriel-suburu.jpg?fit=800%2C445&ssl=1","jetpack_sharing_enabled":true,"_links":{"self":[{"href":"https:\/\/cdnoticias.com\/index.php\/wp-json\/wp\/v2\/posts\/98294","targetHints":{"allow":["GET"]}}],"collection":[{"href":"https:\/\/cdnoticias.com\/index.php\/wp-json\/wp\/v2\/posts"}],"about":[{"href":"https:\/\/cdnoticias.com\/index.php\/wp-json\/wp\/v2\/types\/post"}],"author":[{"embeddable":true,"href":"https:\/\/cdnoticias.com\/index.php\/wp-json\/wp\/v2\/users\/4"}],"replies":[{"embeddable":true,"href":"https:\/\/cdnoticias.com\/index.php\/wp-json\/wp\/v2\/comments?post=98294"}],"version-history":[{"count":0,"href":"https:\/\/cdnoticias.com\/index.php\/wp-json\/wp\/v2\/posts\/98294\/revisions"}],"wp:featuredmedia":[{"embeddable":true,"href":"https:\/\/cdnoticias.com\/index.php\/wp-json\/wp\/v2\/media\/98297"}],"wp:attachment":[{"href":"https:\/\/cdnoticias.com\/index.php\/wp-json\/wp\/v2\/media?parent=98294"}],"wp:term":[{"taxonomy":"category","embeddable":true,"href":"https:\/\/cdnoticias.com\/index.php\/wp-json\/wp\/v2\/categories?post=98294"},{"taxonomy":"post_tag","embeddable":true,"href":"https:\/\/cdnoticias.com\/index.php\/wp-json\/wp\/v2\/tags?post=98294"}],"curies":[{"name":"wp","href":"https:\/\/api.w.org\/{rel}","templated":true}]}}