{"id":98290,"date":"2023-10-06T19:26:17","date_gmt":"2023-10-06T22:26:17","guid":{"rendered":"https:\/\/www.centraldenoticias.com.ar\/?p=98290"},"modified":"2023-10-06T19:26:18","modified_gmt":"2023-10-06T22:26:18","slug":"cristian-girard-aseguro-que-la-fuga-de-capitales-con-evasion-fiscal-es-un-delito-penal","status":"publish","type":"post","link":"https:\/\/cdnoticias.com\/index.php\/2023\/10\/06\/cristian-girard-aseguro-que-la-fuga-de-capitales-con-evasion-fiscal-es-un-delito-penal\/","title":{"rendered":"Cristian Girard asegur\u00f3 que \u201cla fuga de capitales con evasi\u00f3n fiscal es un delito penal\u201d"},"content":{"rendered":"<p>Director de ARBA respald\u00f3 a Sergio Massa en sus propuestas de campa\u00f1a para formalizar la econom\u00eda y combatir con penas de c\u00e1rcel la evasi\u00f3n fiscal y la fuga de capitales.<\/p>\n<p><!--more--><\/p>\n<hr \/>\n<p><strong>El director de la Agencia de Recaudaci\u00f3n de la provincia de Buenos Aires (ARBA), Cristian Girard, apoy\u00f3 las propuestas de Sergio Massa<\/strong> para formalizar la econom\u00eda y <strong>combatir con penas de c\u00e1rcel la evasi\u00f3n fiscal y la fuga de capitales<\/strong>, y sostuvo que en nuestro pa\u00eds <em>\u201cnunca nadie vio a alguien preso por evadir, porque el derecho penal en Argentina no suele aplicarse sobre los ricos que evaden\u201d<\/em>.<\/p>\n<p>&nbsp;<\/p>\n<blockquote><p>\u201cLa fuga de capitales con evasi\u00f3n fiscal es un delito penal. A m\u00ed me parece que es muy importante lo que est\u00e1 planteando Sergio Massa en la campa\u00f1a respecto de avanzar contra los mecanismos de evasi\u00f3n y fuga\u201d, destac\u00f3 Girard durante un streaming que comparti\u00f3 con Natal\u00ed \u201cLa Inca\u201d Incaminato, en la plataforma Twitch.<\/p><\/blockquote>\n<p>&nbsp;<\/p>\n<p>En la entrevista, el titular de ARBA<strong> cuestion\u00f3 al expresidente Mauricio Macri<\/strong> \u201cpor decir que la \u00fanica forma de hacer guita en este pa\u00eds es evadiendo impuestos. Esta vez lo hizo en una conferencia en la Universidad de Harvard, pero es algo que ya ha repetido otras veces\u201d.<\/p>\n<p>&nbsp;<\/p>\n<blockquote class=\"twitter-tweet\">\n<p dir=\"ltr\" lang=\"es\">La fuga de capitales con evasi\u00f3n fiscal es un delito penal. A a m\u00ed me parece que es muy importante lo que est\u00e1 planteando <a href=\"https:\/\/twitter.com\/SergioMassa?ref_src=twsrc%5Etfw\">@SergioMassa<\/a> en la campa\u00f1a respecto de avanzar contra los mecanismos de evasi\u00f3n y fuga. <a href=\"https:\/\/t.co\/aNZFLxKHyW\">pic.twitter.com\/aNZFLxKHyW<\/a><\/p>\n<p>\u2014 Cristian Girard (@cristiangirard) <a href=\"https:\/\/twitter.com\/cristiangirard\/status\/1710280359236026500?ref_src=twsrc%5Etfw\">October 6, 2023<\/a><\/p><\/blockquote>\n<p><script async src=\"https:\/\/platform.twitter.com\/widgets.js\" charset=\"utf-8\"><\/script><\/p>\n<p>&nbsp;<\/p>\n<p>Con respecto a eso, Girard sostuvo que \u201csi la clase dominante de un pa\u00eds tiene la capacidad de imponer ese sentido com\u00fan, un comerciante, un empresario pyme, alguien que tiene tallercito, escucha eso y se siente como un gil porque paga los impuestos. Eso es un problema. <em>Si te est\u00e1n diciendo yo tengo guita porque evad\u00ed, \u00bfvas a ser el boludo que paga si los Macri de este mundo te dicen que la forma de hacer guita es evadiendo?\u201d<\/em>.<\/p>\n<p>&nbsp;<\/p>\n<blockquote><p>\u201cPor eso creo que es clave lograr que quienes evaden paguen las consecuencias de evadir. Y me parece fundamental, important\u00edsimo, lo que est\u00e1 planteando Sergio Massa en la campa\u00f1a en ese plano\u201d, puntualiz\u00f3 el director de ARBA.<\/p><\/blockquote>\n<p>&nbsp;<\/p>\n<p>En relaci\u00f3n con la <strong>fuga de capitales<\/strong>, Girard hizo hincapi\u00e9 en la <strong>importancia de la cooperaci\u00f3n internacional<\/strong>, y subray\u00f3 que <em>\u201cestamos viendo toda una serie de denuncias con los Panam\u00e1 Papers, con los leaks, que van filtrando informaci\u00f3n sobre las guaridas fiscales<\/em>, iluminando zonas oscuras a los Estados, lo que abre la posibilidad de lograr una coordinaci\u00f3n entre pa\u00edses para avanzar sobre toda esa riqueza que est\u00e1 estacionada en guaridas fiscales, producto de la evasi\u00f3n\u201d.<\/p>\n<p>&nbsp;<\/p>\n<p>Para el director de ARBA, \u201cel problema de la fuga no es s\u00f3lo que se trata de capitales que salieron de la econom\u00eda, y que eso le saca d\u00f3lares al pa\u00eds, sino que <strong>esa riqueza no paga impuestos<\/strong>, y encima se invierte en guaridas fiscales, provocando una <strong>nueva remisi\u00f3n de utilidades al extranjero, sin tributar en el lugar de origen\u201d<\/strong>.<\/p>\n<p>&nbsp;<\/p>\n","protected":false},"excerpt":{"rendered":"<p>Director de ARBA respald\u00f3 a Sergio Massa en sus propuestas de campa\u00f1a para formalizar la econom\u00eda y combatir con penas<\/p>\n","protected":false},"author":4,"featured_media":98291,"comment_status":"closed","ping_status":"closed","sticky":false,"template":"","format":"standard","meta":{"_jetpack_memberships_contains_paid_content":false,"footnotes":""},"categories":[6,1],"tags":[],"class_list":["post-98290","post","type-post","status-publish","format-standard","has-post-thumbnail","hentry","category-nacionales","category-portada"],"jetpack_featured_media_url":"https:\/\/i0.wp.com\/cdnoticias.com\/wp-content\/uploads\/2023\/10\/Cristian-Girard-00.jpg?fit=800%2C445&ssl=1","jetpack_sharing_enabled":true,"_links":{"self":[{"href":"https:\/\/cdnoticias.com\/index.php\/wp-json\/wp\/v2\/posts\/98290","targetHints":{"allow":["GET"]}}],"collection":[{"href":"https:\/\/cdnoticias.com\/index.php\/wp-json\/wp\/v2\/posts"}],"about":[{"href":"https:\/\/cdnoticias.com\/index.php\/wp-json\/wp\/v2\/types\/post"}],"author":[{"embeddable":true,"href":"https:\/\/cdnoticias.com\/index.php\/wp-json\/wp\/v2\/users\/4"}],"replies":[{"embeddable":true,"href":"https:\/\/cdnoticias.com\/index.php\/wp-json\/wp\/v2\/comments?post=98290"}],"version-history":[{"count":0,"href":"https:\/\/cdnoticias.com\/index.php\/wp-json\/wp\/v2\/posts\/98290\/revisions"}],"wp:featuredmedia":[{"embeddable":true,"href":"https:\/\/cdnoticias.com\/index.php\/wp-json\/wp\/v2\/media\/98291"}],"wp:attachment":[{"href":"https:\/\/cdnoticias.com\/index.php\/wp-json\/wp\/v2\/media?parent=98290"}],"wp:term":[{"taxonomy":"category","embeddable":true,"href":"https:\/\/cdnoticias.com\/index.php\/wp-json\/wp\/v2\/categories?post=98290"},{"taxonomy":"post_tag","embeddable":true,"href":"https:\/\/cdnoticias.com\/index.php\/wp-json\/wp\/v2\/tags?post=98290"}],"curies":[{"name":"wp","href":"https:\/\/api.w.org\/{rel}","templated":true}]}}