{"id":98269,"date":"2023-10-05T21:26:56","date_gmt":"2023-10-06T00:26:56","guid":{"rendered":"https:\/\/www.centraldenoticias.com.ar\/?p=98269"},"modified":"2023-10-06T10:36:58","modified_gmt":"2023-10-06T13:36:58","slug":"remada-verde-se-reunio-con-el-intendente-galli","status":"publish","type":"post","link":"https:\/\/cdnoticias.com\/index.php\/2023\/10\/05\/remada-verde-se-reunio-con-el-intendente-galli\/","title":{"rendered":"Remada Verde se reuni\u00f3 con el Intendente Galli"},"content":{"rendered":"<p>\u201cBajamos un cambio de ambas partes\u201d admitieron desde la agrupaci\u00f3n, luego de haber criticado al jefe comunal. Se\u00f1alaron que fue un encuentro \u201cm\u00e1s que positivo\u201d.<!--more--><\/p>\n<hr \/>\n<p>Este jueves,<strong> integrantes de la agrupaci\u00f3n Remada Verde se reunieron en la costa del arroyo Tapalqu\u00e9 con el intendente Galli, que fue catalogada como \u201cmuy positiva\u201d tras varias cr\u00edticas al jefe comunal por varias situaciones puntuales.<\/strong><\/p>\n<p>&nbsp;<\/p>\n<p><img data-recalc-dims=\"1\" loading=\"lazy\" decoding=\"async\" class=\"alignnone size-large wp-image-98273\" src=\"https:\/\/i0.wp.com\/cdnoticias.com\/wp-content\/uploads\/2023\/10\/385046445_870522561102972_7679383705398784810_n.jpg?resize=800%2C534&#038;ssl=1\" alt=\"\" width=\"800\" height=\"534\" srcset=\"https:\/\/i0.wp.com\/cdnoticias.com\/wp-content\/uploads\/2023\/10\/385046445_870522561102972_7679383705398784810_n.jpg?resize=1024%2C684&amp;ssl=1 1024w, https:\/\/i0.wp.com\/cdnoticias.com\/wp-content\/uploads\/2023\/10\/385046445_870522561102972_7679383705398784810_n.jpg?resize=300%2C200&amp;ssl=1 300w, https:\/\/i0.wp.com\/cdnoticias.com\/wp-content\/uploads\/2023\/10\/385046445_870522561102972_7679383705398784810_n.jpg?resize=768%2C513&amp;ssl=1 768w, https:\/\/i0.wp.com\/cdnoticias.com\/wp-content\/uploads\/2023\/10\/385046445_870522561102972_7679383705398784810_n.jpg?resize=1536%2C1026&amp;ssl=1 1536w, https:\/\/i0.wp.com\/cdnoticias.com\/wp-content\/uploads\/2023\/10\/385046445_870522561102972_7679383705398784810_n.jpg?resize=272%2C182&amp;ssl=1 272w, https:\/\/i0.wp.com\/cdnoticias.com\/wp-content\/uploads\/2023\/10\/385046445_870522561102972_7679383705398784810_n.jpg?w=1600&amp;ssl=1 1600w\" sizes=\"auto, (max-width: 800px) 100vw, 800px\" \/><\/p>\n<p>&nbsp;<\/p>\n<blockquote><p><em>\u201cPusimos la frutilla del postre a lo que tuvimos en la agenda ambiental\u201d<\/em> indicaron, luego de se\u00f1alar que recibieron al Intendente y parte de su equipo. <em>\u201cNos trajo de obsequio cinco plantas para forestar\u201d.<\/em><\/p><\/blockquote>\n<p>&nbsp;<\/p>\n<p>Indicaron que sali\u00f3 una \u201ctremenda charla\u201d y admitieron que <strong><em>\u201cbajamos un cambio de ambas partes en la que expusimos los reclamos, los proyectos, las actividades y todos participamos\u201d.<\/em><\/strong><\/p>\n<p>&nbsp;<\/p>\n<p><img data-recalc-dims=\"1\" loading=\"lazy\" decoding=\"async\" class=\"alignnone size-large wp-image-98271\" src=\"https:\/\/i0.wp.com\/cdnoticias.com\/wp-content\/uploads\/2023\/10\/385837637_870522714436290_1483496338836290571_n.jpg?resize=800%2C534&#038;ssl=1\" alt=\"\" width=\"800\" height=\"534\" srcset=\"https:\/\/i0.wp.com\/cdnoticias.com\/wp-content\/uploads\/2023\/10\/385837637_870522714436290_1483496338836290571_n.jpg?resize=1024%2C684&amp;ssl=1 1024w, https:\/\/i0.wp.com\/cdnoticias.com\/wp-content\/uploads\/2023\/10\/385837637_870522714436290_1483496338836290571_n.jpg?resize=300%2C200&amp;ssl=1 300w, https:\/\/i0.wp.com\/cdnoticias.com\/wp-content\/uploads\/2023\/10\/385837637_870522714436290_1483496338836290571_n.jpg?resize=768%2C513&amp;ssl=1 768w, https:\/\/i0.wp.com\/cdnoticias.com\/wp-content\/uploads\/2023\/10\/385837637_870522714436290_1483496338836290571_n.jpg?resize=1536%2C1026&amp;ssl=1 1536w, https:\/\/i0.wp.com\/cdnoticias.com\/wp-content\/uploads\/2023\/10\/385837637_870522714436290_1483496338836290571_n.jpg?resize=272%2C182&amp;ssl=1 272w, https:\/\/i0.wp.com\/cdnoticias.com\/wp-content\/uploads\/2023\/10\/385837637_870522714436290_1483496338836290571_n.jpg?w=1600&amp;ssl=1 1600w\" sizes=\"auto, (max-width: 800px) 100vw, 800px\" \/><\/p>\n<p>&nbsp;<\/p>\n<p>Ahora, desde Remada Verde indicaron que esperar\u00e1n<em> \u201clos resultados de parte del Ejecutivo en situaciones puntuales. <strong>El compromiso est\u00e1, como tambi\u00e9n sumarse a realizar actividades en conjunto, como la pr\u00f3xima remada de luna llena para poner en valor nuestro querido arroyo Tapalqu\u00e9<\/strong>\u201d.<\/em><\/p>\n<p>&nbsp;<\/p>\n<p><img data-recalc-dims=\"1\" loading=\"lazy\" decoding=\"async\" class=\"alignnone size-large wp-image-98270\" src=\"https:\/\/i0.wp.com\/cdnoticias.com\/wp-content\/uploads\/2023\/10\/384995972_870522751102953_6705889429406979094_n.jpg?resize=800%2C534&#038;ssl=1\" alt=\"\" width=\"800\" height=\"534\" srcset=\"https:\/\/i0.wp.com\/cdnoticias.com\/wp-content\/uploads\/2023\/10\/384995972_870522751102953_6705889429406979094_n.jpg?resize=1024%2C684&amp;ssl=1 1024w, https:\/\/i0.wp.com\/cdnoticias.com\/wp-content\/uploads\/2023\/10\/384995972_870522751102953_6705889429406979094_n.jpg?resize=300%2C200&amp;ssl=1 300w, https:\/\/i0.wp.com\/cdnoticias.com\/wp-content\/uploads\/2023\/10\/384995972_870522751102953_6705889429406979094_n.jpg?resize=768%2C513&amp;ssl=1 768w, https:\/\/i0.wp.com\/cdnoticias.com\/wp-content\/uploads\/2023\/10\/384995972_870522751102953_6705889429406979094_n.jpg?resize=1536%2C1026&amp;ssl=1 1536w, https:\/\/i0.wp.com\/cdnoticias.com\/wp-content\/uploads\/2023\/10\/384995972_870522751102953_6705889429406979094_n.jpg?resize=272%2C182&amp;ssl=1 272w, https:\/\/i0.wp.com\/cdnoticias.com\/wp-content\/uploads\/2023\/10\/384995972_870522751102953_6705889429406979094_n.jpg?w=1600&amp;ssl=1 1600w\" sizes=\"auto, (max-width: 800px) 100vw, 800px\" \/><\/p>\n<p>&nbsp;<\/p>\n<p>Finalmente, agradecieron a los integrantes del grupo que estuvieron en el encuentro y \u201cse pusieron la camiseta\u201d tales como \u201cMarita, Rosita, Vane, Marta, Milagros, Mica, el Kun, Guillermo, el Pela, Emmanuel, Nico, Gustavo\u201d.<\/p>\n","protected":false},"excerpt":{"rendered":"<p>\u201cBajamos un cambio de ambas partes\u201d admitieron desde la agrupaci\u00f3n, luego de haber criticado al jefe comunal. Se\u00f1alaron que fue<\/p>\n","protected":false},"author":2,"featured_media":98272,"comment_status":"closed","ping_status":"closed","sticky":false,"template":"","format":"standard","meta":{"_jetpack_memberships_contains_paid_content":false,"footnotes":""},"categories":[5,1],"tags":[],"class_list":["post-98269","post","type-post","status-publish","format-standard","has-post-thumbnail","hentry","category-informacion-general","category-portada"],"jetpack_featured_media_url":"https:\/\/i0.wp.com\/cdnoticias.com\/wp-content\/uploads\/2023\/10\/385052536_870522641102964_7155507992258448964_n.jpg?fit=1600%2C1069&ssl=1","jetpack_sharing_enabled":true,"_links":{"self":[{"href":"https:\/\/cdnoticias.com\/index.php\/wp-json\/wp\/v2\/posts\/98269","targetHints":{"allow":["GET"]}}],"collection":[{"href":"https:\/\/cdnoticias.com\/index.php\/wp-json\/wp\/v2\/posts"}],"about":[{"href":"https:\/\/cdnoticias.com\/index.php\/wp-json\/wp\/v2\/types\/post"}],"author":[{"embeddable":true,"href":"https:\/\/cdnoticias.com\/index.php\/wp-json\/wp\/v2\/users\/2"}],"replies":[{"embeddable":true,"href":"https:\/\/cdnoticias.com\/index.php\/wp-json\/wp\/v2\/comments?post=98269"}],"version-history":[{"count":0,"href":"https:\/\/cdnoticias.com\/index.php\/wp-json\/wp\/v2\/posts\/98269\/revisions"}],"wp:featuredmedia":[{"embeddable":true,"href":"https:\/\/cdnoticias.com\/index.php\/wp-json\/wp\/v2\/media\/98272"}],"wp:attachment":[{"href":"https:\/\/cdnoticias.com\/index.php\/wp-json\/wp\/v2\/media?parent=98269"}],"wp:term":[{"taxonomy":"category","embeddable":true,"href":"https:\/\/cdnoticias.com\/index.php\/wp-json\/wp\/v2\/categories?post=98269"},{"taxonomy":"post_tag","embeddable":true,"href":"https:\/\/cdnoticias.com\/index.php\/wp-json\/wp\/v2\/tags?post=98269"}],"curies":[{"name":"wp","href":"https:\/\/api.w.org\/{rel}","templated":true}]}}