{"id":98261,"date":"2023-10-05T18:30:11","date_gmt":"2023-10-05T21:30:11","guid":{"rendered":"https:\/\/www.centraldenoticias.com.ar\/?p=98261"},"modified":"2023-10-05T21:55:29","modified_gmt":"2023-10-06T00:55:29","slug":"gran-feria-de-la-economia-popular-del-mte","status":"publish","type":"post","link":"https:\/\/cdnoticias.com\/index.php\/2023\/10\/05\/gran-feria-de-la-economia-popular-del-mte\/","title":{"rendered":"Gran feria de la econom\u00eda popular del MTE"},"content":{"rendered":"<p>Ser\u00e1 este domingo 8 de octubre en el Cors\u00f3dromo de la ciudad. Habr\u00e1 artistas, shows de canto y baile.<!--more--><\/p>\n<hr \/>\n<p>Este <strong>domingo 8 de octubre por la tarde el MTE organizar\u00e1 una gran Feria de la Econom\u00eda Popular en el Cors\u00f3dromo, en Jun\u00edn y San Mart\u00edn.<\/strong> Habr\u00e1 varias opciones, e incluso shows art\u00edsticos para cantar y bailar.<\/p>\n<p>&nbsp;<\/p>\n<p>Seg\u00fan detallaron desde la organizaci\u00f3n, <strong>habr\u00e1 distintos artistas, con shows de canto y baile y las diferentes ramas de actividad del MTE estar\u00e1n participando para dar a conocer sus trabajos.<\/strong><\/p>\n<p>&nbsp;<\/p>\n<p><img data-recalc-dims=\"1\" loading=\"lazy\" decoding=\"async\" class=\"alignnone size-full wp-image-98262\" src=\"https:\/\/i0.wp.com\/cdnoticias.com\/wp-content\/uploads\/2023\/10\/385856572_634489568859007_7672606334079884932_n.jpg?resize=600%2C600&#038;ssl=1\" alt=\"\" width=\"600\" height=\"600\" srcset=\"https:\/\/i0.wp.com\/cdnoticias.com\/wp-content\/uploads\/2023\/10\/385856572_634489568859007_7672606334079884932_n.jpg?w=600&amp;ssl=1 600w, https:\/\/i0.wp.com\/cdnoticias.com\/wp-content\/uploads\/2023\/10\/385856572_634489568859007_7672606334079884932_n.jpg?resize=300%2C300&amp;ssl=1 300w, https:\/\/i0.wp.com\/cdnoticias.com\/wp-content\/uploads\/2023\/10\/385856572_634489568859007_7672606334079884932_n.jpg?resize=150%2C150&amp;ssl=1 150w\" sizes=\"auto, (max-width: 600px) 100vw, 600px\" \/><\/p>\n<p>&nbsp;<\/p>\n<p><strong><em>\u201cComo cada fin de semana, los feriantes creamos y fortalecemos un espacio de trabajo, integraci\u00f3n y recreaci\u00f3n en la ciudad que cada vez congrega a m\u00e1s personas\u201d<\/em> <\/strong>indicaron y agregaron:<em> \u201cjunto a nuestros compa\u00f1erxs de las diferentes ramas estamos convencidos de que la organizaci\u00f3n y el trabajo son fundamentales para el sostenimiento de nuestras vidas\u201d.<\/em><\/p>\n<p>&nbsp;<\/p>\n<p><strong><em>\u201cPara quienes hacen o\u00eddos sordos, \u00a1las\/os trabajadoras\/es de la econom\u00eda popular nos seguimos organizando colectivamente!\u201d<\/em> <\/strong>cerraron.<\/p>\n","protected":false},"excerpt":{"rendered":"<p>Ser\u00e1 este domingo 8 de octubre en el Cors\u00f3dromo de la ciudad. Habr\u00e1 artistas, shows de canto y baile.<\/p>\n","protected":false},"author":2,"featured_media":98263,"comment_status":"closed","ping_status":"closed","sticky":false,"template":"","format":"standard","meta":{"_jetpack_memberships_contains_paid_content":false,"footnotes":""},"categories":[5,1],"tags":[],"class_list":["post-98261","post","type-post","status-publish","format-standard","has-post-thumbnail","hentry","category-informacion-general","category-portada"],"jetpack_featured_media_url":"https:\/\/i0.wp.com\/cdnoticias.com\/wp-content\/uploads\/2023\/10\/382471030_628768376097793_4862904634567291458_n.jpg?fit=1599%2C899&ssl=1","jetpack_sharing_enabled":true,"_links":{"self":[{"href":"https:\/\/cdnoticias.com\/index.php\/wp-json\/wp\/v2\/posts\/98261","targetHints":{"allow":["GET"]}}],"collection":[{"href":"https:\/\/cdnoticias.com\/index.php\/wp-json\/wp\/v2\/posts"}],"about":[{"href":"https:\/\/cdnoticias.com\/index.php\/wp-json\/wp\/v2\/types\/post"}],"author":[{"embeddable":true,"href":"https:\/\/cdnoticias.com\/index.php\/wp-json\/wp\/v2\/users\/2"}],"replies":[{"embeddable":true,"href":"https:\/\/cdnoticias.com\/index.php\/wp-json\/wp\/v2\/comments?post=98261"}],"version-history":[{"count":0,"href":"https:\/\/cdnoticias.com\/index.php\/wp-json\/wp\/v2\/posts\/98261\/revisions"}],"wp:featuredmedia":[{"embeddable":true,"href":"https:\/\/cdnoticias.com\/index.php\/wp-json\/wp\/v2\/media\/98263"}],"wp:attachment":[{"href":"https:\/\/cdnoticias.com\/index.php\/wp-json\/wp\/v2\/media?parent=98261"}],"wp:term":[{"taxonomy":"category","embeddable":true,"href":"https:\/\/cdnoticias.com\/index.php\/wp-json\/wp\/v2\/categories?post=98261"},{"taxonomy":"post_tag","embeddable":true,"href":"https:\/\/cdnoticias.com\/index.php\/wp-json\/wp\/v2\/tags?post=98261"}],"curies":[{"name":"wp","href":"https:\/\/api.w.org\/{rel}","templated":true}]}}