{"id":98170,"date":"2023-10-05T09:07:50","date_gmt":"2023-10-05T12:07:50","guid":{"rendered":"https:\/\/www.centraldenoticias.com.ar\/?p=98170"},"modified":"2023-10-05T09:07:51","modified_gmt":"2023-10-05T12:07:51","slug":"la-capitana-regresa-al-corazon-de-la-plaza-lujan-2","status":"publish","type":"post","link":"https:\/\/cdnoticias.com\/index.php\/2023\/10\/05\/la-capitana-regresa-al-corazon-de-la-plaza-lujan-2\/","title":{"rendered":"\u201cLa Capitana\u201d regresa al coraz\u00f3n de la Plaza Luj\u00e1n"},"content":{"rendered":"<p>El mercado popular conformado por mujeres y disidencias estar\u00e1 este s\u00e1bado en Urquiza y A. Barros. Tambi\u00e9n se pueden preordenar productos.<\/p>\n<p><!--more--><\/p>\n<hr \/>\n<p><strong>El pr\u00f3ximo s\u00e1bado, 7 de octubre de 15 a 18 horas, en la Plaza Luj\u00e1n<\/strong>, ubicada en la intersecci\u00f3n de\u00a0 Av. Urquiza y A. Barros, se llevar\u00e1 a cabo <strong>&#8220;La Capitana&#8221;, el mercado conformado por mujeres y disidencias<\/strong> que a trav\u00e9s de la organizaci\u00f3n del trabajo, buscan un formato directo entre productores y consumidores.<\/p>\n<p>&nbsp;<\/p>\n<p>Contar\u00e1 con la <strong>participaci\u00f3n de m\u00e1s de 10 productoras locales,<\/strong> quienes presentar\u00e1n sus creaciones y elaboraciones \u00fanicas.\u00a0 El mercado ofrece una amplia variedad de productos, que incluyen alimentos frescos, panader\u00eda artesanal, velas arom\u00e1ticas, prendas de vestir, accesorios de tela, bijouterie artesanal y mucho m\u00e1s.<\/p>\n<p>&nbsp;<\/p>\n<p>Adem\u00e1s, se ofrece la opci\u00f3n de <strong>preordenar los productos<\/strong> a trav\u00e9s de un formulario de preventa &#8211;<a href=\"https:\/\/docs.google.com\/forms\/d\/e\/1FAIpQLSd-GcMaH4PK3NBEPbNJ74Pt16LSX01fPAPc4BM1h4mcawCW6A\/viewform\" target=\"_blank\" rel=\"noopener\">disponible aqu\u00ed<\/a>-, lo que facilita la experiencia de compra.<\/p>\n<p>&nbsp;<\/p>\n<p><strong>\u00bfC\u00f3mo funciona?<\/strong><\/p>\n<ul>\n<li>Se accede al enlace del formulario disponible en la biograf\u00eda del evento.<\/li>\n<li>Se exploran todas las opciones disponibles, que incluyen muchas novedades.<\/li>\n<li>Se seleccionan los productos deseados.<\/li>\n<li>Se realiza el pago y se recogen las compras en la feria el d\u00eda s\u00e1bado.<\/li>\n<li>Tras realizar la compra, se recibir\u00e1 un correo de confirmaci\u00f3n con todos los detalles.<\/li>\n<\/ul>\n<p>&nbsp;<\/p>\n","protected":false},"excerpt":{"rendered":"<p>El mercado popular conformado por mujeres y disidencias estar\u00e1 este s\u00e1bado en Urquiza y A. Barros. Tambi\u00e9n se pueden preordenar<\/p>\n","protected":false},"author":4,"featured_media":97663,"comment_status":"closed","ping_status":"closed","sticky":false,"template":"","format":"standard","meta":{"_jetpack_memberships_contains_paid_content":false,"footnotes":""},"categories":[5,1],"tags":[],"class_list":["post-98170","post","type-post","status-publish","format-standard","has-post-thumbnail","hentry","category-informacion-general","category-portada"],"jetpack_featured_media_url":"https:\/\/i0.wp.com\/cdnoticias.com\/wp-content\/uploads\/2023\/09\/mercado-popular-la-capitana-00.jpg?fit=800%2C445&ssl=1","jetpack_sharing_enabled":true,"_links":{"self":[{"href":"https:\/\/cdnoticias.com\/index.php\/wp-json\/wp\/v2\/posts\/98170","targetHints":{"allow":["GET"]}}],"collection":[{"href":"https:\/\/cdnoticias.com\/index.php\/wp-json\/wp\/v2\/posts"}],"about":[{"href":"https:\/\/cdnoticias.com\/index.php\/wp-json\/wp\/v2\/types\/post"}],"author":[{"embeddable":true,"href":"https:\/\/cdnoticias.com\/index.php\/wp-json\/wp\/v2\/users\/4"}],"replies":[{"embeddable":true,"href":"https:\/\/cdnoticias.com\/index.php\/wp-json\/wp\/v2\/comments?post=98170"}],"version-history":[{"count":0,"href":"https:\/\/cdnoticias.com\/index.php\/wp-json\/wp\/v2\/posts\/98170\/revisions"}],"wp:featuredmedia":[{"embeddable":true,"href":"https:\/\/cdnoticias.com\/index.php\/wp-json\/wp\/v2\/media\/97663"}],"wp:attachment":[{"href":"https:\/\/cdnoticias.com\/index.php\/wp-json\/wp\/v2\/media?parent=98170"}],"wp:term":[{"taxonomy":"category","embeddable":true,"href":"https:\/\/cdnoticias.com\/index.php\/wp-json\/wp\/v2\/categories?post=98170"},{"taxonomy":"post_tag","embeddable":true,"href":"https:\/\/cdnoticias.com\/index.php\/wp-json\/wp\/v2\/tags?post=98170"}],"curies":[{"name":"wp","href":"https:\/\/api.w.org\/{rel}","templated":true}]}}