{"id":98092,"date":"2023-10-03T17:19:47","date_gmt":"2023-10-03T20:19:47","guid":{"rendered":"https:\/\/www.centraldenoticias.com.ar\/?p=98092"},"modified":"2023-10-03T17:19:47","modified_gmt":"2023-10-03T20:19:47","slug":"por-el-aniversario-de-coopelectric-realizaron-una-distincion-a-empleados","status":"publish","type":"post","link":"https:\/\/cdnoticias.com\/index.php\/2023\/10\/03\/por-el-aniversario-de-coopelectric-realizaron-una-distincion-a-empleados\/","title":{"rendered":"Por el aniversario de Coopelectric, realizaron una distinci\u00f3n a empleados"},"content":{"rendered":"<p>Se trata de aquellos trabajadores que cumplieron 25 a\u00f1os de servicio y a quienes se jubilaron en el \u00faltimo a\u00f1o.<!--more--><\/p>\n<hr \/>\n<p>En el marco del 95 aniversario de Coopelectric,<strong> el Consejo de Administraci\u00f3n distingui\u00f3 a los empleados que cumplieron 25 a\u00f1os de servicio y a quienes se jubilaron durante el \u00faltimo ejercicio.<\/strong><\/p>\n<p>&nbsp;<\/p>\n<p>Recordaron que hace 95 a\u00f1os <em>\u201cun grupo de vecinos se uni\u00f3 para fundar una Cooperativa local, debido a que el servicio de Energ\u00eda estaba monopolizado por una empresa extranjera que cobraba tarifas muy altas\u201d. Con el correr del tiempo \u201cesta iniciativa popular se fue consolidando y Coopelectric se constituy\u00f3 como una instituci\u00f3n de car\u00e1cter social, comprometida con el desarrollo de la ciudad\u201d.<\/em><\/p>\n<p>&nbsp;<\/p>\n<p>En tal sentido,<strong><em> \u201cy con el impulso modernizador de las diferentes generaciones de dirigentes y trabajadores, hoy es una Cooperativa Multiservicios que busca mejorar la calidad de vida de cada asociado&#8221;.<\/em><\/strong><\/p>\n<p>&nbsp;<\/p>\n<p><img data-recalc-dims=\"1\" loading=\"lazy\" decoding=\"async\" class=\"alignnone size-full wp-image-98093\" src=\"https:\/\/i0.wp.com\/cdnoticias.com\/wp-content\/uploads\/2023\/10\/Reconocimientos-05.jpeg?resize=800%2C462&#038;ssl=1\" alt=\"\" width=\"800\" height=\"462\" srcset=\"https:\/\/i0.wp.com\/cdnoticias.com\/wp-content\/uploads\/2023\/10\/Reconocimientos-05.jpeg?w=960&amp;ssl=1 960w, https:\/\/i0.wp.com\/cdnoticias.com\/wp-content\/uploads\/2023\/10\/Reconocimientos-05.jpeg?resize=300%2C173&amp;ssl=1 300w, https:\/\/i0.wp.com\/cdnoticias.com\/wp-content\/uploads\/2023\/10\/Reconocimientos-05.jpeg?resize=768%2C443&amp;ssl=1 768w\" sizes=\"auto, (max-width: 800px) 100vw, 800px\" \/><\/p>\n<p>&nbsp;<\/p>\n<p>El presidente del Consejo de Administraci\u00f3n de Coopelectric, Cruz Arouxet, se refiri\u00f3 a estos 95 a\u00f1os de historia. <em>\u201cQuiero destacar el accionar de los pioneros fundadores, un grupo de vecinos que se junt\u00f3, hizo propuestas y de forma mancomunada avanzaron hacia un bien com\u00fan. Nosotros conservamos la obligaci\u00f3n de ir por ese tipo de actos, de invitar al vecino, al asociado y trabajar de forma cooperativa por el bien de todos\u201d.<\/em><\/p>\n<p>&nbsp;<\/p>\n<blockquote><p>\u201cNuestro reconocimiento a todos aquellos que pusieron su granito de arena y fundaron esta Cooperativa que es tan importante para la ciudad de Olavarr\u00eda. Tambi\u00e9n, a las distintas generaciones de trabajadores que han contribuido a engrandecer esta Cooperativa, son el alma de la instituci\u00f3n y nuestro orgullo. Por \u00faltimo, quiero agradecer a la comunidad de Olavarria que siempre est\u00e1 con nosotros, empuj\u00e1ndonos a mejorar y en respuesta a ello es que trabajamos d\u00eda a d\u00eda\u201d.<\/p><\/blockquote>\n<p>&nbsp;<\/p>\n<p>En el acto se entregaron reconocimientos a los empleados que cumplieron 25 a\u00f1os de trabajo. Ellos son:<strong> Juan Manuel Morales del sector Proyectos y Obras, H\u00e9ctor Jorge Bruseghini de Redes, Juan Enrique Block del Mediciones, Germ\u00e1n Pedro Mailharro de Asistencia T\u00e9cnica Rural, Carlos Eduardo Costilla de Recursos Materiales, Enrique Aubin Lospinoso de Coordinaci\u00f3n Administrativa, Claudio Gustavo Cassano de Sistemas y Romina Ponce del sector Comercial.<\/strong><\/p>\n<p>&nbsp;<\/p>\n<p><img data-recalc-dims=\"1\" loading=\"lazy\" decoding=\"async\" class=\"alignnone size-full wp-image-98094\" src=\"https:\/\/i0.wp.com\/cdnoticias.com\/wp-content\/uploads\/2023\/10\/Reconocimientos-04.jpeg?resize=800%2C474&#038;ssl=1\" alt=\"\" width=\"800\" height=\"474\" srcset=\"https:\/\/i0.wp.com\/cdnoticias.com\/wp-content\/uploads\/2023\/10\/Reconocimientos-04.jpeg?w=960&amp;ssl=1 960w, https:\/\/i0.wp.com\/cdnoticias.com\/wp-content\/uploads\/2023\/10\/Reconocimientos-04.jpeg?resize=300%2C178&amp;ssl=1 300w, https:\/\/i0.wp.com\/cdnoticias.com\/wp-content\/uploads\/2023\/10\/Reconocimientos-04.jpeg?resize=768%2C455&amp;ssl=1 768w\" sizes=\"auto, (max-width: 800px) 100vw, 800px\" \/><\/p>\n<p>&nbsp;<\/p>\n<p><img data-recalc-dims=\"1\" loading=\"lazy\" decoding=\"async\" class=\"alignnone size-full wp-image-98095\" src=\"https:\/\/i0.wp.com\/cdnoticias.com\/wp-content\/uploads\/2023\/10\/Reconocimientos-03.jpeg?resize=800%2C468&#038;ssl=1\" alt=\"\" width=\"800\" height=\"468\" srcset=\"https:\/\/i0.wp.com\/cdnoticias.com\/wp-content\/uploads\/2023\/10\/Reconocimientos-03.jpeg?w=960&amp;ssl=1 960w, https:\/\/i0.wp.com\/cdnoticias.com\/wp-content\/uploads\/2023\/10\/Reconocimientos-03.jpeg?resize=300%2C175&amp;ssl=1 300w, https:\/\/i0.wp.com\/cdnoticias.com\/wp-content\/uploads\/2023\/10\/Reconocimientos-03.jpeg?resize=768%2C449&amp;ssl=1 768w\" sizes=\"auto, (max-width: 800px) 100vw, 800px\" \/><\/p>\n<p>&nbsp;<\/p>\n<p>Al mismo tiempo, se entregaron distinciones a los jubilados del \u00faltimo ejercicio: <strong>Miguel \u00c1ngel Mart\u00edn de la Delegaci\u00f3n del Servicio El\u00e9ctrico en Espigas, Oscar Osvaldo Librante de Obras Sanitarias, Julio Jorge Agapito de Obras Sanitarias, Eduardo Gabriel Bertolini de Obras Sanitarias, Adri\u00e1n Eduardo Sierra del sector Redes del Servicio El\u00e9ctrico y Juan Carlos Lemos de Asistencia T\u00e9cnica Urbana.<\/strong><\/p>\n<p>&nbsp;<\/p>\n<p><img data-recalc-dims=\"1\" loading=\"lazy\" decoding=\"async\" class=\"alignnone size-full wp-image-98096\" src=\"https:\/\/i0.wp.com\/cdnoticias.com\/wp-content\/uploads\/2023\/10\/Reconocimientos-02.jpeg?resize=800%2C462&#038;ssl=1\" alt=\"\" width=\"800\" height=\"462\" srcset=\"https:\/\/i0.wp.com\/cdnoticias.com\/wp-content\/uploads\/2023\/10\/Reconocimientos-02.jpeg?w=960&amp;ssl=1 960w, https:\/\/i0.wp.com\/cdnoticias.com\/wp-content\/uploads\/2023\/10\/Reconocimientos-02.jpeg?resize=300%2C173&amp;ssl=1 300w, https:\/\/i0.wp.com\/cdnoticias.com\/wp-content\/uploads\/2023\/10\/Reconocimientos-02.jpeg?resize=768%2C443&amp;ssl=1 768w\" sizes=\"auto, (max-width: 800px) 100vw, 800px\" \/><\/p>\n<p>&nbsp;<\/p>\n<p>Durante el acto<strong> se record\u00f3 al empleado Edgardo Oscar Eyler, quien falleci\u00f3 durante el \u00faltimo Ejercicio y se entreg\u00f3 una placa recordatoria a su familia.<\/strong><\/p>\n<p>&nbsp;<\/p>\n<p>Por \u00faltimo, recibieron distinciones los empleados de la Cooperativa que <strong>lograron culminar sus estudios de forma paralela al trabajo. Se trata de Natalia Aguirre y Mart\u00edn Torres Lugea.<\/strong><\/p>\n","protected":false},"excerpt":{"rendered":"<p>Se trata de aquellos trabajadores que cumplieron 25 a\u00f1os de servicio y a quienes se jubilaron en el \u00faltimo a\u00f1o.<\/p>\n","protected":false},"author":2,"featured_media":98097,"comment_status":"closed","ping_status":"closed","sticky":false,"template":"","format":"standard","meta":{"_jetpack_memberships_contains_paid_content":false,"footnotes":""},"categories":[5,1],"tags":[],"class_list":["post-98092","post","type-post","status-publish","format-standard","has-post-thumbnail","hentry","category-informacion-general","category-portada"],"jetpack_featured_media_url":"https:\/\/i0.wp.com\/cdnoticias.com\/wp-content\/uploads\/2023\/10\/Reconocimientos-01.jpg?fit=1150%2C588&ssl=1","jetpack_sharing_enabled":true,"_links":{"self":[{"href":"https:\/\/cdnoticias.com\/index.php\/wp-json\/wp\/v2\/posts\/98092","targetHints":{"allow":["GET"]}}],"collection":[{"href":"https:\/\/cdnoticias.com\/index.php\/wp-json\/wp\/v2\/posts"}],"about":[{"href":"https:\/\/cdnoticias.com\/index.php\/wp-json\/wp\/v2\/types\/post"}],"author":[{"embeddable":true,"href":"https:\/\/cdnoticias.com\/index.php\/wp-json\/wp\/v2\/users\/2"}],"replies":[{"embeddable":true,"href":"https:\/\/cdnoticias.com\/index.php\/wp-json\/wp\/v2\/comments?post=98092"}],"version-history":[{"count":0,"href":"https:\/\/cdnoticias.com\/index.php\/wp-json\/wp\/v2\/posts\/98092\/revisions"}],"wp:featuredmedia":[{"embeddable":true,"href":"https:\/\/cdnoticias.com\/index.php\/wp-json\/wp\/v2\/media\/98097"}],"wp:attachment":[{"href":"https:\/\/cdnoticias.com\/index.php\/wp-json\/wp\/v2\/media?parent=98092"}],"wp:term":[{"taxonomy":"category","embeddable":true,"href":"https:\/\/cdnoticias.com\/index.php\/wp-json\/wp\/v2\/categories?post=98092"},{"taxonomy":"post_tag","embeddable":true,"href":"https:\/\/cdnoticias.com\/index.php\/wp-json\/wp\/v2\/tags?post=98092"}],"curies":[{"name":"wp","href":"https:\/\/api.w.org\/{rel}","templated":true}]}}