{"id":9809,"date":"2020-12-24T10:51:21","date_gmt":"2020-12-24T13:51:21","guid":{"rendered":"http:\/\/www.centraldenoticias.com.ar\/?p=9809"},"modified":"2020-12-24T10:51:21","modified_gmt":"2020-12-24T13:51:21","slug":"sae-se-repartieron-mas-de-250-000-bolsones-de-alimentos","status":"publish","type":"post","link":"https:\/\/cdnoticias.com\/index.php\/2020\/12\/24\/sae-se-repartieron-mas-de-250-000-bolsones-de-alimentos\/","title":{"rendered":"SAE: se repartieron m\u00e1s de 250.000 bolsones de alimentos"},"content":{"rendered":"<p>&nbsp;<\/p>\n<p>As\u00ed lo inform\u00f3 el consejero escolar y responsable del Servicio Alimentario Escolar Leonardo Wagner tras finalizar la entrega correspondiente a diciembre y enero.<!--more--><\/p>\n<hr \/>\n<p>El consejero escolar Leonardo Wagner inform\u00f3 que <strong>luego del traspaso de la administraci\u00f3n del Servicio Alimentario Escolar del Municipio a manos del Consejo Escolar, se entregaron m\u00e1s de 250.000 bolsones de alimentos<\/strong> para los estudiantes de todo el partido de Olavarr\u00eda.<\/p>\n<p>&nbsp;<\/p>\n<p>A trav\u00e9s de un comunicado se detall\u00f3 que <em>\u201cdesde el inicio del aislamiento social, el gobernador de la Provincia de Buenos Aires Axel Kicillof aument\u00f3 significativamente el monto destinado al Servicio Alimentario Escolar\u201d.<\/em> De esta forma, <strong>Olavarr\u00eda pas\u00f3 de recibir $9.404.972 de marzo a $19.047.000 en abril y desde septiembre recibi\u00f3 $21.231.056.<\/strong><\/p>\n<p>&nbsp;<\/p>\n<p><img data-recalc-dims=\"1\" loading=\"lazy\" decoding=\"async\" class=\"alignnone size-large wp-image-9813\" src=\"https:\/\/i0.wp.com\/cdnoticias.com\/wp-content\/uploads\/2020\/12\/1-2.jpeg?resize=800%2C600&#038;ssl=1\" alt=\"\" width=\"800\" height=\"600\" srcset=\"https:\/\/i0.wp.com\/cdnoticias.com\/wp-content\/uploads\/2020\/12\/1-2.jpeg?resize=1024%2C768&amp;ssl=1 1024w, https:\/\/i0.wp.com\/cdnoticias.com\/wp-content\/uploads\/2020\/12\/1-2.jpeg?resize=300%2C225&amp;ssl=1 300w, https:\/\/i0.wp.com\/cdnoticias.com\/wp-content\/uploads\/2020\/12\/1-2.jpeg?resize=768%2C576&amp;ssl=1 768w, https:\/\/i0.wp.com\/cdnoticias.com\/wp-content\/uploads\/2020\/12\/1-2.jpeg?w=1280&amp;ssl=1 1280w\" sizes=\"auto, (max-width: 800px) 100vw, 800px\" \/><\/p>\n<p>&nbsp;<\/p>\n<blockquote><p>Esta decisi\u00f3n permiti\u00f3 mejorar sustancialmente los m\u00f3dulos alimentarios que reciben m\u00e1s de 12.000 estudiantes y sus familias en sus hogares durante el aislamiento social, preventivo y obligatorio.<\/p><\/blockquote>\n<p>&nbsp;<\/p>\n<p>A modo de resumen de lo que fue un a\u00f1o at\u00edpico, que incluy\u00f3 el armado desde cero de la log\u00edstica para que los estudiantes puedan obtener sus bolsas de alimento correspondientes, Leonardo Wagner manifest\u00f3: <em>\u201cAl d\u00eda de hoy se llegaron a repartir 250.000 bolsas, m\u00e1s 12.500 bolsas extras de navidad, por otro lado<strong> el transporte escolar pudo seguir trabajando ya que se realiz\u00f3 la entrega y distribuci\u00f3n de los alimentos a las escuelas rurales y en algunos casos locales.<\/strong> Fue muy importante todo lo que se logr\u00f3 gracias al compromiso y esfuerzo de muchas personas. A pesar de todo, haber podido cumplir con los estudiantes nos llena de satisfacci\u00f3n\u201d.<\/em><\/p>\n<p>&nbsp;<\/p>\n<p><img data-recalc-dims=\"1\" loading=\"lazy\" decoding=\"async\" class=\"alignnone size-full wp-image-9811\" src=\"https:\/\/i0.wp.com\/cdnoticias.com\/wp-content\/uploads\/2020\/12\/2-n.jpeg?resize=800%2C450&#038;ssl=1\" alt=\"\" width=\"800\" height=\"450\" srcset=\"https:\/\/i0.wp.com\/cdnoticias.com\/wp-content\/uploads\/2020\/12\/2-n.jpeg?w=960&amp;ssl=1 960w, https:\/\/i0.wp.com\/cdnoticias.com\/wp-content\/uploads\/2020\/12\/2-n.jpeg?resize=300%2C169&amp;ssl=1 300w, https:\/\/i0.wp.com\/cdnoticias.com\/wp-content\/uploads\/2020\/12\/2-n.jpeg?resize=768%2C432&amp;ssl=1 768w\" sizes=\"auto, (max-width: 800px) 100vw, 800px\" \/><\/p>\n<p>&nbsp;<\/p>\n<p>En este sentido, Leonardo Wagner agradeci\u00f3 <em>\u201ca los administrativos del Consejo Escolar, directivos, docentes, auxiliares, y soldados del ej\u00e9rcito, que estuvieron trabajando incansablemente estos meses para que le llegue el alimento a los estudiantes y sus familias en tiempo y forma.\u201d<\/em><\/p>\n<p>&nbsp;<\/p>\n<p>Asimismo, destacaron que <em>\u201cel municipio administr\u00f3 el Servicio de Alimentaci\u00f3n Escolar hasta abril de este a\u00f1o, momento en el cual plante\u00f3 que era imposible cumplir con las entregas y el armado de la log\u00edstica. <strong>Desde mayo hasta la fecha se ha cumplido con todos los plazos estipulados, inclusive se entreg\u00f3 lo correspondiente al mes de diciembre y enero para retomar con el servicio a partir de febrero<\/strong>\u201d.<\/em><\/p>\n","protected":false},"excerpt":{"rendered":"<p>&nbsp; As\u00ed lo inform\u00f3 el consejero escolar y responsable del Servicio Alimentario Escolar Leonardo Wagner tras finalizar la entrega correspondiente<\/p>\n","protected":false},"author":5,"featured_media":9812,"comment_status":"closed","ping_status":"closed","sticky":false,"template":"","format":"standard","meta":{"_jetpack_memberships_contains_paid_content":false,"footnotes":""},"categories":[5,1],"tags":[],"class_list":["post-9809","post","type-post","status-publish","format-standard","has-post-thumbnail","hentry","category-informacion-general","category-portada"],"jetpack_featured_media_url":"https:\/\/i0.wp.com\/cdnoticias.com\/wp-content\/uploads\/2020\/12\/3-1.jpg?fit=1794%2C1007&ssl=1","jetpack_sharing_enabled":true,"_links":{"self":[{"href":"https:\/\/cdnoticias.com\/index.php\/wp-json\/wp\/v2\/posts\/9809","targetHints":{"allow":["GET"]}}],"collection":[{"href":"https:\/\/cdnoticias.com\/index.php\/wp-json\/wp\/v2\/posts"}],"about":[{"href":"https:\/\/cdnoticias.com\/index.php\/wp-json\/wp\/v2\/types\/post"}],"author":[{"embeddable":true,"href":"https:\/\/cdnoticias.com\/index.php\/wp-json\/wp\/v2\/users\/5"}],"replies":[{"embeddable":true,"href":"https:\/\/cdnoticias.com\/index.php\/wp-json\/wp\/v2\/comments?post=9809"}],"version-history":[{"count":0,"href":"https:\/\/cdnoticias.com\/index.php\/wp-json\/wp\/v2\/posts\/9809\/revisions"}],"wp:featuredmedia":[{"embeddable":true,"href":"https:\/\/cdnoticias.com\/index.php\/wp-json\/wp\/v2\/media\/9812"}],"wp:attachment":[{"href":"https:\/\/cdnoticias.com\/index.php\/wp-json\/wp\/v2\/media?parent=9809"}],"wp:term":[{"taxonomy":"category","embeddable":true,"href":"https:\/\/cdnoticias.com\/index.php\/wp-json\/wp\/v2\/categories?post=9809"},{"taxonomy":"post_tag","embeddable":true,"href":"https:\/\/cdnoticias.com\/index.php\/wp-json\/wp\/v2\/tags?post=9809"}],"curies":[{"name":"wp","href":"https:\/\/api.w.org\/{rel}","templated":true}]}}