{"id":98074,"date":"2023-10-03T11:20:51","date_gmt":"2023-10-03T14:20:51","guid":{"rendered":"https:\/\/www.centraldenoticias.com.ar\/?p=98074"},"modified":"2023-10-03T11:20:52","modified_gmt":"2023-10-03T14:20:52","slug":"atencion-traumatologica-en-el-hospital-de-sierras-bayas","status":"publish","type":"post","link":"https:\/\/cdnoticias.com\/index.php\/2023\/10\/03\/atencion-traumatologica-en-el-hospital-de-sierras-bayas\/","title":{"rendered":"Atenci\u00f3n traumatol\u00f3gica en el Hospital de Sierras Bayas"},"content":{"rendered":"<p>Ser\u00e1 este mi\u00e9rcoles en el marco de la atenci\u00f3n descentralizada en las localidades serranas.<!--more--><\/p>\n<hr \/>\n<p>Contin\u00faa la atenci\u00f3n traumatol\u00f3gica descentralizada en las localidades serranas. En el marco de este ciclo, este <strong>mi\u00e9rcoles 4 de octubre desde las 08:30<\/strong> se brindar\u00e1 atenci\u00f3n en el <strong>Hospital de Sierras Bayas<\/strong>, en funci\u00f3n del cronograma establecido por la Direcci\u00f3n de Atenci\u00f3n Primaria de la Salud (APS) del Municipio.<\/p>\n<p>&nbsp;<\/p>\n<p>Dicho cronograma contempla<strong> una visita mensual a las localidades serranas<\/strong>, por parte del personal profesional a cargo de esta tarea. <strong>Continuar\u00e1 el 11 de octubre, a las 08:30, en el Hospital de Hinojo.<\/strong> Los meses siguientes se concretar\u00e1 de forma rotativa en el mismo orden.<\/p>\n<p>&nbsp;<\/p>\n<blockquote><p>Cabe destacar que se brindar\u00e1 atenci\u00f3n a pacientes en condici\u00f3n Hospitalaria y pacientes de PAMI.<\/p><\/blockquote>\n<p>&nbsp;<\/p>\n<p>El objetivo de esta iniciativa es, por un lado, descentralizar la asistencia sanitaria y, por otro lado, mejorar la accesibilidad de la poblaci\u00f3n al sistema de salud.<\/p>\n<p>&nbsp;<\/p>\n<p>Mediante este cronograma de atenci\u00f3n en traumatolog\u00eda se pretende cubrir todo el espectro de la zona serrana, garantizando asistencia regular.<\/p>\n","protected":false},"excerpt":{"rendered":"<p>Ser\u00e1 este mi\u00e9rcoles en el marco de la atenci\u00f3n descentralizada en las localidades serranas.<\/p>\n","protected":false},"author":5,"featured_media":26645,"comment_status":"closed","ping_status":"closed","sticky":false,"template":"","format":"standard","meta":{"_jetpack_memberships_contains_paid_content":false,"footnotes":""},"categories":[5,1],"tags":[],"class_list":["post-98074","post","type-post","status-publish","format-standard","has-post-thumbnail","hentry","category-informacion-general","category-portada"],"jetpack_featured_media_url":"https:\/\/i0.wp.com\/cdnoticias.com\/wp-content\/uploads\/2021\/07\/Hospital-Sierras-Bayas.jpeg?fit=698%2C444&ssl=1","jetpack_sharing_enabled":true,"_links":{"self":[{"href":"https:\/\/cdnoticias.com\/index.php\/wp-json\/wp\/v2\/posts\/98074","targetHints":{"allow":["GET"]}}],"collection":[{"href":"https:\/\/cdnoticias.com\/index.php\/wp-json\/wp\/v2\/posts"}],"about":[{"href":"https:\/\/cdnoticias.com\/index.php\/wp-json\/wp\/v2\/types\/post"}],"author":[{"embeddable":true,"href":"https:\/\/cdnoticias.com\/index.php\/wp-json\/wp\/v2\/users\/5"}],"replies":[{"embeddable":true,"href":"https:\/\/cdnoticias.com\/index.php\/wp-json\/wp\/v2\/comments?post=98074"}],"version-history":[{"count":0,"href":"https:\/\/cdnoticias.com\/index.php\/wp-json\/wp\/v2\/posts\/98074\/revisions"}],"wp:featuredmedia":[{"embeddable":true,"href":"https:\/\/cdnoticias.com\/index.php\/wp-json\/wp\/v2\/media\/26645"}],"wp:attachment":[{"href":"https:\/\/cdnoticias.com\/index.php\/wp-json\/wp\/v2\/media?parent=98074"}],"wp:term":[{"taxonomy":"category","embeddable":true,"href":"https:\/\/cdnoticias.com\/index.php\/wp-json\/wp\/v2\/categories?post=98074"},{"taxonomy":"post_tag","embeddable":true,"href":"https:\/\/cdnoticias.com\/index.php\/wp-json\/wp\/v2\/tags?post=98074"}],"curies":[{"name":"wp","href":"https:\/\/api.w.org\/{rel}","templated":true}]}}