{"id":98066,"date":"2023-10-03T08:52:58","date_gmt":"2023-10-03T11:52:58","guid":{"rendered":"https:\/\/www.centraldenoticias.com.ar\/?p=98066"},"modified":"2023-10-03T12:10:37","modified_gmt":"2023-10-03T15:10:37","slug":"un-sector-docente-para-este-martes-y-miercoles-y-la-provincia-descontara-los-dias","status":"publish","type":"post","link":"https:\/\/cdnoticias.com\/index.php\/2023\/10\/03\/un-sector-docente-para-este-martes-y-miercoles-y-la-provincia-descontara-los-dias\/","title":{"rendered":"Un sector docente para este martes y mi\u00e9rcoles y la Provincia descontar\u00e1 los d\u00edas"},"content":{"rendered":"<p>La medida de Suteba Multicolor impactar\u00e1 en varios municipios. El Gobierno lanz\u00f3 una advertencia. El sector en Olavarr\u00eda replic\u00f3 la convocatoria y expuso el rechazo a la decisi\u00f3n de la gobernaci\u00f3n.<\/p>\n<p><!--more--><\/p>\n<hr \/>\n<p><strong>Una facci\u00f3n del sindicato docente Suteba, opositora a Roberto Baradel<\/strong>, anunci\u00f3 un <strong>nuevo paro de 48 horas para este martes y mi\u00e9rcoles<\/strong> y, como respuesta, <strong>el Gobierno de Axel Kicillof decidi\u00f3 aplicar descuento<\/strong> a los docentes que no trabajen esos d\u00edas.<\/p>\n<p>&nbsp;<\/p>\n<p>Seg\u00fan anunciaron desde la organizaci\u00f3n <strong>Suteba Multicolor<\/strong>, el paro es para reclamar, entre otras cosas, <strong>mejores salarios<\/strong>, e impactar\u00e1 mayormente en las ciudades donde este sector tiene m\u00e1s representaci\u00f3n.<\/p>\n<p>&nbsp;<\/p>\n<p>Si bien est\u00e1 convocado en todo el territorio bonaerense, la Multicolor dirige los destinos del gremio en Tigre, Marcos Paz y Bah\u00eda Blanca por lo que all\u00ed suele tener fuerte impacto los paros. Tambi\u00e9n afecta el normal funcionamiento de las clases en La Plata, La Matanza, Lomas de Zamora, Almirante Brown, Moreno, Mar del Plata, donde el sindicato tiene una presencia significativa.<\/p>\n<p>&nbsp;<\/p>\n<p>La medida de fuerza fue convocada tras <strong>un encuentro provincial del que participaron docentes con mandatos de escuelas de 22 distritos<\/strong>, seg\u00fan inform\u00f3 Suteba Multicolor. La protesta tambi\u00e9n contar\u00e1 con movilizaciones en distintos municipios.<\/p>\n<p>&nbsp;<\/p>\n<blockquote><p>En Olavarr\u00eda tambi\u00e9n tiene referentes que dieron cuenta de la convocatoria y a su vez expusieron el rechazo a la decisi\u00f3n provincial de descontar los d\u00edas no trabajados con la r\u00e9plica del comunicado emitido por Suteba Multicolor.<\/p><\/blockquote>\n<p>&nbsp;<\/p>\n<p><img data-recalc-dims=\"1\" loading=\"lazy\" decoding=\"async\" class=\"size-full wp-image-98070 aligncenter\" src=\"https:\/\/i0.wp.com\/cdnoticias.com\/wp-content\/uploads\/2023\/10\/suteba-multicolor-paro-octubre.jpg?resize=600%2C750&#038;ssl=1\" alt=\"\" width=\"600\" height=\"750\" srcset=\"https:\/\/i0.wp.com\/cdnoticias.com\/wp-content\/uploads\/2023\/10\/suteba-multicolor-paro-octubre.jpg?w=600&amp;ssl=1 600w, https:\/\/i0.wp.com\/cdnoticias.com\/wp-content\/uploads\/2023\/10\/suteba-multicolor-paro-octubre.jpg?resize=240%2C300&amp;ssl=1 240w\" sizes=\"auto, (max-width: 600px) 100vw, 600px\" \/><\/p>\n<p>&nbsp;<\/p>\n<h2>La respuesta provincial<\/h2>\n<p>&nbsp;<\/p>\n<p>El Gobierno bonaerense, a trav\u00e9s de la Direcci\u00f3n General de Cultura y Educaci\u00f3n, inform\u00f3 que \u2013tal como ocurri\u00f3 en ocasiones anteriores- realiz\u00f3 una consulta al <strong>Ministerio de Trabajo<\/strong> y <strong>no se registr\u00f3 notificaci\u00f3n de convocatoria al derecho a huelga<\/strong> para los mencionados d\u00edas por parte de ninguna asociaci\u00f3n sindical con o sin personer\u00eda gremial de representaci\u00f3n docente y\/o estatal.<\/p>\n<p>&nbsp;<\/p>\n<blockquote><p>Por tal motivo, la Provincia inform\u00f3 que las \u201cinasistencias que surjan como consecuencia de tales acciones, ser\u00e1n consideradas como \u2018sin Justificaci\u00f3n\u2019\u201d, y por ello se descontar\u00e1 el d\u00eda no trabajado.<\/p><\/blockquote>\n<p>&nbsp;<\/p>\n<h2>El reclamo<\/h2>\n<p>&nbsp;<\/p>\n<p>La Multicolor, oposici\u00f3n a la conducci\u00f3n de Baradel dentro de Suteba,<strong> reclama por la \u201creapertura de paritarias\u201d<\/strong> para el sector (Provincia ya se comprometi\u00f3 a convocar nuevamente en octubre) y llama a<strong> defender \u201cla escuela p\u00fablica y gratuita\u201d, la \u201ceducaci\u00f3n sexual integral, laica, cient\u00edfica y con perspectiva de g\u00e9nero\u201d y el IOMA<\/strong>, entre otras cuestiones.<\/p>\n<p>&nbsp;<\/p>\n<p>Adem\u00e1s, le <strong>exige a la conducci\u00f3n provincial de Suteba \u201cconvoque urgentemente a asambleas<\/strong> en toda la provincia para resolver las medidas a seguir, impulsando un petitorio\u201d y a las <strong>CTAs y la CGT que \u201cconvoquen al Paro Nacional contra el ajuste\u201d<\/strong>.<\/p>\n<p>&nbsp;<\/p>\n<p><iframe loading=\"lazy\" style=\"border: none; overflow: hidden;\" src=\"https:\/\/www.facebook.com\/plugins\/post.php?href=https%3A%2F%2Fwww.facebook.com%2FSeccionales.de.SUTEBA.Conduccion.Multicolor%2Fposts%2Fpfbid02bVQugEafbTio2Qi8UUxR1QSWEtCYzciYb3q5D12kTpaibqr4zMAPmL3cRcgqiMgSl&amp;show_text=true&amp;width=500\" width=\"500\" height=\"200\" frameborder=\"0\" scrolling=\"no\" allowfullscreen=\"allowfullscreen\"><\/iframe><\/p>\n<p>&nbsp;<\/p>\n<p><strong>Suteba cuenta con 133 seccionales<\/strong>. La Multicolor conduce en las de Bah\u00eda Blanca, Tigre y Marcos Paz, en donde se espera que sean m\u00e1s fuertes las adhesiones a la medida de fuerza. Otra seccional est\u00e1 a cargo de la \u201cAzul y Blanca\u201d, y l\u00ednea de Baradel (Celeste-Violeta) gestiona las restantes 129 y el gremio a nivel provincial.<\/p>\n<p>&nbsp;<\/p>\n<p>Vale recordar que <strong>el director general de Cultura y Educaci\u00f3n bonaerense, Alberto Sileoni, viene cuestionando los paros de la Suteba disidente<\/strong>. El pasado 11 de mayo sostuvo que \u201cel derecho de paro es el derecho de huelga\u201d, pero que \u201chay condicionalidades\u201d que deben existir para que se pueda llevar a cabo. Entre las condicionalidades, el ministro indic\u00f3 en aquella ocasi\u00f3n que la organizaci\u00f3n convocante tiene que tener la \u201crepresentaci\u00f3n provincial\u201d. Y agreg\u00f3 que en el caso de la Multicolor \u201cno se da\u201d.<\/p>\n<p>&nbsp;<\/p>\n<p>Incluso, <a href=\"https:\/\/cdnoticias.com\/index.php\/2023\/09\/05\/suteba-multicolor-anuncio-un-paro-docente-para-este-miercoles-y-jueves\/\" target=\"_blank\" rel=\"noopener\">en paros anteriores<\/a>, la cartera educativa impuls\u00f3 descuentos para quienes se adhirieron al sostener que no exist\u00eda \u201cconvocatoria a medida de fuerza por parte de ninguna asociaci\u00f3n sindical de representaci\u00f3n docente (Ley N\u00b0 10.579) y\/o estatal (Ley N\u00b0 10.430) debidamente constituida, en el marco de lo establecido en el art\u00edculo 14 bis de la Constituci\u00f3n de la Naci\u00f3n Argentina y el art\u00edculo 39 de la Constituci\u00f3n de la Provincia de Buenos Aires\u201d.<\/p>\n<p>&nbsp;<\/p>\n<p>Fuente: <em>Agencia DIB<\/em><\/p>\n<p>&nbsp;<\/p>\n<blockquote class=\"wp-embedded-content\" data-secret=\"ohA1rRWJGc\"><p><a href=\"https:\/\/cdnoticias.com\/index.php\/2023\/04\/26\/docentes-denuncian-aprietes-para-no-adherir-al-paro-que-impulsa-la-multicolor\/\">Docentes denuncian \u201caprietes\u201d para no adherir al paro que impulsa \u201cla Multicolor\u201d<\/a><\/p><\/blockquote>\n<p><iframe loading=\"lazy\" class=\"wp-embedded-content\" sandbox=\"allow-scripts\" security=\"restricted\" style=\"position: absolute; clip: rect(1px, 1px, 1px, 1px);\" title=\"&#8220;Docentes denuncian \u201caprietes\u201d para no adherir al paro que impulsa \u201cla Multicolor\u201d&#8221; &#8212; Central de Noticias | Olavarr\u00eda\" src=\"https:\/\/cdnoticias.com\/index.php\/2023\/04\/26\/docentes-denuncian-aprietes-para-no-adherir-al-paro-que-impulsa-la-multicolor\/embed\/#?secret=GqhtjFS2zU#?secret=ohA1rRWJGc\" data-secret=\"ohA1rRWJGc\" width=\"600\" height=\"338\" frameborder=\"0\" marginwidth=\"0\" marginheight=\"0\" scrolling=\"no\"><\/iframe><\/p>\n<p>&nbsp;<\/p>\n","protected":false},"excerpt":{"rendered":"<p>La medida de Suteba Multicolor impactar\u00e1 en varios municipios. El Gobierno lanz\u00f3 una advertencia. El sector en Olavarr\u00eda replic\u00f3 la<\/p>\n","protected":false},"author":4,"featured_media":98067,"comment_status":"closed","ping_status":"closed","sticky":false,"template":"","format":"standard","meta":{"_jetpack_memberships_contains_paid_content":false,"footnotes":""},"categories":[5,1],"tags":[],"class_list":["post-98066","post","type-post","status-publish","format-standard","has-post-thumbnail","hentry","category-informacion-general","category-portada"],"jetpack_featured_media_url":"https:\/\/i0.wp.com\/cdnoticias.com\/wp-content\/uploads\/2023\/10\/DIB-Suteba-Bahia-Blanca-1024x485-1.jpg?fit=1024%2C485&ssl=1","jetpack_sharing_enabled":true,"_links":{"self":[{"href":"https:\/\/cdnoticias.com\/index.php\/wp-json\/wp\/v2\/posts\/98066","targetHints":{"allow":["GET"]}}],"collection":[{"href":"https:\/\/cdnoticias.com\/index.php\/wp-json\/wp\/v2\/posts"}],"about":[{"href":"https:\/\/cdnoticias.com\/index.php\/wp-json\/wp\/v2\/types\/post"}],"author":[{"embeddable":true,"href":"https:\/\/cdnoticias.com\/index.php\/wp-json\/wp\/v2\/users\/4"}],"replies":[{"embeddable":true,"href":"https:\/\/cdnoticias.com\/index.php\/wp-json\/wp\/v2\/comments?post=98066"}],"version-history":[{"count":0,"href":"https:\/\/cdnoticias.com\/index.php\/wp-json\/wp\/v2\/posts\/98066\/revisions"}],"wp:featuredmedia":[{"embeddable":true,"href":"https:\/\/cdnoticias.com\/index.php\/wp-json\/wp\/v2\/media\/98067"}],"wp:attachment":[{"href":"https:\/\/cdnoticias.com\/index.php\/wp-json\/wp\/v2\/media?parent=98066"}],"wp:term":[{"taxonomy":"category","embeddable":true,"href":"https:\/\/cdnoticias.com\/index.php\/wp-json\/wp\/v2\/categories?post=98066"},{"taxonomy":"post_tag","embeddable":true,"href":"https:\/\/cdnoticias.com\/index.php\/wp-json\/wp\/v2\/tags?post=98066"}],"curies":[{"name":"wp","href":"https:\/\/api.w.org\/{rel}","templated":true}]}}