{"id":98042,"date":"2023-10-02T18:18:13","date_gmt":"2023-10-02T21:18:13","guid":{"rendered":"https:\/\/www.centraldenoticias.com.ar\/?p=98042"},"modified":"2023-10-02T18:18:14","modified_gmt":"2023-10-02T21:18:14","slug":"la-unidad-n-o-27-celebro-sus-30-anos","status":"publish","type":"post","link":"https:\/\/cdnoticias.com\/index.php\/2023\/10\/02\/la-unidad-n-o-27-celebro-sus-30-anos\/","title":{"rendered":"La Unidad N.\u00ba 27 celebr\u00f3 sus 30 a\u00f1os"},"content":{"rendered":"<p>La directora, Inspector Mayor Evangelina Zalazar, agradeci\u00f3 a los agentes \u201cque con su accionar comprometido y profesional engrandecen a la instituci\u00f3n&#8221;.<!--more--><\/p>\n<hr \/>\n<p>Este lunes se realiz\u00f3 una <strong>ceremonia para conmemorar los 30 a\u00f1os<\/strong> de la puesta en funcionamiento de la <strong>Unidad Penitenciaria N.\u00ba 27<\/strong> de<strong> Sierra Chica.<\/strong><\/p>\n<p>&nbsp;<\/p>\n<p>La Plaza de Armas fue el escenario que reuni\u00f3 al personal que cumple funciones en la dependencia. Su directora, Inspector Mayor Evangelina Zalazar, agradeci\u00f3 especialmente a los agentes \u201c<em>que con su accionar comprometido y profesional engrandecen a la instituci\u00f3n, permitiendo que esta gesti\u00f3n sea beneficiosa en cuanto al tratamiento de los detenidos y tambi\u00e9n para el bienestar de los penitenciarios&#8221;.<\/em><\/p>\n<p>&nbsp;<\/p>\n<p>&#8220;Debemos recordar a quienes ya no est\u00e1n entre nosotros y pertenecieron a las filas de esta noble Unidad, ellos se constituyeron en ejemplos a seguir para los que continuamos sus legados. Entre ellos el Prefecto Mayor Sergio Mart\u00ednez quien fue Jefe de Talleres y cumpli\u00f3 otros cargos como subjefe de tratamiento y jefe de requisa y Gabriel Cataldi compa\u00f1ero del grupo Dep\u00f3sito y correo de la Unidad\u201d agreg\u00f3 la directora.<\/p>\n<p>&nbsp;<\/p>\n<p><img data-recalc-dims=\"1\" loading=\"lazy\" decoding=\"async\" class=\"aligncenter wp-image-98044 size-large\" src=\"https:\/\/i0.wp.com\/cdnoticias.com\/wp-content\/uploads\/2023\/10\/festejo-30-anos-unidad-27-3.jpeg?resize=800%2C600&#038;ssl=1\" alt=\"\" width=\"800\" height=\"600\" srcset=\"https:\/\/i0.wp.com\/cdnoticias.com\/wp-content\/uploads\/2023\/10\/festejo-30-anos-unidad-27-3.jpeg?resize=1024%2C768&amp;ssl=1 1024w, https:\/\/i0.wp.com\/cdnoticias.com\/wp-content\/uploads\/2023\/10\/festejo-30-anos-unidad-27-3.jpeg?resize=300%2C225&amp;ssl=1 300w, https:\/\/i0.wp.com\/cdnoticias.com\/wp-content\/uploads\/2023\/10\/festejo-30-anos-unidad-27-3.jpeg?resize=768%2C576&amp;ssl=1 768w, https:\/\/i0.wp.com\/cdnoticias.com\/wp-content\/uploads\/2023\/10\/festejo-30-anos-unidad-27-3.jpeg?resize=1536%2C1152&amp;ssl=1 1536w, https:\/\/i0.wp.com\/cdnoticias.com\/wp-content\/uploads\/2023\/10\/festejo-30-anos-unidad-27-3.jpeg?w=1600&amp;ssl=1 1600w\" sizes=\"auto, (max-width: 800px) 100vw, 800px\" \/><\/p>\n<p>&nbsp;<\/p>\n<p>En el acto estuvieron presentes el Jefe y el secretario de Coordinaci\u00f3n del Complejo Penitenciario Centro Zona Sur, Inspector General Abel Ram\u00edrez y el Inspector Mayor Ra\u00fal Romero quienes <strong>descubrieron una placa recordatoria<\/strong> junto a la Directora de Unidad y los subdirectores Administraci\u00f3n, Seguridad y Asistencia y Tratamiento, Prefectos Mayores Vanesa Bahl, Ra\u00fal Ram\u00edrez y Gast\u00f3n Larretape.<\/p>\n<p>&nbsp;<\/p>\n<p>Luego de la formaci\u00f3n, la comitiva se reuni\u00f3 en el Casino donde compartieron un almuerzo de camarader\u00eda. Larretape agradeci\u00f3 a los presentes por compartir la celebraci\u00f3n y tambi\u00e9n por <em>\u201cacompa\u00f1ar cada proyecto que emprendemos con el objetivo de avanzar y generar nuevos espacios para el tratamiento y la futura resocializaci\u00f3n de los detenidos\u201d.\u00a0\u00a0<\/em><\/p>\n<p>&nbsp;<\/p>\n<p>Por \u00faltimo, estuvieron presentes los directores de las Unidades 2 y 17, Inspector Mayor Carlos Silva y Inspector Mayor Hugo Fredes y todos los presentes recibieron un presente a modo de souvenir.<\/p>\n<p>&nbsp;<\/p>\n<p><img data-recalc-dims=\"1\" loading=\"lazy\" decoding=\"async\" class=\"aligncenter wp-image-98043 size-large\" src=\"https:\/\/i0.wp.com\/cdnoticias.com\/wp-content\/uploads\/2023\/10\/festejo-30-anos-unidad-27-2.jpeg?resize=800%2C600&#038;ssl=1\" alt=\"\" width=\"800\" height=\"600\" srcset=\"https:\/\/i0.wp.com\/cdnoticias.com\/wp-content\/uploads\/2023\/10\/festejo-30-anos-unidad-27-2.jpeg?resize=1024%2C768&amp;ssl=1 1024w, https:\/\/i0.wp.com\/cdnoticias.com\/wp-content\/uploads\/2023\/10\/festejo-30-anos-unidad-27-2.jpeg?resize=300%2C225&amp;ssl=1 300w, https:\/\/i0.wp.com\/cdnoticias.com\/wp-content\/uploads\/2023\/10\/festejo-30-anos-unidad-27-2.jpeg?resize=768%2C576&amp;ssl=1 768w, https:\/\/i0.wp.com\/cdnoticias.com\/wp-content\/uploads\/2023\/10\/festejo-30-anos-unidad-27-2.jpeg?resize=1536%2C1152&amp;ssl=1 1536w, https:\/\/i0.wp.com\/cdnoticias.com\/wp-content\/uploads\/2023\/10\/festejo-30-anos-unidad-27-2.jpeg?w=1600&amp;ssl=1 1600w\" sizes=\"auto, (max-width: 800px) 100vw, 800px\" \/><\/p>\n","protected":false},"excerpt":{"rendered":"<p>La directora, Inspector Mayor Evangelina Zalazar, agradeci\u00f3 a los agentes \u201cque con su accionar comprometido y profesional engrandecen a la<\/p>\n","protected":false},"author":6,"featured_media":98045,"comment_status":"closed","ping_status":"closed","sticky":false,"template":"","format":"standard","meta":{"_jetpack_memberships_contains_paid_content":false,"footnotes":""},"categories":[5,1],"tags":[],"class_list":["post-98042","post","type-post","status-publish","format-standard","has-post-thumbnail","hentry","category-informacion-general","category-portada"],"jetpack_featured_media_url":"https:\/\/i0.wp.com\/cdnoticias.com\/wp-content\/uploads\/2023\/10\/festejo-30-anos-unidad-27-1.jpeg?fit=1507%2C512&ssl=1","jetpack_sharing_enabled":true,"_links":{"self":[{"href":"https:\/\/cdnoticias.com\/index.php\/wp-json\/wp\/v2\/posts\/98042","targetHints":{"allow":["GET"]}}],"collection":[{"href":"https:\/\/cdnoticias.com\/index.php\/wp-json\/wp\/v2\/posts"}],"about":[{"href":"https:\/\/cdnoticias.com\/index.php\/wp-json\/wp\/v2\/types\/post"}],"author":[{"embeddable":true,"href":"https:\/\/cdnoticias.com\/index.php\/wp-json\/wp\/v2\/users\/6"}],"replies":[{"embeddable":true,"href":"https:\/\/cdnoticias.com\/index.php\/wp-json\/wp\/v2\/comments?post=98042"}],"version-history":[{"count":0,"href":"https:\/\/cdnoticias.com\/index.php\/wp-json\/wp\/v2\/posts\/98042\/revisions"}],"wp:featuredmedia":[{"embeddable":true,"href":"https:\/\/cdnoticias.com\/index.php\/wp-json\/wp\/v2\/media\/98045"}],"wp:attachment":[{"href":"https:\/\/cdnoticias.com\/index.php\/wp-json\/wp\/v2\/media?parent=98042"}],"wp:term":[{"taxonomy":"category","embeddable":true,"href":"https:\/\/cdnoticias.com\/index.php\/wp-json\/wp\/v2\/categories?post=98042"},{"taxonomy":"post_tag","embeddable":true,"href":"https:\/\/cdnoticias.com\/index.php\/wp-json\/wp\/v2\/tags?post=98042"}],"curies":[{"name":"wp","href":"https:\/\/api.w.org\/{rel}","templated":true}]}}