{"id":98041,"date":"2023-10-03T08:10:38","date_gmt":"2023-10-03T11:10:38","guid":{"rendered":"https:\/\/www.centraldenoticias.com.ar\/?p=98041"},"modified":"2023-10-03T08:11:59","modified_gmt":"2023-10-03T11:11:59","slug":"se-realizo-en-diputados-una-jornada-sobre-inteligencia-artificial","status":"publish","type":"post","link":"https:\/\/cdnoticias.com\/index.php\/2023\/10\/03\/se-realizo-en-diputados-una-jornada-sobre-inteligencia-artificial\/","title":{"rendered":"Se realiz\u00f3 en Diputados una jornada sobre Inteligencia Artificial"},"content":{"rendered":"<p>La intenci\u00f3n es analizar una posible normativa al respecto. Se reunieron diputados, referentes del sector acad\u00e9mico, cient\u00edfico y tecnol\u00f3gico.<!--more--><\/p>\n<hr \/>\n<p>El evento fue organizado por la <strong>Oficina Cient\u00edfica de Asesoramiento Legislativo (OCAL)<\/strong> de la Honorable C\u00e1mara de Diputados de la Naci\u00f3n (HCDN) y convoc\u00f3 a diputadas y diputados nacionales junto con referentes del sector acad\u00e9mico, cient\u00edfico y tecnol\u00f3gico para analizar las oportunidades y desaf\u00edos que abre la Inteligencia Artificial y que deber\u00edan considerarse en una posible normativa al respecto.<\/p>\n<p>En l\u00ednea con su misi\u00f3n de identificar escenarios de futuro para preparar legislativamente al pa\u00eds, la OCAL llev\u00f3 a cabo la jornada <strong>\u201cInteligencia Artificial, desaf\u00edos y oportunidades para su legislaci\u00f3n\u201d<\/strong>, una tem\u00e1tica estrat\u00e9gica que est\u00e1 introduciendo cambios socio-tecnol\u00f3gicos disruptivos y posibilidades que a\u00fan no se terminan de conocer.<\/p>\n<p>La actividad se llev\u00f3 a cabo en el S<strong>al\u00f3n Blanco de la C\u00e1mara baja<\/strong> y cont\u00f3 con la presencia de los diputados nacionales Danya Tavela, Ramiro Guti\u00e9rrez y Germ\u00e1n Mart\u00ednez; el Director General de la OCAL, Dr. Claudio Fern\u00e1ndez Out\u00f3n; y especialistas del \u00e1mbito acad\u00e9mico, cient\u00edfico y tecnol\u00f3gico.<\/p>\n<p>En esta ocasi\u00f3n, expusieron las Dras. Margarita Mart\u00ednez (UBA), Luciana Ferrer (UBA-CONICET), Victoria Dumas (FUNDACI\u00d3N SADOSKY), Laura Alonso Alemany (UNC), y la Mgtr. D\u00e9bora Marhaba (UBA), junto a los Dres. Hern\u00e1n Borisonik (UNSAM-CONICET), Mariano Zukerfeld (CONICET- e-TCS -Umai), Pablo Ciccolella (UBA), Ezequiel \u00c1lvarez (UNSAM-CONICET), Sebasti\u00e1n Novomisky (UNLP), Sergio Lew (UBA), Javier Blanco (UNC) y Rodrigo D\u00edaz (UNSAM-CONICET).<\/p>\n<p>La reuni\u00f3n puso de manifiesto que la Inteligencia Artificial (IA) est\u00e1 dando paso a una nueva era con retos que tambi\u00e9n interpelan al \u00e1mbito parlamentario. Al respecto, la Dra. Daniela Guti\u00e9rrez, miembro del Consejo Cient\u00edfico Acad\u00e9mico de la OCAL y moderadora de la actividad, se\u00f1al\u00f3:<strong> \u201cAbrimos un debate sobre la gobernanza posible de la IA, una ola tecnol\u00f3gica donde el estatus de los estados nacionales est\u00e1 en cuesti\u00f3n\u201d.<\/strong><\/p>\n<p>Durante el intercambio se presentaron reflexiones sobre los impactos socio-productivos y educativos de la Inteligencia Artificial, proyecciones, sistemas de evaluaci\u00f3n, posibilidades de un desarrollo t\u00e9cnico nacional, aspectos \u00e9ticos y jur\u00eddicos, gesti\u00f3n de datos, comunicaci\u00f3n, transparencia y accesibilidad.<\/p>\n<blockquote><p>Los especialistas remarcaron que se trata de un campo en continua actualizaci\u00f3n, con aplicaciones que van desde la generaci\u00f3n de discursos autom\u00e1ticos y la creaci\u00f3n de obras de arte hasta la producci\u00f3n de veh\u00edculos aut\u00f3nomos, detecci\u00f3n de enfermedades y un sinf\u00edn de usos en el \u00e1mbito cient\u00edfico y la vida cotidiana.<\/p><\/blockquote>\n<p>Sin embargo, as\u00ed como habilita grandes beneficios, tambi\u00e9n plantea incertidumbres sobre sus l\u00edmites y una serie de conflictos, relacionados -por ejemplo- con la propiedad intelectual, brechas digitales y de g\u00e9nero, exacerbaci\u00f3n de desigualdades, sesgos perjudiciales, discriminaci\u00f3n y desplazamiento de trabajadores. En esa direcci\u00f3n, se puso en escena un complejo entramado donde uno de los grandes desaf\u00edos apunta a c\u00f3mo promover un uso adecuado de estas nuevas herramientas, respetando las libertades de las personas y protegiendo sus derechos sin frenar la innovaci\u00f3n.<\/p>\n<p>La dimensi\u00f3n ambiental tambi\u00e9n estuvo presente en la jornada, a trav\u00e9s de observaciones que dieron cuenta del alto consumo de energ\u00eda que requiere el desarrollo de estas tecnolog\u00edas. \u201cEstamos en presencia de un nuevo cambio ambiental, un cambio tecno-humano\u201d, defini\u00f3 la <strong>Dra. Claudia Tomadoni, otra de las integrantes del Consejo Cient\u00edfico Acad\u00e9mico de la OCAL.<\/strong><\/p>\n<p><img data-recalc-dims=\"1\" loading=\"lazy\" decoding=\"async\" class=\"aligncenter size-full wp-image-98049\" src=\"https:\/\/i0.wp.com\/cdnoticias.com\/wp-content\/uploads\/2023\/10\/HCDN-1.jpeg?resize=800%2C445&#038;ssl=1\" alt=\"\" width=\"800\" height=\"445\" srcset=\"https:\/\/i0.wp.com\/cdnoticias.com\/wp-content\/uploads\/2023\/10\/HCDN-1.jpeg?w=800&amp;ssl=1 800w, https:\/\/i0.wp.com\/cdnoticias.com\/wp-content\/uploads\/2023\/10\/HCDN-1.jpeg?resize=300%2C167&amp;ssl=1 300w, https:\/\/i0.wp.com\/cdnoticias.com\/wp-content\/uploads\/2023\/10\/HCDN-1.jpeg?resize=768%2C427&amp;ssl=1 768w\" sizes=\"auto, (max-width: 800px) 100vw, 800px\" \/><\/p>\n<p>En coincidencia con sus colegas, la Dra. Victoria Dumas (FUNDACI\u00d3N SADOSKY) remarc\u00f3 la<strong> \u201curgencia de una regulaci\u00f3n sobre IA por sus impactos laborales\u201d<\/strong>, una de las principales preocupaciones que surgieron en el debate junto con el desfasaje temporal que existe entre la evoluci\u00f3n de la tecnolog\u00eda y el ritmo de los procesos legislativos.<\/p>\n<p>Tambi\u00e9n se concluy\u00f3 que una \u00fanica herramienta normativa no ser\u00e1 suficiente para abordar todas las aristas del tema, al tiempo que se propuso la creaci\u00f3n de una empresa nacional de software para aprovechar las capacidades del pa\u00eds e impulsar la soberan\u00eda tecnol\u00f3gica.<\/p>\n<p>\u201cLa IA nos ofrece grandes oportunidades, pero<strong> debe ser segura y generar confianza<\/strong>, lo que se logra a trav\u00e9s de una regulaci\u00f3n en contexto\u201d, consider\u00f3 la<strong> Dra. Laura Alonso Alemany (UNC)<\/strong>, mientras que el <strong>Dr. Pablo Ciccolella (UBA)<\/strong> agreg\u00f3: \u201cNo se trata de demonizar sino, de reglamentar\u201d. En ese sentido, se hizo hincapi\u00e9 en la necesidad de \u201clegislar, promover y planificar para democratizar\u201d.<\/p>\n<p>Por su parte, la <strong>Diputada Nacional Danya Tavela -vicepresidenta de la Comisi\u00f3n de Ciencia, Tecnolog\u00eda e Innovaci\u00f3n de la HCDN-<\/strong> destac\u00f3 que \u201cla Inteligencia Artificial est\u00e1 provocando disrupciones importantes en todos los \u00e1mbitos de nuestra vida social y privada\u201d y que \u201cesto demanda por parte de los Gobiernos y de quienes tenemos responsabilidades legislativas estar a la altura de las circunstancias, promoviendo lo que est\u00e1 bien y previniendo riesgos\u201d.<\/p>\n<p>Asimismo, el <strong>Diputado Nacional Ramiro Guti\u00e9rrez \u2013presidente de la Comisi\u00f3n de Seguridad Interior de la HCDN-<\/strong> sostuvo: \u201cHa nacido sietemesina la Inteligencia Artificial. Nos alcanz\u00f3 de golpe y cambia segundo a segundo. \u00bfQu\u00e9 o qui\u00e9n ser\u00e1 el due\u00f1o de los datos? Ojal\u00e1 podamos estar anticipados a esa inquietud que nos motiva a pensar y a darle velocidad a esta casa que ya tiene que empezar a regular algo que es totalizante para nuestras vidas\u201d.<\/p>\n<p>Finalmente, el Diputado Nacional Germ\u00e1n Mart\u00ednez hizo referencia a la reciente creaci\u00f3n de la Mesa Interministerial de Inteligencia Artificial -que funciona bajo la \u00f3rbita de la Jefatura de Gabinete de Ministros en articulaci\u00f3n con la Secretar\u00eda de Asuntos Estrat\u00e9gicos-, otra expresi\u00f3n del valor que tiene la tem\u00e1tica dentro de la agenda argentina, tal como lo visibiliz\u00f3 la OCAL en esta hist\u00f3rica jornada de di\u00e1logo.<\/p>\n","protected":false},"excerpt":{"rendered":"<p>La intenci\u00f3n es analizar una posible normativa al respecto. Se reunieron diputados, referentes del sector acad\u00e9mico, cient\u00edfico y tecnol\u00f3gico.<\/p>\n","protected":false},"author":5,"featured_media":98048,"comment_status":"closed","ping_status":"closed","sticky":false,"template":"","format":"standard","meta":{"_jetpack_memberships_contains_paid_content":false,"footnotes":""},"categories":[6,1],"tags":[],"class_list":["post-98041","post","type-post","status-publish","format-standard","has-post-thumbnail","hentry","category-nacionales","category-portada"],"jetpack_featured_media_url":"https:\/\/i0.wp.com\/cdnoticias.com\/wp-content\/uploads\/2023\/10\/hCDN-2.jpeg?fit=800%2C445&ssl=1","jetpack_sharing_enabled":true,"_links":{"self":[{"href":"https:\/\/cdnoticias.com\/index.php\/wp-json\/wp\/v2\/posts\/98041","targetHints":{"allow":["GET"]}}],"collection":[{"href":"https:\/\/cdnoticias.com\/index.php\/wp-json\/wp\/v2\/posts"}],"about":[{"href":"https:\/\/cdnoticias.com\/index.php\/wp-json\/wp\/v2\/types\/post"}],"author":[{"embeddable":true,"href":"https:\/\/cdnoticias.com\/index.php\/wp-json\/wp\/v2\/users\/5"}],"replies":[{"embeddable":true,"href":"https:\/\/cdnoticias.com\/index.php\/wp-json\/wp\/v2\/comments?post=98041"}],"version-history":[{"count":0,"href":"https:\/\/cdnoticias.com\/index.php\/wp-json\/wp\/v2\/posts\/98041\/revisions"}],"wp:featuredmedia":[{"embeddable":true,"href":"https:\/\/cdnoticias.com\/index.php\/wp-json\/wp\/v2\/media\/98048"}],"wp:attachment":[{"href":"https:\/\/cdnoticias.com\/index.php\/wp-json\/wp\/v2\/media?parent=98041"}],"wp:term":[{"taxonomy":"category","embeddable":true,"href":"https:\/\/cdnoticias.com\/index.php\/wp-json\/wp\/v2\/categories?post=98041"},{"taxonomy":"post_tag","embeddable":true,"href":"https:\/\/cdnoticias.com\/index.php\/wp-json\/wp\/v2\/tags?post=98041"}],"curies":[{"name":"wp","href":"https:\/\/api.w.org\/{rel}","templated":true}]}}