{"id":98034,"date":"2023-10-02T18:30:03","date_gmt":"2023-10-02T21:30:03","guid":{"rendered":"https:\/\/www.centraldenoticias.com.ar\/?p=98034"},"modified":"2023-10-02T18:30:04","modified_gmt":"2023-10-02T21:30:04","slug":"mega-causa-azul-tandil-y-olavarria-complicidad-empresarial-en-el-terrorismo-de-estado","status":"publish","type":"post","link":"https:\/\/cdnoticias.com\/index.php\/2023\/10\/02\/mega-causa-azul-tandil-y-olavarria-complicidad-empresarial-en-el-terrorismo-de-estado\/","title":{"rendered":"Mega Causa Azul, Tandil y Olavarr\u00eda: complicidad empresarial en el Terrorismo de Estado"},"content":{"rendered":"<p>Una nueva audiencia se concret\u00f3 en el juicio que investiga la trama de la represi\u00f3n durante la \u00faltima dictadura en nuestra regi\u00f3n. Se presentaron tres nuevos testimonios.<!--more--><\/p>\n<hr \/>\n<p><em>Por: Soledad Restivo &#8211; Agencia Comunica\/FACSO-UNICEN<\/em><\/p>\n<p>&nbsp;<\/p>\n<p>Se llev\u00f3 a cabo la<strong> audiencia n\u00famero 41<\/strong> del juicio que est\u00e1 revelando la trama de la represi\u00f3n ejercida por la \u00faltima dictadura en nuestra regi\u00f3n, el centro bonaerense. Con 28 imputados y m\u00e1s de 160 casos, este se erige como el proceso por delitos de lesa humanidad m\u00e1s extenso de nuestras comunidades. En esta ocasi\u00f3n, se escucharon tres testimonios que brindaron declaraci\u00f3n desde la sede de la universidad en Tandil.<\/p>\n<p>&nbsp;<\/p>\n<p>En la audiencia declar\u00f3 <strong>Mabel Cepeda, esposa de Walter Ignacio Peralta. Tambi\u00e9n lo hicieron sus hijos Marisa y Pedro.<\/strong> En julio de 1976, Walter fue a trabajar normalmente a la embolsadora de Loma Negra. Durante su jornada laboral, las bolsas se romp\u00edan cuando las pon\u00edan en la boquilla de la m\u00e1quina. Ante este problema, detuvieron la producci\u00f3n y hablaron con el jefe de personal para resolverlo. Fue entonces cuando lo citaron en la comisar\u00eda de Loma Negra y lo dejaron detenido. Estuvo all\u00ed durante 4 d\u00edas, luego lo trasladaron a la c\u00e1rcel de Azul, \u201call\u00ed pude visitarlo\u201d dijo Mabel de 82 a\u00f1os, quien agreg\u00f3 que un guardia c\u00e1rcel que lo conoc\u00eda le dijo que estaban detenidos por considerarlos extremistas. Walter hab\u00eda sido un obrero ejemplar: \u201cfue muy dif\u00edcil para \u00e9l\u201d, expres\u00f3 su esposa, a pesar de que todo el pueblo los apoy\u00f3 y se alegr\u00f3 cuando finalmente los liberaron. Solo eran trabajadores que ped\u00edan mejores condiciones laborales.<\/p>\n<p>&nbsp;<\/p>\n<p><strong>Marisa Peralta<\/strong>, la hija, explic\u00f3 que el problema fue que las bolsas eran de mala calidad y se romp\u00edan, \u201clo que causaba p\u00e9rdidas tanto para los trabajadores como para la empresa\u201d, por eso intentaron hablar con Cladera, el jefe de personal, quien finalmente denunci\u00f3 el asunto en el Ministerio de Trabajo. La denuncia lleg\u00f3 a An\u00edbal Verdura, quien le orden\u00f3 al comisario Balquinta la detenci\u00f3n de 6 trabajadores.<\/p>\n<p>&nbsp;<\/p>\n<p>Ignacio An\u00edbal Verdura fue jefe del Regimiento de Caballer\u00eda de Tanques 2 \u201cLanceros General Paz\u201d y falleci\u00f3 en 2018, condenado a perpetua por por los homicidios de Jorge Oscar Fern\u00e1ndez y Alfredo Seraf\u00edn Maccarini y de las desapariciones, consideradas homicidios por la acusaci\u00f3n, de los matrimonios de Juan Carlos Ledesma y Amelia Isabel Guti\u00e9rrez y Rub\u00e9n Argentino Villeres y Graciela Follini, adem\u00e1s de varias privaciones ilegales de la libertad y tormentos agravados. Mientras que el ex comisario Argentino Alberto Balquinta, condenado por delitos de lesa humanidad, muri\u00f3 el pasado 7 de julio de 2022 condenado a cadena perpetua, procesado en este juicio por cr\u00edmenes cometidos durante la \u00faltima dictadura c\u00edvico militar.<\/p>\n<p>&nbsp;<\/p>\n<p>As\u00ed fue como los trabajadores de la empresa Loma Negra quedaron detenidos en Olavarr\u00eda durante julio de 1976. Marisa, hija de Peralta dijo que \u201c<strong>como familia, fue un shock. No entend\u00edamos por qu\u00e9 mi padre estaba all\u00ed, y eso fue realmente angustiante.<\/strong> Luego lo trasladaron a Azul, lo cual fue a\u00fan peor, ya que nadie nos daba informaci\u00f3n y la angustia crec\u00eda. Seg\u00fan el alcalde, no sab\u00eda por qu\u00e9 estaban all\u00ed hasta que el alcalde le dijo que la orden ven\u00eda de Loma Negra, \u2018por extremistas\u2019. La salud de mi padre se deterior\u00f3 en prisi\u00f3n, pero no le proporcionaron medicamentos\u201d asegur\u00f3.<\/p>\n<p>&nbsp;<\/p>\n<blockquote><p>Marisa asegur\u00f3 que Walter falleci\u00f3 de c\u00e1ncer y que el estr\u00e9s y las preocupaciones acumuladas contribuyeron a su enfermedad. Pidi\u00f3 justicia para los 6 trabajadores y sus familias por el dolor y el sufrimiento causados.<\/p><\/blockquote>\n<p>&nbsp;<\/p>\n<p><strong>Pedro Peralta, el hijo mayor<\/strong>, declar\u00f3 visiblemente afectado. En aquel momento, estaba estudiando en el colegio Salesiano en Carlos Casares, cursando el tercer a\u00f1o y ten\u00eda 15 a\u00f1os. Cuando se enter\u00f3 de la situaci\u00f3n de su padre, \u00e9l ya estaba en libertad, nadie le hab\u00eda avisado previamente para que no se preocupara. Dijo que su padre apareci\u00f3 demacrado y psicol\u00f3gicamente no era la misma persona. Pedro dijo que se viv\u00eda con miedo en esa \u00e9poca, \u201cpoco a poco, fuimos saliendo adelante\u201d, aunque persist\u00eda el temor. <strong>\u201cSon heridas que necesitan tiempo para cicatrizar. Agradezco que me hayan escuchado\u201d<\/strong>, concluy\u00f3.<\/p>\n<p>&nbsp;<\/p>\n<p>El relato de la familia Peralta <strong>evidencia los horrores del plan represivo, en este descargado impuesto sobre los trabajadores, as\u00ed como la complicidad de los empresarios.<\/strong> Una vez m\u00e1s, se ponen de manifiesto los efectos devastadores de estas acciones sobre los trabajadores, las familias, las comunidades, la sociedad en general, extendiendo el terror, ejerciendo Terrorismo de Estado.<\/p>\n<p>&nbsp;<\/p>\n<p>La pr\u00f3xima audiencia se realizar\u00e1 el <strong>viernes 6 de octubre<\/strong> y posiblemente la fiscal\u00eda utilice la jornada para requerir la elevaci\u00f3n a este juicio de un nuevo tramo.<\/p>\n","protected":false},"excerpt":{"rendered":"<p>Una nueva audiencia se concret\u00f3 en el juicio que investiga la trama de la represi\u00f3n durante la \u00faltima dictadura en<\/p>\n","protected":false},"author":5,"featured_media":98035,"comment_status":"closed","ping_status":"closed","sticky":false,"template":"","format":"standard","meta":{"_jetpack_memberships_contains_paid_content":false,"footnotes":""},"categories":[5,1],"tags":[],"class_list":["post-98034","post","type-post","status-publish","format-standard","has-post-thumbnail","hentry","category-informacion-general","category-portada"],"jetpack_featured_media_url":"https:\/\/i0.wp.com\/cdnoticias.com\/wp-content\/uploads\/2023\/10\/Audiencia-41-Tandil.jpg?fit=800%2C445&ssl=1","jetpack_sharing_enabled":true,"_links":{"self":[{"href":"https:\/\/cdnoticias.com\/index.php\/wp-json\/wp\/v2\/posts\/98034","targetHints":{"allow":["GET"]}}],"collection":[{"href":"https:\/\/cdnoticias.com\/index.php\/wp-json\/wp\/v2\/posts"}],"about":[{"href":"https:\/\/cdnoticias.com\/index.php\/wp-json\/wp\/v2\/types\/post"}],"author":[{"embeddable":true,"href":"https:\/\/cdnoticias.com\/index.php\/wp-json\/wp\/v2\/users\/5"}],"replies":[{"embeddable":true,"href":"https:\/\/cdnoticias.com\/index.php\/wp-json\/wp\/v2\/comments?post=98034"}],"version-history":[{"count":0,"href":"https:\/\/cdnoticias.com\/index.php\/wp-json\/wp\/v2\/posts\/98034\/revisions"}],"wp:featuredmedia":[{"embeddable":true,"href":"https:\/\/cdnoticias.com\/index.php\/wp-json\/wp\/v2\/media\/98035"}],"wp:attachment":[{"href":"https:\/\/cdnoticias.com\/index.php\/wp-json\/wp\/v2\/media?parent=98034"}],"wp:term":[{"taxonomy":"category","embeddable":true,"href":"https:\/\/cdnoticias.com\/index.php\/wp-json\/wp\/v2\/categories?post=98034"},{"taxonomy":"post_tag","embeddable":true,"href":"https:\/\/cdnoticias.com\/index.php\/wp-json\/wp\/v2\/tags?post=98034"}],"curies":[{"name":"wp","href":"https:\/\/api.w.org\/{rel}","templated":true}]}}