{"id":98031,"date":"2023-10-02T17:05:28","date_gmt":"2023-10-02T20:05:28","guid":{"rendered":"https:\/\/www.centraldenoticias.com.ar\/?p=98031"},"modified":"2023-10-03T08:54:27","modified_gmt":"2023-10-03T11:54:27","slug":"nuevo-ife-cuales-son-las-condiciones-para-recibir-el-bono-de-94-000","status":"publish","type":"post","link":"https:\/\/cdnoticias.com\/index.php\/2023\/10\/02\/nuevo-ife-cuales-son-las-condiciones-para-recibir-el-bono-de-94-000\/","title":{"rendered":"\u201cNuevo IFE\u201d: cu\u00e1les son las condiciones para recibir el bono de $94.000"},"content":{"rendered":"<p>El refuerzo de ingresos para trabajadores informales y desocupados se pagar\u00e1 en dos cuotas de $47.000 en octubre y noviembre.<!--more--><\/p>\n<hr \/>\n<p>El Gobierno oficializ\u00f3 este lunes el pago de un<strong> bono de $94.000 para trabajadores informales y desocupados,<\/strong> tambi\u00e9n conocido como \u201cNuevo IFE\u201d, y detall\u00f3 c\u00f3mo deber\u00e1n gestionarlo quienes busquen acceder a ese beneficio.<\/p>\n<p>&nbsp;<\/p>\n<p>Ese dinero se pagar\u00e1 en <strong>dos cuotas mensuales de $47.000 cada una, en octubre y en noviembre.<\/strong> La decisi\u00f3n, que hab\u00eda sido anticipada por el ministro de Econom\u00eda, Sergio Massa, se formaliz\u00f3 por medio del decreto 493\/2023, publicado este lunes en el Bolet\u00edn Oficial.<\/p>\n<p>&nbsp;<\/p>\n<p>Seg\u00fan lo dispuesto, el bono ser\u00e1 otorgado a personas que se encuentren en \u201c<strong>situaci\u00f3n de extrema vulnerabilidad<\/strong>, sobre la base de los criterios objetivos establecidos en el presente decreto y en las normas complementarias y aclaratorias que se dicten para tal fin\u201d.<\/p>\n<p>&nbsp;<\/p>\n<p>Los interesados pueden inscribirse<strong> hasta el final del mes de octubre.<\/strong> No se especifica la fecha exacta de cobro en la nota consultada. En tanto se estima que 2,8 millones de personas estar\u00edan en condiciones de percibirlo.<\/p>\n<p>&nbsp;<\/p>\n<h2>\u00bfC\u00f3mo solicitar el bono?<\/h2>\n<p>&nbsp;<\/p>\n<p>-Los interesados deben inscribirse en la p\u00e1gina web oficial de la Anses o a trav\u00e9s de la aplicaci\u00f3n Mi Anses.<\/p>\n<p>&nbsp;<\/p>\n<p>\u2013 El tr\u00e1mite se puede realizar todos los d\u00edas, de 14 a 24 horas.<\/p>\n<p>&nbsp;<\/p>\n<p>-Antes de iniciar el tr\u00e1mite, es necesario contar con la Clave de la Seguridad Social y una cuenta bancaria a nombre del solicitante.<\/p>\n<p>&nbsp;<\/p>\n<p>-Una vez enviado el formulario de inscripci\u00f3n, la Anses realizar\u00e1 una evaluaci\u00f3n socioecon\u00f3mica y patrimonial para determinar qui\u00e9nes pueden acceder al beneficio.<\/p>\n<p>&nbsp;<\/p>\n<p>&nbsp;<\/p>\n<h2>\u00bfA qui\u00e9nes est\u00e1 dirigido el bono?<\/h2>\n<p>&nbsp;<\/p>\n<p>El bono est\u00e1 dirigido a personas que cumplan con las siguientes condiciones:<\/p>\n<p>&nbsp;<\/p>\n<p>-Tener m\u00e1s de 18 a\u00f1os y menos de 64.<\/p>\n<p>&nbsp;<\/p>\n<p>-No estar recibiendo ninguna otra prestaci\u00f3n o asistencia del Estado.<\/p>\n<p>&nbsp;<\/p>\n<p>-No tener empleo formal.<\/p>\n<p>&nbsp;<\/p>\n<p>-Para acceder al cobro, las personas deber\u00e1n cumplir con los siguientes requisitos:<\/p>\n<p>&nbsp;<\/p>\n<p>-Ser argentinas o nativas, por opci\u00f3n o naturalizadas, o extranjeras, estas \u00faltimas con una residencia no inferior a dos a\u00f1os anteriores a la fecha que se establezca en la normativa complementaria; debiendo todas ellas habitar en el territorio de la Rep\u00fablica Argentina durante todo el per\u00edodo citado.<\/p>\n<p>&nbsp;<\/p>\n<p>-Encontrarse en situaci\u00f3n de vulnerabilidad econ\u00f3mica y patrimonial. Las condiciones objetivas de la situaci\u00f3n econ\u00f3mica y patrimonial indicada ser\u00e1n establecidas por la normativa complementaria.<\/p>\n<p>&nbsp;<\/p>\n<p>Adem\u00e1s, quienes soliciten el refuerzo <strong>no deber\u00e1n encontrarse:<\/strong><\/p>\n<p>&nbsp;<\/p>\n<p>-Percibiendo ingresos formales de ning\u00fan tipo.<\/p>\n<p>&nbsp;<\/p>\n<p>-Bajo relaci\u00f3n de dependencia registrada en el Sector P\u00fablico Nacional, Provincial, Municipal y\/o de la Ciudad Aut\u00f3noma de Buenos Aires o en el Sector Privado.<\/p>\n<p>&nbsp;<\/p>\n<p>Inscripta en el R\u00e9gimen Simplificado para Peque\u00f1os Contribuyentes ni en el R\u00e9gimen de Aut\u00f3nomos.<\/p>\n<p>&nbsp;<\/p>\n<p>-Como titular de jubilaciones, pensiones, planes, programas, prestaciones de la seguridad social, o retiros de car\u00e1cter contributivo o no contributivo, sean Nacionales, Provinciales, -Municipales o de la Ciudad Aut\u00f3noma de Buenos Aires.<\/p>\n<p>&nbsp;<\/p>\n<p>-Incluida en el Sistema de Servicios de Salud, conforme lo establezca la AFIP.<\/p>\n<p>&nbsp;<\/p>\n<p>-Registrada como activa en el Registro de Trabajadores de Casas Particulares.<\/p>\n<p>&nbsp;<\/p>\n<p>-Como titular de Prestaci\u00f3n por Desempleo, Programas de Empleo o Planes Sociales.<\/p>\n<p>&nbsp;<\/p>\n<p>-Privada de la libertad, bajo cualquier modalidad.<\/p>\n<p>&nbsp;<\/p>\n<p>-Como persona que tiene a cargo a ni\u00f1os, ni\u00f1as, adolescentes o personas mayores de edad con discapacidad titulares de alguna de las prestaciones establecidas por el R\u00e9gimen de Asignaciones Familiares, consider\u00e1ndose tambi\u00e9n, en igual medida, a la otra persona integrante del grupo familiar.<\/p>\n<p>&nbsp;<\/p>\n<p>-Percibiendo ingresos provenientes de la Asignaci\u00f3n Universal por Hijo para Protecci\u00f3n Social, o de la Asignaci\u00f3n por Embarazo para Protecci\u00f3n Social, o del Programa de Respaldo a Estudiantes Argentinos (Progresar), o del Programa Nacional de Inclusi\u00f3n Socioproductiva y Desarrollo Local \u201cPotenciar Trabajo\u201d.<\/p>\n<p>&nbsp;<\/p>\n<p>-En tanto, las personas de entre 18 y 24 a\u00f1os podr\u00e1n acceder al bono cuando el grupo familiar supere la evaluaci\u00f3n socioecon\u00f3mica que se establezca a tal efecto en la normativa complementaria.<\/p>\n<p>&nbsp;<\/p>\n<p><em>Fuente: DIB.<\/em><\/p>\n","protected":false},"excerpt":{"rendered":"<p>El refuerzo de ingresos para trabajadores informales y desocupados se pagar\u00e1 en dos cuotas de $47.000 en octubre y noviembre.<\/p>\n","protected":false},"author":5,"featured_media":84864,"comment_status":"closed","ping_status":"closed","sticky":false,"template":"","format":"standard","meta":{"_jetpack_memberships_contains_paid_content":false,"footnotes":""},"categories":[6,1],"tags":[],"class_list":["post-98031","post","type-post","status-publish","format-standard","has-post-thumbnail","hentry","category-nacionales","category-portada"],"jetpack_featured_media_url":"https:\/\/i0.wp.com\/cdnoticias.com\/wp-content\/uploads\/2023\/05\/app-Anses-696x392-1.jpg?fit=696%2C392&ssl=1","jetpack_sharing_enabled":true,"_links":{"self":[{"href":"https:\/\/cdnoticias.com\/index.php\/wp-json\/wp\/v2\/posts\/98031","targetHints":{"allow":["GET"]}}],"collection":[{"href":"https:\/\/cdnoticias.com\/index.php\/wp-json\/wp\/v2\/posts"}],"about":[{"href":"https:\/\/cdnoticias.com\/index.php\/wp-json\/wp\/v2\/types\/post"}],"author":[{"embeddable":true,"href":"https:\/\/cdnoticias.com\/index.php\/wp-json\/wp\/v2\/users\/5"}],"replies":[{"embeddable":true,"href":"https:\/\/cdnoticias.com\/index.php\/wp-json\/wp\/v2\/comments?post=98031"}],"version-history":[{"count":0,"href":"https:\/\/cdnoticias.com\/index.php\/wp-json\/wp\/v2\/posts\/98031\/revisions"}],"wp:featuredmedia":[{"embeddable":true,"href":"https:\/\/cdnoticias.com\/index.php\/wp-json\/wp\/v2\/media\/84864"}],"wp:attachment":[{"href":"https:\/\/cdnoticias.com\/index.php\/wp-json\/wp\/v2\/media?parent=98031"}],"wp:term":[{"taxonomy":"category","embeddable":true,"href":"https:\/\/cdnoticias.com\/index.php\/wp-json\/wp\/v2\/categories?post=98031"},{"taxonomy":"post_tag","embeddable":true,"href":"https:\/\/cdnoticias.com\/index.php\/wp-json\/wp\/v2\/tags?post=98031"}],"curies":[{"name":"wp","href":"https:\/\/api.w.org\/{rel}","templated":true}]}}