{"id":98024,"date":"2023-10-03T10:06:56","date_gmt":"2023-10-03T13:06:56","guid":{"rendered":"https:\/\/www.centraldenoticias.com.ar\/?p=98024"},"modified":"2023-10-03T10:06:57","modified_gmt":"2023-10-03T13:06:57","slug":"la-ucr-organiza-una-muestra-colectiva-a-40-anos-de-la-recuperacion-democratica","status":"publish","type":"post","link":"https:\/\/cdnoticias.com\/index.php\/2023\/10\/03\/la-ucr-organiza-una-muestra-colectiva-a-40-anos-de-la-recuperacion-democratica\/","title":{"rendered":"La UCR organiza una Muestra Colectiva a 40 a\u00f1os de la recuperaci\u00f3n democr\u00e1tica"},"content":{"rendered":"<p>Para ello, solicit\u00f3 a la comunidad en general que acerque objetos que posean de aquel hist\u00f3rico momento.<\/p>\n<p><!--more--><\/p>\n<hr \/>\n<p><strong>La Uni\u00f3n C\u00edvica Radical de Olavarr\u00eda<\/strong> organiza una<strong> Muestra Colectiva a 40 a\u00f1os de la recuperaci\u00f3n de la Democracia<\/strong> en nuestro pa\u00eds, que se llevar\u00e1 adelante el pr\u00f3ximo<strong> 29 y 30 de octubre.<\/strong><\/p>\n<p>&nbsp;<\/p>\n<p>Para ello <strong>se recolectan objetos de aquel hist\u00f3rico momento<\/strong>. En ese sentido, desde la agrupaci\u00f3n partidaria se solicit\u00f3 a vecinos, militantes y la comunidad en general que acerque boletas, fotograf\u00edas, folletos, cuadros y cualquier elemento para que forme parte de la exhibici\u00f3n.<\/p>\n<p>&nbsp;<\/p>\n<p>En este sentido, desde el partido se aclar\u00f3 que una vez culminada la muestra todos los objetos prestados ser\u00e1n devueltos a sus respectivos due\u00f1os.<\/p>\n<p>&nbsp;<\/p>\n<p>Las personas interesadas en participar deber\u00e1n comunicarse al n\u00famero 2284 &#8211; 603406.<\/p>\n<p>&nbsp;<\/p>\n","protected":false},"excerpt":{"rendered":"<p>Para ello, solicit\u00f3 a la comunidad en general que acerque objetos que posean de aquel hist\u00f3rico momento.<\/p>\n","protected":false},"author":4,"featured_media":98025,"comment_status":"closed","ping_status":"closed","sticky":false,"template":"","format":"standard","meta":{"_jetpack_memberships_contains_paid_content":false,"footnotes":""},"categories":[4,1],"tags":[],"class_list":["post-98024","post","type-post","status-publish","format-standard","has-post-thumbnail","hentry","category-politica","category-portada"],"jetpack_featured_media_url":"https:\/\/i0.wp.com\/cdnoticias.com\/wp-content\/uploads\/2023\/10\/UCR-muestra-democracia-00.jpg?fit=800%2C445&ssl=1","jetpack_sharing_enabled":true,"_links":{"self":[{"href":"https:\/\/cdnoticias.com\/index.php\/wp-json\/wp\/v2\/posts\/98024","targetHints":{"allow":["GET"]}}],"collection":[{"href":"https:\/\/cdnoticias.com\/index.php\/wp-json\/wp\/v2\/posts"}],"about":[{"href":"https:\/\/cdnoticias.com\/index.php\/wp-json\/wp\/v2\/types\/post"}],"author":[{"embeddable":true,"href":"https:\/\/cdnoticias.com\/index.php\/wp-json\/wp\/v2\/users\/4"}],"replies":[{"embeddable":true,"href":"https:\/\/cdnoticias.com\/index.php\/wp-json\/wp\/v2\/comments?post=98024"}],"version-history":[{"count":0,"href":"https:\/\/cdnoticias.com\/index.php\/wp-json\/wp\/v2\/posts\/98024\/revisions"}],"wp:featuredmedia":[{"embeddable":true,"href":"https:\/\/cdnoticias.com\/index.php\/wp-json\/wp\/v2\/media\/98025"}],"wp:attachment":[{"href":"https:\/\/cdnoticias.com\/index.php\/wp-json\/wp\/v2\/media?parent=98024"}],"wp:term":[{"taxonomy":"category","embeddable":true,"href":"https:\/\/cdnoticias.com\/index.php\/wp-json\/wp\/v2\/categories?post=98024"},{"taxonomy":"post_tag","embeddable":true,"href":"https:\/\/cdnoticias.com\/index.php\/wp-json\/wp\/v2\/tags?post=98024"}],"curies":[{"name":"wp","href":"https:\/\/api.w.org\/{rel}","templated":true}]}}