{"id":98020,"date":"2023-10-02T20:25:40","date_gmt":"2023-10-02T23:25:40","guid":{"rendered":"https:\/\/www.centraldenoticias.com.ar\/?p=98020"},"modified":"2023-10-03T11:46:57","modified_gmt":"2023-10-03T14:46:57","slug":"se-dicto-la-detencion-para-tres-mujeres-acusadas-por-venta-de-drogas","status":"publish","type":"post","link":"https:\/\/cdnoticias.com\/index.php\/2023\/10\/02\/se-dicto-la-detencion-para-tres-mujeres-acusadas-por-venta-de-drogas\/","title":{"rendered":"Se dict\u00f3 la detenci\u00f3n para tres mujeres acusadas por venta de drogas"},"content":{"rendered":"<p>Fueron arrestadas en sendos allanamientos concretados el 21 de septiembre en los domicilios de las acusadas. El Juzgado de Garant\u00edas N\u00ba 2 aval\u00f3 los pedidos de la UFI N\u00ba 19.<\/p>\n<p><!--more--><\/p>\n<hr \/>\n<p>Tal como inform\u00f3 <strong>Central de Noticias<\/strong>,<a href=\"https:\/\/cdnoticias.com\/index.php\/2023\/09\/22\/tres-allanamientos-y-tres-mujeres-aprehendidas-por-comercializacion-de-drogas\/\" target=\"_blank\" rel=\"noopener\"> el 21 de septiembre se llevaron adelante tres allanamientos<\/a> en el marco de <strong>una investigaci\u00f3n penal por comercializaci\u00f3n de drogas il\u00edcitas<\/strong>.<\/p>\n<p>&nbsp;<\/p>\n<blockquote><p>Los procedimientos fueron positivos y derivaron en la aprehensi\u00f3n de tres mujeres, sobre quienes desde la UFI N\u00ba 19 se pidi\u00f3 la conversi\u00f3n a detenci\u00f3n. Se pudo confirmar que el Juzgado de Garant\u00edas N\u00ba 2 de Olavarr\u00eda aval\u00f3 el pedido: Mar\u00eda Julieta Bramajo, Yanel Rocha y Camila Fernanda Sanzi quedaron efectivamente detenidas.<\/p><\/blockquote>\n<p>&nbsp;<\/p>\n<p>Los allanamientos tuvieron lugar en <strong>Pourtal\u00e9 entre Belgrano y Dorrego , en un domicilio de barrio 104 Viviendas y en Necochea al 600<\/strong>, donde habitan las acusadas. All\u00ed mismo fueron tambi\u00e9n interceptados compradores. Se secuestr\u00f3 <em>clorhidrato de coca\u00edna, balanzas, tel\u00e9fonos celulares y m\u00e1s de medio mill\u00f3n de pesos en efectivo producto de las ventas y distribuci\u00f3n de drogas<\/em>.<\/p>\n<p>&nbsp;<\/p>\n<p>Las tres mujeres est\u00e1n imputadas por <strong>\u201cinfracci\u00f3n al art\u00edculo 5 inciso c de la Ley 23.737<\/strong>\u201d.<\/p>\n<p>&nbsp;<\/p>\n","protected":false},"excerpt":{"rendered":"<p>Fueron arrestadas en sendos allanamientos concretados el 21 de septiembre en los domicilios de las acusadas. El Juzgado de Garant\u00edas<\/p>\n","protected":false},"author":4,"featured_media":98021,"comment_status":"closed","ping_status":"closed","sticky":false,"template":"","format":"standard","meta":{"_jetpack_memberships_contains_paid_content":false,"footnotes":""},"categories":[14,1],"tags":[],"class_list":["post-98020","post","type-post","status-publish","format-standard","has-post-thumbnail","hentry","category-policiales","category-portada"],"jetpack_featured_media_url":"https:\/\/i0.wp.com\/cdnoticias.com\/wp-content\/uploads\/2023\/10\/tres-detenidas-venta-de-droga-00.jpg?fit=1000%2C556&ssl=1","jetpack_sharing_enabled":true,"_links":{"self":[{"href":"https:\/\/cdnoticias.com\/index.php\/wp-json\/wp\/v2\/posts\/98020","targetHints":{"allow":["GET"]}}],"collection":[{"href":"https:\/\/cdnoticias.com\/index.php\/wp-json\/wp\/v2\/posts"}],"about":[{"href":"https:\/\/cdnoticias.com\/index.php\/wp-json\/wp\/v2\/types\/post"}],"author":[{"embeddable":true,"href":"https:\/\/cdnoticias.com\/index.php\/wp-json\/wp\/v2\/users\/4"}],"replies":[{"embeddable":true,"href":"https:\/\/cdnoticias.com\/index.php\/wp-json\/wp\/v2\/comments?post=98020"}],"version-history":[{"count":0,"href":"https:\/\/cdnoticias.com\/index.php\/wp-json\/wp\/v2\/posts\/98020\/revisions"}],"wp:featuredmedia":[{"embeddable":true,"href":"https:\/\/cdnoticias.com\/index.php\/wp-json\/wp\/v2\/media\/98021"}],"wp:attachment":[{"href":"https:\/\/cdnoticias.com\/index.php\/wp-json\/wp\/v2\/media?parent=98020"}],"wp:term":[{"taxonomy":"category","embeddable":true,"href":"https:\/\/cdnoticias.com\/index.php\/wp-json\/wp\/v2\/categories?post=98020"},{"taxonomy":"post_tag","embeddable":true,"href":"https:\/\/cdnoticias.com\/index.php\/wp-json\/wp\/v2\/tags?post=98020"}],"curies":[{"name":"wp","href":"https:\/\/api.w.org\/{rel}","templated":true}]}}