{"id":98015,"date":"2023-10-02T12:26:50","date_gmt":"2023-10-02T15:26:50","guid":{"rendered":"https:\/\/www.centraldenoticias.com.ar\/?p=98015"},"modified":"2023-10-02T12:26:50","modified_gmt":"2023-10-02T15:26:50","slug":"recoleccion-de-residuos-electronicos-juntaron-mas-de-tres-toneladas-de-basura","status":"publish","type":"post","link":"https:\/\/cdnoticias.com\/index.php\/2023\/10\/02\/recoleccion-de-residuos-electronicos-juntaron-mas-de-tres-toneladas-de-basura\/","title":{"rendered":"Recolecci\u00f3n de residuos electr\u00f3nicos: juntaron m\u00e1s de tres toneladas de basura"},"content":{"rendered":"<p>La actividad se realiz\u00f3 d\u00edas atr\u00e1s en el Parque Avellaneda. Desde 2017, se recolectaron m\u00e1s de 58 mil kilos de aparatos el\u00e9ctricos y electr\u00f3nicos.<!--more--><\/p>\n<hr \/>\n<p><strong>D\u00edas atr\u00e1s se realiz\u00f3 la campa\u00f1a de recolecci\u00f3n de basura electr\u00f3nica<\/strong>, impulsada por la Direcci\u00f3n de Desarrollo Sustentable de la Secretar\u00eda de Desarrollo Econ\u00f3mico.<\/p>\n<p>&nbsp;<\/p>\n<p><strong>La misma se llev\u00f3 a cabo en el Parque Avellaneda y durante el transcurso de tres horas, vecinos de la comunidad se acercaron a dejar sus residuos de aparatos el\u00e9ctricos y electr\u00f3nicos (conocidos tambi\u00e9n como RAEES)<\/strong>, como CPU, monitores, televisores, tel\u00e9fonos celulares, computadoras, radios y alg\u00fan electrodom\u00e9stico peque\u00f1o.<\/p>\n<p>&nbsp;<\/p>\n<p><strong>Las campa\u00f1as de recolecci\u00f3n de basura electr\u00f3nica se realizan en el marco del Programa DRTD (Disposici\u00f3n y Reutilizaci\u00f3n de Tecnolog\u00edas en Desuso) del Ministerio de Justicia<\/strong>, que tienen como objeto principal el reciclado de aquellos aparatos o equipos electr\u00f3nicos de consumo que est\u00e1n da\u00f1ados o ya no son utilizados, para as\u00ed mitigar los da\u00f1os que producen estos residuos al ambiente.<\/p>\n<p>&nbsp;<\/p>\n<blockquote><p>Durante la \u00faltima jornada se recolectaron aproximadamente 3.000 kilos de residuos. Realizando un balance total desde el inicio de estas campa\u00f1as, -desde el a\u00f1o 2017- hasta el d\u00eda de hoy se recolectaron en total 58.000 kilos de RAEES (haciendo un comparativo, equivalen en kilos a 39 autom\u00f3viles).<\/p><\/blockquote>\n<p>&nbsp;<\/p>\n<p>Para m\u00e1s informaci\u00f3n pueden comunicarse con la Direcci\u00f3n de Desarrollo Sustentable por correo electr\u00f3nico: gestionambiental@olavarria.gov.ar. Facebook e Instagram: desarrollo sustentable Olavarr\u00eda.<\/p>\n","protected":false},"excerpt":{"rendered":"<p>La actividad se realiz\u00f3 d\u00edas atr\u00e1s en el Parque Avellaneda. Desde 2017, se recolectaron m\u00e1s de 58 mil kilos de<\/p>\n","protected":false},"author":2,"featured_media":98016,"comment_status":"closed","ping_status":"closed","sticky":false,"template":"","format":"standard","meta":{"_jetpack_memberships_contains_paid_content":false,"footnotes":""},"categories":[5,1],"tags":[],"class_list":["post-98015","post","type-post","status-publish","format-standard","has-post-thumbnail","hentry","category-informacion-general","category-portada"],"jetpack_featured_media_url":"https:\/\/i0.wp.com\/cdnoticias.com\/wp-content\/uploads\/2023\/10\/DE-Basura-Electronica-2.jpg?fit=1772%2C1181&ssl=1","jetpack_sharing_enabled":true,"_links":{"self":[{"href":"https:\/\/cdnoticias.com\/index.php\/wp-json\/wp\/v2\/posts\/98015","targetHints":{"allow":["GET"]}}],"collection":[{"href":"https:\/\/cdnoticias.com\/index.php\/wp-json\/wp\/v2\/posts"}],"about":[{"href":"https:\/\/cdnoticias.com\/index.php\/wp-json\/wp\/v2\/types\/post"}],"author":[{"embeddable":true,"href":"https:\/\/cdnoticias.com\/index.php\/wp-json\/wp\/v2\/users\/2"}],"replies":[{"embeddable":true,"href":"https:\/\/cdnoticias.com\/index.php\/wp-json\/wp\/v2\/comments?post=98015"}],"version-history":[{"count":0,"href":"https:\/\/cdnoticias.com\/index.php\/wp-json\/wp\/v2\/posts\/98015\/revisions"}],"wp:featuredmedia":[{"embeddable":true,"href":"https:\/\/cdnoticias.com\/index.php\/wp-json\/wp\/v2\/media\/98016"}],"wp:attachment":[{"href":"https:\/\/cdnoticias.com\/index.php\/wp-json\/wp\/v2\/media?parent=98015"}],"wp:term":[{"taxonomy":"category","embeddable":true,"href":"https:\/\/cdnoticias.com\/index.php\/wp-json\/wp\/v2\/categories?post=98015"},{"taxonomy":"post_tag","embeddable":true,"href":"https:\/\/cdnoticias.com\/index.php\/wp-json\/wp\/v2\/tags?post=98015"}],"curies":[{"name":"wp","href":"https:\/\/api.w.org\/{rel}","templated":true}]}}