{"id":97989,"date":"2023-10-02T10:57:34","date_gmt":"2023-10-02T13:57:34","guid":{"rendered":"https:\/\/www.centraldenoticias.com.ar\/?p=97989"},"modified":"2023-10-02T10:57:34","modified_gmt":"2023-10-02T13:57:34","slug":"74-anos-de-bomberos-realizaron-el-acto-oficial","status":"publish","type":"post","link":"https:\/\/cdnoticias.com\/index.php\/2023\/10\/02\/74-anos-de-bomberos-realizaron-el-acto-oficial\/","title":{"rendered":"74 a\u00f1os de Bomberos: realizaron el acto oficial"},"content":{"rendered":"<p>Fue a primera hora de este lunes. Hubo formaci\u00f3n, izamiento de bandera nacional y entrega de ofrenda floral. <!--more--><\/p>\n<hr \/>\n<p>En la ma\u00f1ana de este lunes se desarrollaron<strong> actividades por el 74 aniversario de Bomberos Voluntarios. Se espera realizar un acto oficial de cara a los festejos.<\/strong><\/p>\n<p>&nbsp;<\/p>\n<p>Estuvieron presentes en este acto el Ex Comandante Mayor H\u00e9ctor Hoyos, el Presidente de la Instituci\u00f3n Hugo Fayan\u00e1s, el Vicepresidente Jorge Pad\u00edn, el Comandante General 2\u00b0 Marcelo Menchaca, la referente de la Subcomisi\u00f3n de Damas Marisa Jauregui y personal del cuerpo activo y cuerpo de reserva.<\/p>\n<p>&nbsp;<\/p>\n<p><img data-recalc-dims=\"1\" loading=\"lazy\" decoding=\"async\" class=\"alignnone size-large wp-image-97991\" src=\"https:\/\/i0.wp.com\/cdnoticias.com\/wp-content\/uploads\/2023\/10\/WhatsApp-Image-2023-10-02-at-10.31.40-3.jpeg?resize=800%2C533&#038;ssl=1\" alt=\"\" width=\"800\" height=\"533\" srcset=\"https:\/\/i0.wp.com\/cdnoticias.com\/wp-content\/uploads\/2023\/10\/WhatsApp-Image-2023-10-02-at-10.31.40-3.jpeg?resize=1024%2C682&amp;ssl=1 1024w, https:\/\/i0.wp.com\/cdnoticias.com\/wp-content\/uploads\/2023\/10\/WhatsApp-Image-2023-10-02-at-10.31.40-3.jpeg?resize=300%2C200&amp;ssl=1 300w, https:\/\/i0.wp.com\/cdnoticias.com\/wp-content\/uploads\/2023\/10\/WhatsApp-Image-2023-10-02-at-10.31.40-3.jpeg?resize=768%2C512&amp;ssl=1 768w, https:\/\/i0.wp.com\/cdnoticias.com\/wp-content\/uploads\/2023\/10\/WhatsApp-Image-2023-10-02-at-10.31.40-3.jpeg?resize=1536%2C1023&amp;ssl=1 1536w, https:\/\/i0.wp.com\/cdnoticias.com\/wp-content\/uploads\/2023\/10\/WhatsApp-Image-2023-10-02-at-10.31.40-3.jpeg?resize=272%2C182&amp;ssl=1 272w, https:\/\/i0.wp.com\/cdnoticias.com\/wp-content\/uploads\/2023\/10\/WhatsApp-Image-2023-10-02-at-10.31.40-3.jpeg?w=1600&amp;ssl=1 1600w\" sizes=\"auto, (max-width: 800px) 100vw, 800px\" \/><\/p>\n<p>&nbsp;<\/p>\n<p>La ceremonia comenz\u00f3 con una <strong>formaci\u00f3n e izamiento de la bandera nacional. Luego los presentes pudieron disfrutar del tradicional chocolate y medialunas, compartiendo un momento de camarader\u00eda.<\/strong><\/p>\n<p>&nbsp;<\/p>\n<p><img data-recalc-dims=\"1\" loading=\"lazy\" decoding=\"async\" class=\"alignnone size-large wp-image-97993\" src=\"https:\/\/i0.wp.com\/cdnoticias.com\/wp-content\/uploads\/2023\/10\/WhatsApp-Image-2023-10-02-at-10.31.40-1.jpeg?resize=800%2C533&#038;ssl=1\" alt=\"\" width=\"800\" height=\"533\" srcset=\"https:\/\/i0.wp.com\/cdnoticias.com\/wp-content\/uploads\/2023\/10\/WhatsApp-Image-2023-10-02-at-10.31.40-1.jpeg?resize=1024%2C682&amp;ssl=1 1024w, https:\/\/i0.wp.com\/cdnoticias.com\/wp-content\/uploads\/2023\/10\/WhatsApp-Image-2023-10-02-at-10.31.40-1.jpeg?resize=300%2C200&amp;ssl=1 300w, https:\/\/i0.wp.com\/cdnoticias.com\/wp-content\/uploads\/2023\/10\/WhatsApp-Image-2023-10-02-at-10.31.40-1.jpeg?resize=768%2C512&amp;ssl=1 768w, https:\/\/i0.wp.com\/cdnoticias.com\/wp-content\/uploads\/2023\/10\/WhatsApp-Image-2023-10-02-at-10.31.40-1.jpeg?resize=1536%2C1023&amp;ssl=1 1536w, https:\/\/i0.wp.com\/cdnoticias.com\/wp-content\/uploads\/2023\/10\/WhatsApp-Image-2023-10-02-at-10.31.40-1.jpeg?resize=272%2C182&amp;ssl=1 272w, https:\/\/i0.wp.com\/cdnoticias.com\/wp-content\/uploads\/2023\/10\/WhatsApp-Image-2023-10-02-at-10.31.40-1.jpeg?w=1600&amp;ssl=1 1600w\" sizes=\"auto, (max-width: 800px) 100vw, 800px\" \/><\/p>\n<p>&nbsp;<\/p>\n<p>Finalmente,<strong> el acto protocolar culmin\u00f3 frente al monumento al Bombero Voluntario, con una ofrenda floral y minuto de silencio en honor a bomberos, jefes y dirigentes que formaron parte de la asociaci\u00f3n.<\/strong><\/p>\n<p>&nbsp;<\/p>\n<p><img data-recalc-dims=\"1\" loading=\"lazy\" decoding=\"async\" class=\"alignnone size-large wp-image-97994\" src=\"https:\/\/i0.wp.com\/cdnoticias.com\/wp-content\/uploads\/2023\/10\/WhatsApp-Image-2023-10-02-at-10.31.40.jpeg?resize=800%2C533&#038;ssl=1\" alt=\"\" width=\"800\" height=\"533\" srcset=\"https:\/\/i0.wp.com\/cdnoticias.com\/wp-content\/uploads\/2023\/10\/WhatsApp-Image-2023-10-02-at-10.31.40.jpeg?resize=1024%2C682&amp;ssl=1 1024w, https:\/\/i0.wp.com\/cdnoticias.com\/wp-content\/uploads\/2023\/10\/WhatsApp-Image-2023-10-02-at-10.31.40.jpeg?resize=300%2C200&amp;ssl=1 300w, https:\/\/i0.wp.com\/cdnoticias.com\/wp-content\/uploads\/2023\/10\/WhatsApp-Image-2023-10-02-at-10.31.40.jpeg?resize=768%2C512&amp;ssl=1 768w, https:\/\/i0.wp.com\/cdnoticias.com\/wp-content\/uploads\/2023\/10\/WhatsApp-Image-2023-10-02-at-10.31.40.jpeg?resize=1536%2C1023&amp;ssl=1 1536w, https:\/\/i0.wp.com\/cdnoticias.com\/wp-content\/uploads\/2023\/10\/WhatsApp-Image-2023-10-02-at-10.31.40.jpeg?resize=272%2C182&amp;ssl=1 272w, https:\/\/i0.wp.com\/cdnoticias.com\/wp-content\/uploads\/2023\/10\/WhatsApp-Image-2023-10-02-at-10.31.40.jpeg?w=1600&amp;ssl=1 1600w\" sizes=\"auto, (max-width: 800px) 100vw, 800px\" \/><\/p>\n<p>&nbsp;<\/p>\n<h2>Acto oficial<\/h2>\n<p>&nbsp;<\/p>\n<p>Durante el <strong>acto oficial y festejos por los 74 a\u00f1os de la instituci\u00f3n, a desarrollarse el pr\u00f3ximo 14 de octubre, se realizar\u00e1 la presentaci\u00f3n oficial de las nuevas camionetas y unidades adquiridas por la asociaci\u00f3n.<\/strong><\/p>\n<p>&nbsp;<\/p>\n<p>En este nuevo aniversario, <strong>desde la Asociaci\u00f3n de Bomberos Voluntarios de Olavarr\u00eda se agradece<\/strong> a todo el Consejo Directivo por estar siempre trabajando de manera mancomunada para conseguir recursos e invertirlos, y as\u00ed mejorar las respuestas del servicio y la seguridad del personal de bomberos;\u00a0 a los vecinos y vecinas por su permanente apoyo; a las empresas, el municipio,\u00a0 dirigentes pol\u00edticos de los distintos bloques;\u00a0 a los medios de comunicaci\u00f3n que difunden la informaci\u00f3n de la instituci\u00f3n, y a las familias que acompa\u00f1an d\u00eda a d\u00eda a la asociaci\u00f3n.<\/p>\n","protected":false},"excerpt":{"rendered":"<p>Fue a primera hora de este lunes. Hubo formaci\u00f3n, izamiento de bandera nacional y entrega de ofrenda floral.<\/p>\n","protected":false},"author":2,"featured_media":97995,"comment_status":"closed","ping_status":"closed","sticky":false,"template":"","format":"standard","meta":{"_jetpack_memberships_contains_paid_content":false,"footnotes":""},"categories":[5,1],"tags":[],"class_list":["post-97989","post","type-post","status-publish","format-standard","has-post-thumbnail","hentry","category-informacion-general","category-portada"],"jetpack_featured_media_url":"https:\/\/i0.wp.com\/cdnoticias.com\/wp-content\/uploads\/2023\/10\/WhatsApp-Image-2023-10-02-at-10.31.39-1.jpeg?fit=1600%2C1066&ssl=1","jetpack_sharing_enabled":true,"_links":{"self":[{"href":"https:\/\/cdnoticias.com\/index.php\/wp-json\/wp\/v2\/posts\/97989","targetHints":{"allow":["GET"]}}],"collection":[{"href":"https:\/\/cdnoticias.com\/index.php\/wp-json\/wp\/v2\/posts"}],"about":[{"href":"https:\/\/cdnoticias.com\/index.php\/wp-json\/wp\/v2\/types\/post"}],"author":[{"embeddable":true,"href":"https:\/\/cdnoticias.com\/index.php\/wp-json\/wp\/v2\/users\/2"}],"replies":[{"embeddable":true,"href":"https:\/\/cdnoticias.com\/index.php\/wp-json\/wp\/v2\/comments?post=97989"}],"version-history":[{"count":0,"href":"https:\/\/cdnoticias.com\/index.php\/wp-json\/wp\/v2\/posts\/97989\/revisions"}],"wp:featuredmedia":[{"embeddable":true,"href":"https:\/\/cdnoticias.com\/index.php\/wp-json\/wp\/v2\/media\/97995"}],"wp:attachment":[{"href":"https:\/\/cdnoticias.com\/index.php\/wp-json\/wp\/v2\/media?parent=97989"}],"wp:term":[{"taxonomy":"category","embeddable":true,"href":"https:\/\/cdnoticias.com\/index.php\/wp-json\/wp\/v2\/categories?post=97989"},{"taxonomy":"post_tag","embeddable":true,"href":"https:\/\/cdnoticias.com\/index.php\/wp-json\/wp\/v2\/tags?post=97989"}],"curies":[{"name":"wp","href":"https:\/\/api.w.org\/{rel}","templated":true}]}}