{"id":97981,"date":"2023-10-02T09:38:05","date_gmt":"2023-10-02T12:38:05","guid":{"rendered":"https:\/\/www.centraldenoticias.com.ar\/?p=97981"},"modified":"2023-10-02T09:38:05","modified_gmt":"2023-10-02T12:38:05","slug":"tras-la-aceptacion-de-la-renuncia-de-insaurralde-ya-no-habra-jefatura-de-gabinete-en-la-provincia","status":"publish","type":"post","link":"https:\/\/cdnoticias.com\/index.php\/2023\/10\/02\/tras-la-aceptacion-de-la-renuncia-de-insaurralde-ya-no-habra-jefatura-de-gabinete-en-la-provincia\/","title":{"rendered":"Tras la aceptaci\u00f3n de la renuncia de Insaurralde, ya no habr\u00e1 Jefatura de Gabinete en la Provincia"},"content":{"rendered":"<p>Kicillof enviar\u00e1 un proyecto a la Legislatura para disolver el \u00e1rea. &#8220;Mi tarea es seguir liderando un gobierno al servicio del pueblo de la Provincia. Las explicaciones se tendr\u00e1n que dar en los \u00e1mbitos correspondientes&#8221; dijo el Gobernador.<\/p>\n<p><!--more--><\/p>\n<hr \/>\n<p><strong>El gobernador de la provincia de Buenos Aires, Axel Kicillof<\/strong>, destac\u00f3 que la <strong>\u201cceleridad\u201d<\/strong> con la que se resolvi\u00f3 la<strong> salida de Mart\u00edn Insaurralde<\/strong>, quien renunci\u00f3 al cargo de Jefe de Gabinete del Gobierno de la Provincia de Buenos Aires, es una muestra de la <strong>\u201cposici\u00f3n\u201d y \u201cdecisi\u00f3n\u201d su administraci\u00f3n<\/strong>, y adelant\u00f3 que enviar\u00e1 un proyecto de ley a la Legislatura provincial para <strong>disolver la Jefatura de Ministros<\/strong>.<\/p>\n<p>&nbsp;<\/p>\n<blockquote><p>\u201cLuego de interiorizarme sobre la situaci\u00f3n decid\u00ed aceptar, de forma inmediata, la renuncia de Mart\u00edn Insaurralde al cargo de Jefe de Gabinete del Gobierno de la Provincia de Buenos Aires\u201d, poste\u00f3 en la red social X\/Twitter.<\/p><\/blockquote>\n<p>&nbsp;<\/p>\n<p><strong>\u201cMi tarea es seguir liderando un gobierno al servicio del pueblo de la Provincia. Las explicaciones se tendr\u00e1n que dar en los \u00e1mbitos correspondientes\u201d<\/strong>, a\u00f1adi\u00f3, y anunci\u00f3: \u201cHe decidido tambi\u00e9n enviar a la Legislatura Provincial un proyecto de ley donde disponemos disolver la Jefatura de Gabinete de Ministros, cuyas funciones sustantivas ser\u00e1n absorbidas por otros ministerios\u201d.<\/p>\n<p>&nbsp;<\/p>\n<p>En ese marco, analiz\u00f3 que<em> \u201cno se trata de hacer \u2018marketing de la honestidad\u2019, en plena campa\u00f1a electoral. Para nosotros el Gobierno es una herramienta para transformar la vida de los dem\u00e1s\u201d<\/em>.<\/p>\n<p>&nbsp;<\/p>\n<blockquote class=\"twitter-tweet\">\n<p dir=\"ltr\" lang=\"es\">Luego de interiorizarme sobre la situaci\u00f3n decid\u00ed aceptar, de forma inmediata, la renuncia de Mart\u00edn Insaurralde al cargo de Jefe de Gabinete del Gobierno de la Provincia de Buenos Aires. Mi tarea es seguir liderando un gobierno al servicio del pueblo de la Provincia. Las\u2026<\/p>\n<p>\u2014 Axel Kicillof (@Kicillofok) <a href=\"https:\/\/twitter.com\/Kicillofok\/status\/1708523058858807734?ref_src=twsrc%5Etfw\">October 1, 2023<\/a><\/p><\/blockquote>\n<p><script async src=\"https:\/\/platform.twitter.com\/widgets.js\" charset=\"utf-8\"><\/script><\/p>\n<p>\u201cNo podemos distraernos ni perder tiempo. <strong>La celeridad con la que se resolvieron las cosas pone de manifiesto con claridad cu\u00e1l es mi posici\u00f3n y mi decisi\u00f3n\u201d<\/strong>, concluy\u00f3 el posteo<\/p>\n<p>&nbsp;<\/p>\n<p><strong>Kicillof acept\u00f3 la renuncia de Insaurralde<\/strong> despu\u00e9s de que se conocieran <strong>fotograf\u00edas del ahora exfuncionario en un yate junto a una modelo en Europa<\/strong>.\u00a0La aceptaci\u00f3n de la renuncia fue oficializada en la noche del s\u00e1bado a trav\u00e9s del <strong>decreto 1815<\/strong> publicado en el Bolet\u00edn Oficial del distrito.<\/p>\n<p>&nbsp;<\/p>\n<blockquote><p>Desde el entorno de Insaurralde difundieron un comunicado que indic\u00f3: \u201cComo no quiero que se me utilice para afectar al espacio pol\u00edtico en el proceso electoral, present\u00e9 mi renuncia al cargo de jefe de Gabinete de la Provincia\u201d.<\/p><\/blockquote>\n<p>&nbsp;<\/p>\n<p>Insaurralde arrib\u00f3 al gabinete bonaerense despu\u00e9s de las elecciones legislativas de 2021 y, hasta ese momento, fue intendente de Lomas de Zamora por 12 a\u00f1os.<\/p>\n<p>&nbsp;<\/p>\n<p>Tras viralizarse las fotos que la modelo Sof\u00eda Cl\u00e9rici, con quien el exfuncionario est\u00e1 de viaje, public\u00f3, los principales referentes de Juntos por el Cambio (JxC) y La Libertad Avanza (LLA) cuestionaron en redes sociales las caracter\u00edsticas del suntuoso viaje.<\/p>\n<p>&nbsp;<\/p>\n<p>Fuente: <em>Agencia DIB<\/em><\/p>\n<p>&nbsp;<\/p>\n","protected":false},"excerpt":{"rendered":"<p>Kicillof enviar\u00e1 un proyecto a la Legislatura para disolver el \u00e1rea. &#8220;Mi tarea es seguir liderando un gobierno al servicio<\/p>\n","protected":false},"author":4,"featured_media":97583,"comment_status":"closed","ping_status":"closed","sticky":false,"template":"","format":"standard","meta":{"_jetpack_memberships_contains_paid_content":false,"footnotes":""},"categories":[6,1],"tags":[],"class_list":["post-97981","post","type-post","status-publish","format-standard","has-post-thumbnail","hentry","category-nacionales","category-portada"],"jetpack_featured_media_url":"https:\/\/i0.wp.com\/cdnoticias.com\/wp-content\/uploads\/2023\/09\/KiciOla37.jpg?fit=1024%2C680&ssl=1","jetpack_sharing_enabled":true,"_links":{"self":[{"href":"https:\/\/cdnoticias.com\/index.php\/wp-json\/wp\/v2\/posts\/97981","targetHints":{"allow":["GET"]}}],"collection":[{"href":"https:\/\/cdnoticias.com\/index.php\/wp-json\/wp\/v2\/posts"}],"about":[{"href":"https:\/\/cdnoticias.com\/index.php\/wp-json\/wp\/v2\/types\/post"}],"author":[{"embeddable":true,"href":"https:\/\/cdnoticias.com\/index.php\/wp-json\/wp\/v2\/users\/4"}],"replies":[{"embeddable":true,"href":"https:\/\/cdnoticias.com\/index.php\/wp-json\/wp\/v2\/comments?post=97981"}],"version-history":[{"count":0,"href":"https:\/\/cdnoticias.com\/index.php\/wp-json\/wp\/v2\/posts\/97981\/revisions"}],"wp:featuredmedia":[{"embeddable":true,"href":"https:\/\/cdnoticias.com\/index.php\/wp-json\/wp\/v2\/media\/97583"}],"wp:attachment":[{"href":"https:\/\/cdnoticias.com\/index.php\/wp-json\/wp\/v2\/media?parent=97981"}],"wp:term":[{"taxonomy":"category","embeddable":true,"href":"https:\/\/cdnoticias.com\/index.php\/wp-json\/wp\/v2\/categories?post=97981"},{"taxonomy":"post_tag","embeddable":true,"href":"https:\/\/cdnoticias.com\/index.php\/wp-json\/wp\/v2\/tags?post=97981"}],"curies":[{"name":"wp","href":"https:\/\/api.w.org\/{rel}","templated":true}]}}