{"id":97978,"date":"2023-10-02T08:58:31","date_gmt":"2023-10-02T11:58:31","guid":{"rendered":"https:\/\/www.centraldenoticias.com.ar\/?p=97978"},"modified":"2023-10-02T11:22:24","modified_gmt":"2023-10-02T14:22:24","slug":"debate-nacional-los-candidatos-se-cruzaron-y-presentaron-propuestas-por-primera-vez","status":"publish","type":"post","link":"https:\/\/cdnoticias.com\/index.php\/2023\/10\/02\/debate-nacional-los-candidatos-se-cruzaron-y-presentaron-propuestas-por-primera-vez\/","title":{"rendered":"Debate nacional: los candidatos se cruzaron y presentaron propuestas por primera vez"},"content":{"rendered":"<p>Fue en Santiago del Estero. Con algunas dudas del reglamento y muchos \u201cderechos a r\u00e9plica\u201d en la primera etapa del debate, los cinco presidenciables expusieron sin grandes sorpresas.<!--more--><\/p>\n<hr \/>\n<p><strong>Los cinco candidatos a la Presidencia protagonizaron este domingo el primer debate de cara a las elecciones generales del pr\u00f3ximo 22 de octubre.<\/strong> El Centro de Convenciones Forum, gestionado por la Universidad Nacional de Santiago del Estero, fue el escenario en el que expusieron sus ideas siguiendo una serie de reglas Sergio Massa (Uni\u00f3n por la Patria, UxP), Patricia Bullrich (Juntos por el Cambio, JxC), Javier Milei (La Libertad Avanza, LLA), Juan Schiaretti (Hacemos por Nuestro Pa\u00eds, HNP) y Myriam Bregman (Frente de Izquierda y Trabajadores-Unidad, FIT-U).<\/p>\n<p>&nbsp;<\/p>\n<p>En la primera parte del debate se <strong>plantearon ideas sobre econom\u00eda, educaci\u00f3n y derechos humanos. Dentro de ese bloque, m\u00e1s all\u00e1 de los derechos a r\u00e9plica para responder lo dicho por otro candidato, la exposici\u00f3n se dio en un marco de respeto, con pocas chicanas.<\/strong> Los discursos fueron similares a los planteos de los spots de campa\u00f1a y a las entrevistas televisivas que han dado los candidatos.<\/p>\n<p>&nbsp;<\/p>\n<blockquote><p>Los protagonistas de ese primer segmento fueron Sergio Massa y Javier Milei, quienes utilizaron todos sus derechos a r\u00e9plica solo en el debate sobre econom\u00eda.<\/p><\/blockquote>\n<p>&nbsp;<\/p>\n<p>El primero en presentar su planteo sobre la econom\u00eda fue Javier Milei.<em> \u201cArgentina est\u00e1 en decadencia. Por culpa de esta maldita casta pol\u00edtica, si seguimos as\u00ed en 50 a\u00f1os vamos a ser la villa miseria m\u00e1s grande del mundo. Argentina inici\u00f3 el siglo XX siendo el pa\u00eds m\u00e1s rico del mundo. Hoy estamos de mitad de la tabla para abajo. Tenemos m\u00e1s de 40% de pobres, 10% de indigentes, la inflaci\u00f3n descontrolada y camino a la peor crisis de la historia argentina\u201d<\/em>, sostuvo el libertario. <strong><em>\u201cQu\u00e9 es lo que proponemos: hacer una reforma del Estado, bajar dr\u00e1sticamente el gasto p\u00fablico, simplificar el sistema tributario, desregular la econom\u00eda, privatizaciones para sacarnos las nefastas empresas del Estado de encima y cerrar el Banco Central. Con este conjunto de reformas, en quince a\u00f1os podr\u00eda estar alcanzando niveles de vida similares a los que tiene Italia o Francia. Si me dan veinte, Alemania. Y si me dan 35 a Estados Unidos\u201d<\/em><\/strong>, resumi\u00f3.<\/p>\n<p>&nbsp;<\/p>\n<p>Sergio Massa, por su parte, pidi\u00f3 \u201cdisculpas\u201d por \u201clos errores de este gobierno que lastimaron a la gente\u201d. <strong><em>\u201cNo era parte hasta asumir como ministro, pero pido disculpas\u201d,<\/em><\/strong> dijo el candidato oficialista al iniciar su propuesta sobre econom\u00eda. Anunci\u00f3 -entre otras iniciativas- una <em><strong>\u201cmoneda digital argentina, una ley de blanqueo para que los que tienen dinero en el exterior lo puedan usar libremente sin nuevos impuestos y subir penas de la ley penal cambiaria y tributaria, y c\u00e1rcel a los evasores\u201d.<\/strong> \u201cEn paralelo, vamos a subir las penas de lo que es la penal cambiaria y tributaria: c\u00e1rcel a evasores y a los que fugan, para los que paguen impuestos no sean los tontos de la pel\u00edcula\u201d<\/em>, agreg\u00f3. <strong><em>\u201cVamos a un sistema tributario mucho m\u00e1s progresivo, vamos a seguir bajando el IVA a todos los trabajadores argentinos, vamos a seguir bajando impuestos como Ganancias y vamos a poner sobre la mesa cu\u00e1les son los beneficios de las empresas que te roban casi 4,5 del PBI con la protecci\u00f3n de algunos sectores de la pol\u00edtica argentina\u201d<\/em><\/strong>, propuso.<\/p>\n<p>&nbsp;<\/p>\n<p>A su turno, Patricia Bullrich, plante\u00f3 como principal problema terminar con la inflaci\u00f3n y destac\u00f3 el hecho de tener a Carlos Melconian en su equipo. <em>\u201cTres temas b\u00e1sicos: el primero, un programa claro y concreto, integral, que soluciones todos los problemas de fondo de la Argentina, ese programa lo tengo. Segundo, un equipo econ\u00f3mico coherente y honesto, con Carlos Melconian a la cabeza. Ese equipo, ese liderazgo y esa realidad ya la tengo. Lo tengo a Carlos Melconian. Tercero, la decisi\u00f3n pol\u00edtica, el temperamento y el coraje para hacer los cambios que la Argentina necesita, y ustedes saben que yo lo tengo. Ustedes han inventado y siguen con la inflaci\u00f3n, yo voy a eliminar la inflaci\u00f3n\u201d,<\/em> precis\u00f3 la candidata de JxC.<\/p>\n<p>&nbsp;<\/p>\n<p>Myriam Bregman, por su parte, puso en la palestra el problema del acuerdo con el Fondo Monetario Internacional (FMI) como principal escollo para el desarrollo de la econom\u00eda nacional. <strong><em>\u201cCuando se discuti\u00f3 el acuerdo en el Congreso, con (Nicol\u00e1s) Del Ca\u00f1o advertimos que era inflacionario y ten\u00edamos raz\u00f3n, como ahora advertimos que si seguimos por este camino del FMI las consecuencias para el pueblo trabajador van a ser mucho peores, no hay salida si no se desconoce esa deuda ilegal, ilegitima y fraudulenta\u201d<\/em><\/strong>, expres\u00f3 son solvencia, y a\u00f1adi\u00f3:<em> \u201cAhora aparece Milei, mostrando sus ideas como novedosas, pero ya las conocemos, las aplic\u00f3 Domingo Cavallo, otro gran empleado del FMI y fueron un desastre. Al rev\u00e9s de lo que \u00e9l dice, para fortalecer la moneda, hay que nacionalizar el comercio exterior y terminar con la puerta giratoria de los d\u00f3lares, porque d\u00f3lares hay, lo que sobran son sus jugadores\u201d.<\/em><\/p>\n<p>&nbsp;<\/p>\n<p>Juan Schiaretti se centr\u00f3 en la problem\u00e1tica del d\u00e9ficit fiscal y puso como ejemplo a su provincia.<strong><em> \u201cLos dos \u00faltimos gobiernos destruyeron la econom\u00eda nacional. Y la verdad que la causa de la destrucci\u00f3n es que siempre gastaron m\u00e1s de lo que les ingresa porque el hilo conductor de toda la inflaci\u00f3n en la Argentina fue siempre el d\u00e9ficit fiscal. Y lo digo yo que en C\u00f3rdoba no tenemos d\u00e9ficit fiscal\u201d<\/em><\/strong>, precis\u00f3 el candidato cordob\u00e9s.<em> \u201cPara acabar con el d\u00e9ficit fiscal no es necesario hacer un ajuste salvaje, sino que es necesario tomar las medidas adecuadas porque hay m\u00e1s de 10 puntos del PBI entre la superposici\u00f3n de posiciones entre Naci\u00f3n, provincias y municipios; el d\u00e9ficit de las empresas p\u00fablicas; los subsidios a la econom\u00eda y la evasi\u00f3n impositiva\u201d,<\/em> present\u00f3.<\/p>\n<p>&nbsp;<\/p>\n<blockquote><p>Las chicanas y cruces recayeron principalmente sobre el ministro de Econom\u00eda y candidato de UxP por ser parte del Gobierno y no poder dar respuesta al problema de la inflaci\u00f3n. No obstante, el ministro se diferenci\u00f3 de la gesti\u00f3n actual en varios momentos del encuentro, para plantear que en caso de ser Presidente ese va a ser su gobierno, distinto al de Alberto Fern\u00e1ndez.<\/p><\/blockquote>\n<p>&nbsp;<\/p>\n<p>En tanto, <strong>en el debate sobre educaci\u00f3n, todos los candidatos acordaron en su defensa, como motor del cambio social y del progreso hacia el futuro. Las principales chicanas recayeron sobre Javier Milei y el sistema de vouchers que propone<\/strong>, y la posible privatizaci\u00f3n de la educaci\u00f3n p\u00fablica, aunque el libertario evit\u00f3 mencionar ese mecanismo.<\/p>\n<p>&nbsp;<\/p>\n<p>En materia de propuestas, se destac\u00f3 la intervenci\u00f3n de <strong>Massa, quien indic\u00f3 que envi\u00f3 al Congreso un proyecto de ley que establece una suba de 6 a 8 puntos del PBI la inversi\u00f3n m\u00ednima en educaci\u00f3n<\/strong>, con objetivos como<em> \u201cla construcci\u00f3n de 731 centros de desarrollo infantil y jardines de infantes; plan de alfabetizaci\u00f3n de primer a tercer grado; las materias de matem\u00e1tica, rob\u00f3tica, programaci\u00f3n e inteligencia artificial como obligatorias en cuarto y quinto a\u00f1o, y la duplicaci\u00f3n de escuelas t\u00e9cnicas\u201d<\/em>. Tambi\u00e9n propuso impulsar un \u201c<strong>1,5 del PBI\u201d para \u201campliar la oferta universitaria\u201d y un \u201cfondo\u201d dentro de los 8 puntos educativos para el \u201cpresentismo\u201d, de forma tal de garantizar a \u201clos pibes en las aulas y a los maestros\u201d.<\/strong><\/p>\n<p>&nbsp;<\/p>\n<p>Por su parte, Bullrich consider\u00f3 que si Sarmiento <em>\u201cviera lo que est\u00e1 pasando en la escuela p\u00fablica\u201d<\/em> en el pa\u00eds, <em><strong>\u201cles pondr\u00eda un cero y los manda a marzo\u201d,<\/strong><\/em> y alert\u00f3 que se est\u00e1 \u201cdestruyendo el futuro de los chicos\u201d. Adem\u00e1s, acus\u00f3 al peronismo de ser \u201caliado a los gremios\u201d y asegur\u00f3 que con un eventual Gobierno suyo <strong><em>\u201cla historia de los paros y el adoctrinamiento se termina de una vez y para siempre\u201d.<\/em> <\/strong>Tambi\u00e9n se comprometi\u00f3 a garantizar los \u201c190 d\u00edas de clase\u201d y propuso declarar a la educaci\u00f3n \u201cservicio esencial\u201d para que <em>\u201clas huelgas sean fuera del horario de clase\u201d.<\/em> Al dirigirse a <strong>Milei, le record\u00f3 que durante las protestas por el confinamiento por coronavirus y el reclamo de que se abrieran las aulas, el candidato libertario \u201cgritaba que no se abrieran nos \u00edbamos a contagiar\u201d<\/strong>. <em>\u201cNo te importa la educaci\u00f3n; and\u00e1 con el voucher a la puna, donde hay una sola escuela; no conoc\u00e9s Argentina, plante\u00e1s un modelo para la ciudad (de Buenos Aires), y el pa\u00eds es m\u00e1s que la Ciudad\u201d.<\/em><\/p>\n<p>&nbsp;<\/p>\n<p>A su turno, Milei se\u00f1al\u00f3 que los partidos tradicionales son los responsables de que <em>\u201cel 13% de los chicos no termina el colegio en tiempo y forma\u201d,<\/em> con el <em>\u201cagravante de una situaci\u00f3n donde el 60% de los chicos son pobres\u201d<\/em>, y expuso que LLA plantea la<strong><em> \u201cidea revolucionaria de implementar capital humano\u201d,<\/em><\/strong> que tiene una atenci\u00f3n de \u201cprimera generaci\u00f3n\u201d que consiste en \u201csalud, alimentaci\u00f3n y la educaci\u00f3n\u201d. <strong>Se\u00f1al\u00f3 que su propuesta consiste en cambiar la forma en que el Estado financia la educaci\u00f3n pasando a financiar \u201cla demanda\u201d y no solventando \u201cla oferta\u201d, como ocurre en la actualidad. Adem\u00e1s, Milei acus\u00f3 a \u201clos radicales\u201d de financiarse pol\u00edticamente con las universidades.<\/strong><\/p>\n<p>&nbsp;<\/p>\n<p>Por su parte, el candidato de Hacemos por Nuestro Pa\u00eds pidi\u00f3 que la Naci\u00f3n<strong><em> \u201cdeje de superponer funciones a las provincias\u201d<\/em><\/strong> y<strong><em> \u201cque les pase los recursos con coparticipaci\u00f3n\u201d<\/em><\/strong>, de modo tal de que los distritos puedan garantizar una \u201cbuena educaci\u00f3n\u201d.<\/p>\n<p>&nbsp;<\/p>\n<p>En tanto, <strong>la postulante del Frente de Izquierda y los Trabajadores (FIT), Myriam Bregman<\/strong>, se\u00f1al\u00f3 que <em>\u201csi la educaci\u00f3n sigue en pie es gracias al esfuerzo cotidiano de la docencia, donde la mayor\u00eda son mujeres y son ellas que se hacen cargo de los problemas todos los d\u00edas\u201d.<\/em><\/p>\n<p>&nbsp;<\/p>\n<p>En el tercer \u00edtem de la primera parte<strong>, derechos humanos, sin dudas la m\u00e1s llamativa fue la exposici\u00f3n de Javier Milei, donde el libertario tom\u00f3 el discurso m\u00e1s radical, que se le hab\u00eda escuchado principalmente a su compa\u00f1era de f\u00f3rmula, Victoria Villarruel, y neg\u00f3 abiertamente que los desaparecidos en la \u00faltima dictadura militar sean 30.000, y expuso la \u201cteor\u00eda de los dos demonios\u201d al hablar de \u201cguerra\u201d.<\/strong><\/p>\n<p>&nbsp;<\/p>\n<p>Los dem\u00e1s candidatos abogaron por mantener un apol\u00edtica de derechos humanos, incluso<strong> Schiaretti habl\u00f3 en primera persona de su padecimiento durante varios procesos de dictadura, donde fue v\u00edctima de represi\u00f3n y perseguido.<\/strong><\/p>\n<p>&nbsp;<\/p>\n<p><strong>Massa plante\u00f3 avanzar en una agenda pol\u00edtica que ponga en debate nuevos derechos humanos, como los referidos al ambiente, la salud, tras resaltar lo hecho durante los \u00faltimos 40 a\u00f1os de democracia, desde el Juicio a las Juntas hasta la reactivaci\u00f3n de los juicios a genocidas durante los gobiernos kirchneristas.<\/strong><\/p>\n<p>&nbsp;<\/p>\n<h2>Preguntas cruzadas<\/h2>\n<p>&nbsp;<\/p>\n<p>En tanto, la media hora final, en la que se formularon las preguntas cruzadas, fue la m\u00e1s intensa, en la que<strong> los candidatos buscaron el contrapunto personal y el impacto medi\u00e1tico.<\/strong><\/p>\n<p>&nbsp;<\/p>\n<p>En esa instancia,<strong> Massa le pidi\u00f3 a Milei que le pidiera disculpas al Papa Francisco por sus insultos, cosa que el libertario dijo haber hecho en su momento y asever\u00f3 que \u201clo volver\u00eda a hacer\u201d, pero no lo hizo en el debate, ante la pregunta del candidato de UxP.<\/strong><\/p>\n<p>&nbsp;<\/p>\n<p>De igual modo<strong> el candidato libertario le pregunt\u00f3 a Bregman por qu\u00e9 defiende el comunismo, a lo la candidta del FIT-U le respondi\u00f3 que ella es socialista, y que al hacer esa pregunta usa frases y datos \u201cdel Rinc\u00f3n del Vago que seguro le pas\u00f3 (Mauricio) Macri\u201d.<\/strong><\/p>\n<p>&nbsp;<\/p>\n<p>Por su parte, <strong>la candidata de izquierda sum\u00f3 la agenda de g\u00e9nero que qued\u00f3 afuera del debate y le pregunt\u00f3 a Milei si niega el patriarcado por ignorancia o por machismo. El libertario intent\u00f3 una respuesta poniendo como ejemplo una empresa, chicaneando con la frase \u201custed no entra a las empresas\u201d, y aseverando que se iba a encontrar con mitad hombres y mitad mujeres.<\/strong><\/p>\n<p>&nbsp;<\/p>\n<h2>Los cierres<\/h2>\n<p>&nbsp;<\/p>\n<p>Al final del debate, cada candidato cont\u00f3 con un minuto para cerrar su propuesta, y dejar un mensaje sint\u00e9tico sobre los principales puntos del primer encuentro, que tendr\u00e1 una segunda instancia el pr\u00f3ximo domingo 8 de octubre.<\/p>\n<p>&nbsp;<\/p>\n<h2>Myriam Bregman<\/h2>\n<p>&nbsp;<\/p>\n<p>\u201cM\u00e1s all\u00e1 de las frases hechas, ning\u00fan candidato pudo ocultar que son todos c\u00f3mplices del poder econ\u00f3mico. Vos sab\u00e9s que nosotros no, porque peleamos por construir una sociedad sin ning\u00fan tipo de explotaci\u00f3n u opresi\u00f3n. Nos ves en cada lucha. Este 22 de octubre demostremos que somos muchos y muchas que no queremos seguir pagando al FMI con el hambre del pueblo. Los que no queremos que los trabajadores sigan perdiendo, que no queremos que sigan destruyendo el planeta porque no hay planeta B. Las que decimos que no nos digan otra vez m\u00e1s que tenemos que esperar. No te resignes, vot\u00e1 con tus convicciones. Vamos con la izquierda en todo el pa\u00eds, en las calles y en el Congreso. Otra cosa m\u00e1s: Son 30 mil y fue un genocidio\u201d, cerr\u00f3, dando respuesta al discurso de Milei en el segmento de derechos humanos.<\/p>\n<p>&nbsp;<\/p>\n<h2>Sergio Massa<\/h2>\n<p>&nbsp;<\/p>\n<p>\u201cLa Argentina tiene tres caminos: uno ya lo conocemos, es la vuelta al pasado, el otro es un salto al vac\u00edo y la locura. Despu\u00e9s, un camino de producci\u00f3n y trabajo. Quiero invitarte a que construyamos una Argentina donde convoquemos a un gobierno de unidad nacional. Quiero invitarte que pongamos el trabajo y la distribuci\u00f3n del ingreso como valores centrales para la construcci\u00f3n de la Argentina. Quiero que construyamos de nuestras exportaciones la potencia de nuestras reservas, pero sobre todo las cosas el valor de nuestro trabajo. Quiero que construyamos m\u00e1s federalismo, porque Argentina necesita mejor distribuci\u00f3n a lo largo y ancho del pa\u00eds. Sobre todo, quiero pedirte: a la urna, no vayas con bronca ni con odio. And\u00e1 con esperanza\u201d, asever\u00f3.<\/p>\n<p>&nbsp;<\/p>\n<h2>Patricia Bullrich<\/h2>\n<p>&nbsp;<\/p>\n<p>\u201cHoy estamos frente a la batalla final, pero para transformar la Argentina no alcanza s\u00f3lo ganarle en las urnas, hace falta generar cambios profundos y verdaderos, que duren, porque siempre est\u00e1n amenazando. Por eso la \u00fanica forma de hacerlo es con coraje, con poder pol\u00edtico, y hoy nosotros tenemos poder pol\u00edtico propio con gobernadores, con intendentes, con mayor\u00edas en el Congreso y con ustedes, la gente. Por eso te pido que nos acompa\u00f1es, que nos votes, que pienses que Juntos por el Cambio es la \u00fanica oposici\u00f3n que va a garantizar el cambio de lo que el kirchnerismo arruin\u00f3 en la Argentina. Yo no doy el brazo a torcer, yo no voy a negociar el cambio nunca. Yo te pido, por favor, acompa\u00f1ame. Y te quiero decir: viva la Patria\u201d, remarc\u00f3.<\/p>\n<p>&nbsp;<\/p>\n<h2>Javier Milei<\/h2>\n<p>&nbsp;<\/p>\n<p>\u201cA lo largo de este debate hemos escuchado la posici\u00f3n de algunos candidatos que parecen que son marcianos, como si no hubieran tenido nada que ver en la debacle que llevamos sufriendo 40 a\u00f1os. No hay locura m\u00e1s grande, nada m\u00e1s demencial, que creer que uno puede tener resultados distintos haciendo siempre lo mismo. Venimos a proponer es el modelo de la libertad. Aquellos pa\u00edses que son m\u00e1s libres, son ocho veces m\u00e1s ricos que los reprimidos. El decil m\u00e1s bajo de la distribuci\u00f3n esta once veces mejor que su par en el reprimido. Hay 25 veces menos de pobres en el formato est\u00e1ndar y 50 veces menos que en el formato extremo. La gente vive un 25% m\u00e1s. Una Argentina distinta es imposible con los mismos de siempre. Sin embargo, quiero decirles que hay esperanza. Un futuro mejor es posible, pero ese futuro es posible si es liberal\u201d, concluy\u00f3.<\/p>\n<p>&nbsp;<\/p>\n<h2>Juan Schiaretti<\/h2>\n<p>&nbsp;<\/p>\n<p>\u201cEs mentira que estemos condenados al fracaso. Es mentira que estemos condenados a tener siempre alta inflaci\u00f3n. Es mentira que tengamos que estar siempre gobernados por la grieta. Es hora de que Argentina tenga un Gobierno que gestione bien\u201d, expres\u00f3, y concluy\u00f3: \u201cHan visto a los candidatos de la grieta que ya fracasaron como gobierno: Sergio Massa y Patricia Bullrich que representan al kirchnerismo y al fracaso de Macri. Han escuchado a otro candidato que propone cosas que resultan un viaje a lo desconocido, adem\u00e1s de las cosas tradicionales que plantea la izquierda. Yo ofrezco mi experiencia de Gobierno\u201d.<\/p>\n","protected":false},"excerpt":{"rendered":"<p>Fue en Santiago del Estero. Con algunas dudas del reglamento y muchos \u201cderechos a r\u00e9plica\u201d en la primera etapa del<\/p>\n","protected":false},"author":2,"featured_media":97979,"comment_status":"closed","ping_status":"closed","sticky":false,"template":"","format":"standard","meta":{"_jetpack_memberships_contains_paid_content":false,"footnotes":""},"categories":[6,1],"tags":[],"class_list":["post-97978","post","type-post","status-publish","format-standard","has-post-thumbnail","hentry","category-nacionales","category-portada"],"jetpack_featured_media_url":"https:\/\/i0.wp.com\/cdnoticias.com\/wp-content\/uploads\/2023\/10\/debate-2-.png?fit=1149%2C661&ssl=1","jetpack_sharing_enabled":true,"_links":{"self":[{"href":"https:\/\/cdnoticias.com\/index.php\/wp-json\/wp\/v2\/posts\/97978","targetHints":{"allow":["GET"]}}],"collection":[{"href":"https:\/\/cdnoticias.com\/index.php\/wp-json\/wp\/v2\/posts"}],"about":[{"href":"https:\/\/cdnoticias.com\/index.php\/wp-json\/wp\/v2\/types\/post"}],"author":[{"embeddable":true,"href":"https:\/\/cdnoticias.com\/index.php\/wp-json\/wp\/v2\/users\/2"}],"replies":[{"embeddable":true,"href":"https:\/\/cdnoticias.com\/index.php\/wp-json\/wp\/v2\/comments?post=97978"}],"version-history":[{"count":0,"href":"https:\/\/cdnoticias.com\/index.php\/wp-json\/wp\/v2\/posts\/97978\/revisions"}],"wp:featuredmedia":[{"embeddable":true,"href":"https:\/\/cdnoticias.com\/index.php\/wp-json\/wp\/v2\/media\/97979"}],"wp:attachment":[{"href":"https:\/\/cdnoticias.com\/index.php\/wp-json\/wp\/v2\/media?parent=97978"}],"wp:term":[{"taxonomy":"category","embeddable":true,"href":"https:\/\/cdnoticias.com\/index.php\/wp-json\/wp\/v2\/categories?post=97978"},{"taxonomy":"post_tag","embeddable":true,"href":"https:\/\/cdnoticias.com\/index.php\/wp-json\/wp\/v2\/tags?post=97978"}],"curies":[{"name":"wp","href":"https:\/\/api.w.org\/{rel}","templated":true}]}}