{"id":9795,"date":"2020-12-23T19:43:16","date_gmt":"2020-12-23T22:43:16","guid":{"rendered":"http:\/\/www.centraldenoticias.com.ar\/?p=9795"},"modified":"2020-12-23T19:43:16","modified_gmt":"2020-12-23T22:43:16","slug":"entrega-de-numerosos-premios-y-distinciones-en-el-acto-aniversario-de-la-policia-bonaerense","status":"publish","type":"post","link":"https:\/\/cdnoticias.com\/index.php\/2020\/12\/23\/entrega-de-numerosos-premios-y-distinciones-en-el-acto-aniversario-de-la-policia-bonaerense\/","title":{"rendered":"Entrega de numerosos premios y distinciones en el acto aniversario de la polic\u00eda Bonaerense"},"content":{"rendered":"<p>Se llev\u00f3 a cabo en la Escuela Juan Vucetich descentralizada Olavarr\u00eda, ubicada en el Cerro Luciano Fortabat.<\/p>\n<p><!--more--><\/p>\n<hr \/>\n<p>En la ma\u00f1ana de este mi\u00e9rcoles se llev\u00f3 a cabo <strong>el acto por el 140\u00b0 aniversario de la creaci\u00f3n de la Polic\u00eda de la provincia de Buenos Aires<\/strong>, que en la ocasi\u00f3n tuvo como escenario la Escuela de Polic\u00eda Juan Vucetich descentralizada Olavarr\u00eda, ubicada en el cerro Luciano Fortabat. <strong>Con motivo de la pandemia, la concurrencia fue limitada a funcionarios policiales y municipales.<\/strong><\/p>\n<p>&nbsp;<\/p>\n<p><img data-recalc-dims=\"1\" loading=\"lazy\" decoding=\"async\" class=\"alignnone size-large wp-image-9803\" src=\"https:\/\/i0.wp.com\/cdnoticias.com\/wp-content\/uploads\/2020\/12\/WhatsApp-Image-2020-12-23-at-16.10.41.jpeg?resize=800%2C534&#038;ssl=1\" alt=\"\" width=\"800\" height=\"534\" srcset=\"https:\/\/i0.wp.com\/cdnoticias.com\/wp-content\/uploads\/2020\/12\/WhatsApp-Image-2020-12-23-at-16.10.41.jpeg?resize=1024%2C683&amp;ssl=1 1024w, https:\/\/i0.wp.com\/cdnoticias.com\/wp-content\/uploads\/2020\/12\/WhatsApp-Image-2020-12-23-at-16.10.41.jpeg?resize=300%2C200&amp;ssl=1 300w, https:\/\/i0.wp.com\/cdnoticias.com\/wp-content\/uploads\/2020\/12\/WhatsApp-Image-2020-12-23-at-16.10.41.jpeg?resize=768%2C512&amp;ssl=1 768w, https:\/\/i0.wp.com\/cdnoticias.com\/wp-content\/uploads\/2020\/12\/WhatsApp-Image-2020-12-23-at-16.10.41.jpeg?resize=272%2C182&amp;ssl=1 272w, https:\/\/i0.wp.com\/cdnoticias.com\/wp-content\/uploads\/2020\/12\/WhatsApp-Image-2020-12-23-at-16.10.41.jpeg?w=1280&amp;ssl=1 1280w\" sizes=\"auto, (max-width: 800px) 100vw, 800px\" \/><\/p>\n<p>&nbsp;<\/p>\n<p>La ocasi\u00f3n sirvi\u00f3 adem\u00e1s para la<strong> entrega de numerosos premios y distinciones a agentes locales por la labor realizada durante el 2020<\/strong>. Todo se vio encabezado por el comisario Roberto Landoni, jefe de la Estaci\u00f3n Departamental de Polic\u00eda de Seguridad de Olavarr\u00eda, quien fue uno de los oradores de la jornada en la que fueron destacados personal del Comando Patrullas, de la polic\u00eda Local, de las comisar\u00edas Primera, Segunda y De la Mujer y la Familia, adem\u00e1s de las subcomisarias de Loma Negra, Sierras Bayas e Hinojo, sumado a los destacamento de Sierras Chica y Espigas.<\/p>\n<p>&nbsp;<\/p>\n<p><em><strong>Los galardonados<\/strong><\/em><\/p>\n<p>&nbsp;<\/p>\n<p><strong>Premio M\u00e9rito:<\/strong><\/p>\n<p>Oficial Principal N\u00e9stor David Schneider, subteniente Jos\u00e9 Ignacio Hoffer, oficial subayudante Cristian R\u00edos y oficial subayudante Jes\u00fas Gonzalo Arena.<\/p>\n<p>&nbsp;<\/p>\n<p><img data-recalc-dims=\"1\" loading=\"lazy\" decoding=\"async\" class=\"alignnone size-large wp-image-9802\" src=\"https:\/\/i0.wp.com\/cdnoticias.com\/wp-content\/uploads\/2020\/12\/WhatsApp-Image-2020-12-23-at-16.10.41-1.jpeg?resize=800%2C534&#038;ssl=1\" alt=\"\" width=\"800\" height=\"534\" srcset=\"https:\/\/i0.wp.com\/cdnoticias.com\/wp-content\/uploads\/2020\/12\/WhatsApp-Image-2020-12-23-at-16.10.41-1.jpeg?resize=1024%2C683&amp;ssl=1 1024w, https:\/\/i0.wp.com\/cdnoticias.com\/wp-content\/uploads\/2020\/12\/WhatsApp-Image-2020-12-23-at-16.10.41-1.jpeg?resize=300%2C200&amp;ssl=1 300w, https:\/\/i0.wp.com\/cdnoticias.com\/wp-content\/uploads\/2020\/12\/WhatsApp-Image-2020-12-23-at-16.10.41-1.jpeg?resize=768%2C512&amp;ssl=1 768w, https:\/\/i0.wp.com\/cdnoticias.com\/wp-content\/uploads\/2020\/12\/WhatsApp-Image-2020-12-23-at-16.10.41-1.jpeg?resize=272%2C182&amp;ssl=1 272w, https:\/\/i0.wp.com\/cdnoticias.com\/wp-content\/uploads\/2020\/12\/WhatsApp-Image-2020-12-23-at-16.10.41-1.jpeg?w=1280&amp;ssl=1 1280w\" sizes=\"auto, (max-width: 800px) 100vw, 800px\" \/><\/p>\n<p>&nbsp;<\/p>\n<p><strong>Premio Est\u00edmulo:<\/strong><\/p>\n<p>Subcomisario Mar\u00eda Guadalupe Balquinta, oficial principal Gisella Souto, oficial principal Vanesa Gorosito, oficial inspector Florencia Recalde, oficial inspector Mar\u00eda Laura Barraza, oficial subinspector Yesica Soledad P\u00e9rez, oficial ayudante (adm) Marina Giselle Gregorini, oficial subayudante Nahuel Basualdo, teniente primero Jos\u00e9 Sebasti\u00e1n Guti\u00e9rrez, subteniente Sergio Adri\u00e1n N\u00fa\u00f1ez, subteniente Natalia Alejandra Rold\u00e1n, subteniente Natalia Vanesa P\u00e9rez, sargento Sim\u00f3n David Puma, sargento Mar\u00eda Laura Ponce.<\/p>\n<p>&nbsp;<\/p>\n<p><img data-recalc-dims=\"1\" loading=\"lazy\" decoding=\"async\" class=\"alignnone size-large wp-image-9801\" src=\"https:\/\/i0.wp.com\/cdnoticias.com\/wp-content\/uploads\/2020\/12\/WhatsApp-Image-2020-12-23-at-16.10.41-2.jpeg?resize=800%2C534&#038;ssl=1\" alt=\"\" width=\"800\" height=\"534\" srcset=\"https:\/\/i0.wp.com\/cdnoticias.com\/wp-content\/uploads\/2020\/12\/WhatsApp-Image-2020-12-23-at-16.10.41-2.jpeg?resize=1024%2C683&amp;ssl=1 1024w, https:\/\/i0.wp.com\/cdnoticias.com\/wp-content\/uploads\/2020\/12\/WhatsApp-Image-2020-12-23-at-16.10.41-2.jpeg?resize=300%2C200&amp;ssl=1 300w, https:\/\/i0.wp.com\/cdnoticias.com\/wp-content\/uploads\/2020\/12\/WhatsApp-Image-2020-12-23-at-16.10.41-2.jpeg?resize=768%2C512&amp;ssl=1 768w, https:\/\/i0.wp.com\/cdnoticias.com\/wp-content\/uploads\/2020\/12\/WhatsApp-Image-2020-12-23-at-16.10.41-2.jpeg?resize=272%2C182&amp;ssl=1 272w, https:\/\/i0.wp.com\/cdnoticias.com\/wp-content\/uploads\/2020\/12\/WhatsApp-Image-2020-12-23-at-16.10.41-2.jpeg?w=1280&amp;ssl=1 1280w\" sizes=\"auto, (max-width: 800px) 100vw, 800px\" \/><\/p>\n<p>&nbsp;<\/p>\n<p>Tambi\u00e9n recibieron un \u201cpremio est\u00edmulo\u201d los oficiales Lucas Vicente, Joel Jarie, Daiana Ver\u00f3nica Nanni, Nahir Olivetto, Micaela L\u00f3pez, Marianela Andromaco, Ver\u00f3nica Cordero, Sergio Chinela, Agustina Ferro, Marina Andrea Cabrera, Gabriel Mois\u00e9s Mallavia, Marisol Tejeda, Carolina Ag\u00fcero, Ariana Sanchez, Alejandro Ju\u00e1rez, Juan Ignacio Rodr\u00edguez, Mat\u00edas Echeverr\u00eda, Juan Nicol\u00e1s Suarez y Florencia Simons.<\/p>\n<p>&nbsp;<\/p>\n<p><em><strong>M\u00e1s distinciones<\/strong><\/em><\/p>\n<p>&nbsp;<\/p>\n<p>Por otra parte, <strong>desde la Municipalidad se hicieron presentes Diego Robbiani, secretario de Desarrollo Humano y Calidad de Vida, junto con el director del Centro de Monitoreo Municipal, Daniel Manuel, quienes tambi\u00e9n entregaron placas y medallas<\/strong>.<\/p>\n<p>&nbsp;<\/p>\n<p><img data-recalc-dims=\"1\" loading=\"lazy\" decoding=\"async\" class=\"alignnone size-large wp-image-9799\" src=\"https:\/\/i0.wp.com\/cdnoticias.com\/wp-content\/uploads\/2020\/12\/WhatsApp-Image-2020-12-23-at-16.10.42.jpeg?resize=800%2C534&#038;ssl=1\" alt=\"\" width=\"800\" height=\"534\" srcset=\"https:\/\/i0.wp.com\/cdnoticias.com\/wp-content\/uploads\/2020\/12\/WhatsApp-Image-2020-12-23-at-16.10.42.jpeg?resize=1024%2C683&amp;ssl=1 1024w, https:\/\/i0.wp.com\/cdnoticias.com\/wp-content\/uploads\/2020\/12\/WhatsApp-Image-2020-12-23-at-16.10.42.jpeg?resize=300%2C200&amp;ssl=1 300w, https:\/\/i0.wp.com\/cdnoticias.com\/wp-content\/uploads\/2020\/12\/WhatsApp-Image-2020-12-23-at-16.10.42.jpeg?resize=768%2C512&amp;ssl=1 768w, https:\/\/i0.wp.com\/cdnoticias.com\/wp-content\/uploads\/2020\/12\/WhatsApp-Image-2020-12-23-at-16.10.42.jpeg?resize=272%2C182&amp;ssl=1 272w, https:\/\/i0.wp.com\/cdnoticias.com\/wp-content\/uploads\/2020\/12\/WhatsApp-Image-2020-12-23-at-16.10.42.jpeg?w=1280&amp;ssl=1 1280w\" sizes=\"auto, (max-width: 800px) 100vw, 800px\" \/><\/p>\n<p>&nbsp;<\/p>\n<p>En este caso, los galardonados fueron todos los titulares de dependencias locales. Se trat\u00f3, adem\u00e1s del ya mencionado comisario Roberto Landoni, del comisario inspector Juan Iturregio, titular del Comando de Patrullas; del subcomisario Nicol\u00e1s Kette, jefe de la comisar\u00eda Primera; la subcomisario Silvana Lestani, jefa de la comisar\u00eda Segunda; el subcomisario Mario Wagner, jefe de la subcomisar\u00eda de Loma Negra; el subcomisario Lucas Rodr\u00edguez, titular de la polic\u00eda Local; la subcomisario Vanesa Lauge, jefa de la comisar\u00eda De la Mujer y la Familia; el oficial principal Juan Garc\u00eda, jefe de la subcomisar\u00eda de Hinojo; la oficial principal Romina Alonso, jefa de la subcomisar\u00eda de Sierras Bayas; el oficial inspector Mart\u00edn L\u00f3pez, titular del destacamento de Espigas, y el oficial inspector Mat\u00edas Budi\u00f1o, jefe del Destacamento policial de Sierra Chica.<\/p>\n<p>&nbsp;<\/p>\n<p><img data-recalc-dims=\"1\" loading=\"lazy\" decoding=\"async\" class=\"alignnone size-large wp-image-9797\" src=\"https:\/\/i0.wp.com\/cdnoticias.com\/wp-content\/uploads\/2020\/12\/WhatsApp-Image-2020-12-23-at-16.10.42-2.jpeg?resize=800%2C534&#038;ssl=1\" alt=\"\" width=\"800\" height=\"534\" srcset=\"https:\/\/i0.wp.com\/cdnoticias.com\/wp-content\/uploads\/2020\/12\/WhatsApp-Image-2020-12-23-at-16.10.42-2.jpeg?resize=1024%2C683&amp;ssl=1 1024w, https:\/\/i0.wp.com\/cdnoticias.com\/wp-content\/uploads\/2020\/12\/WhatsApp-Image-2020-12-23-at-16.10.42-2.jpeg?resize=300%2C200&amp;ssl=1 300w, https:\/\/i0.wp.com\/cdnoticias.com\/wp-content\/uploads\/2020\/12\/WhatsApp-Image-2020-12-23-at-16.10.42-2.jpeg?resize=768%2C512&amp;ssl=1 768w, https:\/\/i0.wp.com\/cdnoticias.com\/wp-content\/uploads\/2020\/12\/WhatsApp-Image-2020-12-23-at-16.10.42-2.jpeg?resize=272%2C182&amp;ssl=1 272w, https:\/\/i0.wp.com\/cdnoticias.com\/wp-content\/uploads\/2020\/12\/WhatsApp-Image-2020-12-23-at-16.10.42-2.jpeg?w=1280&amp;ssl=1 1280w\" sizes=\"auto, (max-width: 800px) 100vw, 800px\" \/><\/p>\n<p>&nbsp;<\/p>\n<p>Asimismo, tambi\u00e9n desde el Ejecutivo local se entregaron medallas al subcomisario Martin Zapata, segundo Jefe de la Estaci\u00f3n de Polic\u00eda Departamental local; a la subcomisario Guadalupe Balquinta, segunda Jefe de la comisar\u00eda Primera;\u00a0 al subcomisario Mart\u00edn Cort\u00e9s, segundo Jefe de la polic\u00eda Local; al subcomisario Maximiliano Herrera, segundo Jefe de la comisar\u00eda Segunda; al oficial ayudante Alejandro Lagos Alejandro, Jefe del Gabinete Criminol\u00f3gico de la comisar\u00eda Segunda, y al oficial subayudante \u00a0Nahuel Basualdo, \u00a0Jefe del Gabinete Criminol\u00f3gico de la comisar\u00eda Primera.<\/p>\n<p>&nbsp;<\/p>\n<p><img data-recalc-dims=\"1\" loading=\"lazy\" decoding=\"async\" class=\"alignnone size-large wp-image-9798\" src=\"https:\/\/i0.wp.com\/cdnoticias.com\/wp-content\/uploads\/2020\/12\/WhatsApp-Image-2020-12-23-at-16.10.42-1.jpeg?resize=800%2C534&#038;ssl=1\" alt=\"\" width=\"800\" height=\"534\" srcset=\"https:\/\/i0.wp.com\/cdnoticias.com\/wp-content\/uploads\/2020\/12\/WhatsApp-Image-2020-12-23-at-16.10.42-1.jpeg?resize=1024%2C683&amp;ssl=1 1024w, https:\/\/i0.wp.com\/cdnoticias.com\/wp-content\/uploads\/2020\/12\/WhatsApp-Image-2020-12-23-at-16.10.42-1.jpeg?resize=300%2C200&amp;ssl=1 300w, https:\/\/i0.wp.com\/cdnoticias.com\/wp-content\/uploads\/2020\/12\/WhatsApp-Image-2020-12-23-at-16.10.42-1.jpeg?resize=768%2C512&amp;ssl=1 768w, https:\/\/i0.wp.com\/cdnoticias.com\/wp-content\/uploads\/2020\/12\/WhatsApp-Image-2020-12-23-at-16.10.42-1.jpeg?resize=272%2C182&amp;ssl=1 272w, https:\/\/i0.wp.com\/cdnoticias.com\/wp-content\/uploads\/2020\/12\/WhatsApp-Image-2020-12-23-at-16.10.42-1.jpeg?w=1280&amp;ssl=1 1280w\" sizes=\"auto, (max-width: 800px) 100vw, 800px\" \/><\/p>\n<p>&nbsp;<\/p>\n<p>Tambi\u00e9n se hicieron entrega de premios est\u00edmulos y m\u00e9ritos, al personal de la Escuela de Formaci\u00f3n sede Olavarr\u00eda, a cargo del Comisario Marcelo Saraceno. Sumado a la \u00a0distinci\u00f3n al personal del Centro de Despacho Olavarria, a cargo del Comisario Gustavo Lucero, al personal de la SubDDI Olavarr\u00eda, entregando los mismos al comisario Inspector Carlos Gim\u00e9nez, Director de Investigaciones en funci\u00f3n judicial, y el titular de la SubDDI Olavarr\u00eda, el subcomisario Sebasti\u00e1n Lagano. Por \u00faltimo, tambi\u00e9n hizo lo propio el subcomisario Mart\u00edn Garc\u00eda, titular de criminal\u00edstica Azul, quien hizo entrega de premios al personal de la Delegaci\u00f3n local de Polic\u00eda Cient\u00edfica.<\/p>\n","protected":false},"excerpt":{"rendered":"<p>Se llev\u00f3 a cabo en la Escuela Juan Vucetich descentralizada Olavarr\u00eda, ubicada en el Cerro Luciano Fortabat.<\/p>\n","protected":false},"author":3,"featured_media":9800,"comment_status":"closed","ping_status":"closed","sticky":false,"template":"","format":"standard","meta":{"_jetpack_memberships_contains_paid_content":false,"footnotes":""},"categories":[14,1],"tags":[],"class_list":["post-9795","post","type-post","status-publish","format-standard","has-post-thumbnail","hentry","category-policiales","category-portada"],"jetpack_featured_media_url":"https:\/\/i0.wp.com\/cdnoticias.com\/wp-content\/uploads\/2020\/12\/WhatsApp-Image-2020-12-23-at-16.10.41-3.jpeg?fit=1280%2C854&ssl=1","jetpack_sharing_enabled":true,"_links":{"self":[{"href":"https:\/\/cdnoticias.com\/index.php\/wp-json\/wp\/v2\/posts\/9795","targetHints":{"allow":["GET"]}}],"collection":[{"href":"https:\/\/cdnoticias.com\/index.php\/wp-json\/wp\/v2\/posts"}],"about":[{"href":"https:\/\/cdnoticias.com\/index.php\/wp-json\/wp\/v2\/types\/post"}],"author":[{"embeddable":true,"href":"https:\/\/cdnoticias.com\/index.php\/wp-json\/wp\/v2\/users\/3"}],"replies":[{"embeddable":true,"href":"https:\/\/cdnoticias.com\/index.php\/wp-json\/wp\/v2\/comments?post=9795"}],"version-history":[{"count":0,"href":"https:\/\/cdnoticias.com\/index.php\/wp-json\/wp\/v2\/posts\/9795\/revisions"}],"wp:featuredmedia":[{"embeddable":true,"href":"https:\/\/cdnoticias.com\/index.php\/wp-json\/wp\/v2\/media\/9800"}],"wp:attachment":[{"href":"https:\/\/cdnoticias.com\/index.php\/wp-json\/wp\/v2\/media?parent=9795"}],"wp:term":[{"taxonomy":"category","embeddable":true,"href":"https:\/\/cdnoticias.com\/index.php\/wp-json\/wp\/v2\/categories?post=9795"},{"taxonomy":"post_tag","embeddable":true,"href":"https:\/\/cdnoticias.com\/index.php\/wp-json\/wp\/v2\/tags?post=9795"}],"curies":[{"name":"wp","href":"https:\/\/api.w.org\/{rel}","templated":true}]}}