{"id":97940,"date":"2023-10-01T10:36:31","date_gmt":"2023-10-01T13:36:31","guid":{"rendered":"https:\/\/www.centraldenoticias.com.ar\/?p=97940"},"modified":"2023-10-01T17:14:17","modified_gmt":"2023-10-01T20:14:17","slug":"campana-de-vacunacion-antirrabica-el-cronograma-de-octubr","status":"publish","type":"post","link":"https:\/\/cdnoticias.com\/index.php\/2023\/10\/01\/campana-de-vacunacion-antirrabica-el-cronograma-de-octubr\/","title":{"rendered":"Campa\u00f1a de Vacunaci\u00f3n Antirr\u00e1bica: el cronograma de octubre"},"content":{"rendered":"<p>La iniciativa busca promover el cuidado responsable de los animales dom\u00e9sticos con la posibilidad de vacunar a las mascotas de manera gratuita. El listado de los puestos de vacunaci\u00f3n.<!--more--><\/p>\n<hr \/>\n<p>Desde la Direcci\u00f3n de Bromatolog\u00eda de la Municipalidad de Olavarr\u00eda se record\u00f3 que permanece vigente la campa\u00f1a de vacunaci\u00f3n antirr\u00e1bica, con lo cual se busca promover el cuidado responsable de los animales dom\u00e9sticos, acercando a vecinos de la ciudad la posibilidad de <strong>vacunar a sus mascotas de manera totalmente gratuita.<\/strong><\/p>\n<p>&nbsp;<\/p>\n<p>Desde el \u00e1rea se aclar\u00f3 que la inmunizaci\u00f3n contra la rabia se realiza en<strong> animales (perros y gatos) de m\u00e1s de tres meses de edad.<\/strong><\/p>\n<p>&nbsp;<\/p>\n<p>La rabia es una <strong>enfermedad viral que afecta al sistema nervioso de los mam\u00edferos, incluyendo a los seres humanos.<\/strong> Las personas pueden contraerla a trav\u00e9s del contacto de piel lastimada con la saliva o la mordedura de un animal infectado, ya que el virus se encuentra en la saliva y secreciones. Es importante tener presente que cualquier mam\u00edfero (incluido los murci\u00e9lagos) pueden tener rabia y transmitirla a los seres humanos y que en la gran mayor\u00eda de estos casos presenta un desenlace fatal.<\/p>\n<p>&nbsp;<\/p>\n<figure id=\"attachment_97747\" aria-describedby=\"caption-attachment-97747\" style=\"width: 800px\" class=\"wp-caption alignnone\"><img data-recalc-dims=\"1\" loading=\"lazy\" decoding=\"async\" class=\"size-full wp-image-97747\" src=\"https:\/\/i0.wp.com\/cdnoticias.com\/wp-content\/uploads\/2023\/09\/vacunacion-antirrabica-animales-06.jpg?resize=800%2C445&#038;ssl=1\" alt=\"\" width=\"800\" height=\"445\" srcset=\"https:\/\/i0.wp.com\/cdnoticias.com\/wp-content\/uploads\/2023\/09\/vacunacion-antirrabica-animales-06.jpg?w=800&amp;ssl=1 800w, https:\/\/i0.wp.com\/cdnoticias.com\/wp-content\/uploads\/2023\/09\/vacunacion-antirrabica-animales-06.jpg?resize=300%2C167&amp;ssl=1 300w, https:\/\/i0.wp.com\/cdnoticias.com\/wp-content\/uploads\/2023\/09\/vacunacion-antirrabica-animales-06.jpg?resize=768%2C427&amp;ssl=1 768w\" sizes=\"auto, (max-width: 800px) 100vw, 800px\" \/><figcaption id=\"caption-attachment-97747\" class=\"wp-caption-text\">La propuesta se desarrolla en m\u00e1s de 40 puestos de vacunaci\u00f3n distribuidos en diferentes barrios y localidades.<\/figcaption><\/figure>\n<p>&nbsp;<\/p>\n<p>Es por ello que la campa\u00f1a contempla el despliegue de <strong>m\u00e1s de 40 puestos de vacunaci\u00f3n<\/strong> que se distribuir\u00e1n en distintos puntos de la ciudad y el Partido. <strong>A continuaci\u00f3n:<\/strong><\/p>\n<p>&nbsp;<\/p>\n<p>_ 4 de octubre: Barrio Sarmiento, de 9 a 12:30 horas en Riobamba entre Rufino Fal y Estrada.<\/p>\n<p>_ 5 de octubre: Barrio Ceco II, de 9 a 12:30 horas, en la Plaza de Av. Trabajadores y Saavedra.<\/p>\n<p>_ 7 de octubre: Recalde, de 9 a 12 horas, en el Sal\u00f3n \u00abEl Quincho\u00bb, frente al Parque Centenario.<\/p>\n<p>_ 11 de octubre: Barrio Villa Mail\u00edn, de 10 a 12:30 horas, en el Territorial N\u00b0 6 de Las Heras y Mendoza.<\/p>\n<p>_ 12 de octubre: Barrio Villa Aurora, de 10 a 12:30 horas, en la Sociedad de Fomento de Los Gladiolos y Bol\u00edvar.<\/p>\n<p>_ 17 de octubre: Pueblo Nuevo, de 9 a 12:30 horas, en Plaza L\u00f3pez Camelo de San Mart\u00edn y Maip\u00fa.<\/p>\n<p>_ 18 de octubre: Barrio Belgrano, de 9 a 12:30 horas, en la Plaza Juana Azurduy de Av. Pueyrred\u00f3n y C. Mu\u00f1oz.<\/p>\n<p>_ 19 de octubre: Barrio Villa Mail\u00edn, de 9 a 12.30 horas, en La Rioja y Las Heras.<\/p>\n<p>_ 21 de octubre: Barrio Alberdi, de 9:30 a 13 horas, en la Estaci\u00f3n Provincial de Belgrano y Jun\u00edn.<\/p>\n<p>_ 24 de octubre: Barrio Los Robles, de 9 a 12:30 horas, en Plaza Italia de Vicente L\u00f3pez y Esquivel.<\/p>\n<p>_ 26 de octubre: Parque Mitre, de 11 a 13:30 horas, en el Paseo de la Salud de Brown y Belgrano.<\/p>\n<p>_ 27 de octubre: Barrio Tiro Federal, de 10 a 12:30 horas, en Necochea e Islas Malvinas.<\/p>\n<p>_ 28 de octubre: Barrio CECO I, de 9:30 a 13 horas, en Avenida Per\u00f3n y Santa Cruz.<\/p>\n<p>_ 31 de octubre: Barrio Independencia, de 9 a 12:30 horas, en el CAPS N\u00b07 de Pueyrred\u00f3n y Ayacucho.<\/p>\n","protected":false},"excerpt":{"rendered":"<p>La iniciativa busca promover el cuidado responsable de los animales dom\u00e9sticos con la posibilidad de vacunar a las mascotas de<\/p>\n","protected":false},"author":2,"featured_media":97746,"comment_status":"closed","ping_status":"closed","sticky":false,"template":"","format":"standard","meta":{"_jetpack_memberships_contains_paid_content":false,"footnotes":""},"categories":[5,1],"tags":[],"class_list":["post-97940","post","type-post","status-publish","format-standard","has-post-thumbnail","hentry","category-informacion-general","category-portada"],"jetpack_featured_media_url":"https:\/\/i0.wp.com\/cdnoticias.com\/wp-content\/uploads\/2023\/09\/vacunacion-antirrabica-animales-05.jpg?fit=800%2C445&ssl=1","jetpack_sharing_enabled":true,"_links":{"self":[{"href":"https:\/\/cdnoticias.com\/index.php\/wp-json\/wp\/v2\/posts\/97940","targetHints":{"allow":["GET"]}}],"collection":[{"href":"https:\/\/cdnoticias.com\/index.php\/wp-json\/wp\/v2\/posts"}],"about":[{"href":"https:\/\/cdnoticias.com\/index.php\/wp-json\/wp\/v2\/types\/post"}],"author":[{"embeddable":true,"href":"https:\/\/cdnoticias.com\/index.php\/wp-json\/wp\/v2\/users\/2"}],"replies":[{"embeddable":true,"href":"https:\/\/cdnoticias.com\/index.php\/wp-json\/wp\/v2\/comments?post=97940"}],"version-history":[{"count":0,"href":"https:\/\/cdnoticias.com\/index.php\/wp-json\/wp\/v2\/posts\/97940\/revisions"}],"wp:featuredmedia":[{"embeddable":true,"href":"https:\/\/cdnoticias.com\/index.php\/wp-json\/wp\/v2\/media\/97746"}],"wp:attachment":[{"href":"https:\/\/cdnoticias.com\/index.php\/wp-json\/wp\/v2\/media?parent=97940"}],"wp:term":[{"taxonomy":"category","embeddable":true,"href":"https:\/\/cdnoticias.com\/index.php\/wp-json\/wp\/v2\/categories?post=97940"},{"taxonomy":"post_tag","embeddable":true,"href":"https:\/\/cdnoticias.com\/index.php\/wp-json\/wp\/v2\/tags?post=97940"}],"curies":[{"name":"wp","href":"https:\/\/api.w.org\/{rel}","templated":true}]}}