{"id":97907,"date":"2023-09-30T18:31:15","date_gmt":"2023-09-30T21:31:15","guid":{"rendered":"https:\/\/www.centraldenoticias.com.ar\/?p=97907"},"modified":"2023-10-01T09:50:10","modified_gmt":"2023-10-01T12:50:10","slug":"ruta-226-viajaba-hacia-olavarria-y-se-le-incendio-el-auto","status":"publish","type":"post","link":"https:\/\/cdnoticias.com\/index.php\/2023\/09\/30\/ruta-226-viajaba-hacia-olavarria-y-se-le-incendio-el-auto\/","title":{"rendered":"Ruta 226: viajaba hacia Olavarr\u00eda y se le incendi\u00f3 el auto"},"content":{"rendered":"<p>Fue en la madrugada de este s\u00e1bado, en cercan\u00edas a Espigas. Las p\u00e9rdidas fueron totales.<!--more--><\/p>\n<hr \/>\n<p>En la madrugada de este s\u00e1bado, <strong>un Chevrolet Corsa se incendi\u00f3 y tuvo p\u00e9rdidas totales mientras circulaba por ruta 226 en direcci\u00f3n a Olavarr\u00eda, a la altura del cruce con la localidad de Espigas.<\/strong><\/p>\n<p>Seg\u00fan inform\u00f3 el diario La Ma\u00f1ana de Bol\u00edvar<strong>, el siniestro comenz\u00f3 cuando el conductor del veh\u00edculo detect\u00f3 que sal\u00eda humo del motor. Al frenar y bajarse, not\u00f3 que la zona ya ten\u00eda llamas y r\u00e1pidamente llam\u00f3 a bomberos.<\/strong><\/p>\n<p><img data-recalc-dims=\"1\" loading=\"lazy\" decoding=\"async\" class=\"alignnone size-full wp-image-97908\" src=\"https:\/\/i0.wp.com\/cdnoticias.com\/wp-content\/uploads\/2023\/09\/WhatsApp-Image-2023-09-29-at-15.45.30-1024x576-1.jpeg?resize=800%2C450&#038;ssl=1\" alt=\"\" width=\"800\" height=\"450\" srcset=\"https:\/\/i0.wp.com\/cdnoticias.com\/wp-content\/uploads\/2023\/09\/WhatsApp-Image-2023-09-29-at-15.45.30-1024x576-1.jpeg?w=1024&amp;ssl=1 1024w, https:\/\/i0.wp.com\/cdnoticias.com\/wp-content\/uploads\/2023\/09\/WhatsApp-Image-2023-09-29-at-15.45.30-1024x576-1.jpeg?resize=300%2C169&amp;ssl=1 300w, https:\/\/i0.wp.com\/cdnoticias.com\/wp-content\/uploads\/2023\/09\/WhatsApp-Image-2023-09-29-at-15.45.30-1024x576-1.jpeg?resize=768%2C432&amp;ssl=1 768w\" sizes=\"auto, (max-width: 800px) 100vw, 800px\" \/><\/p>\n<blockquote><p>La intensidad de las llamas, adem\u00e1s, hizo que el incendio se propagara por parte de los pastizales de la banquina, acrecentando el fuego.<\/p><\/blockquote>\n<p>El conductor es un bolivarense que se dirig\u00eda hacia Olavarr\u00eda que, afortunadamente, no result\u00f3 herido. <strong>En el lugar trabaj\u00f3 una dotaci\u00f3n de bomberos voluntarios de Bol\u00edvar que, al llegar, vio el incendio en el veh\u00edculo, cuyo da\u00f1o fue total.<\/strong><\/p>\n<p><strong>Tras varios minutos de trabajo, el incendio de pastizales y del auto fue controlado.<\/strong> En el lugar trabajaron tambi\u00e9n efectivos policiales de la Comisar\u00eda de Bol\u00edvar y de Espigas.<\/p>\n","protected":false},"excerpt":{"rendered":"<p>Fue en la madrugada de este s\u00e1bado, en cercan\u00edas a Espigas. Las p\u00e9rdidas fueron totales.<\/p>\n","protected":false},"author":2,"featured_media":97909,"comment_status":"closed","ping_status":"closed","sticky":false,"template":"","format":"standard","meta":{"_jetpack_memberships_contains_paid_content":false,"footnotes":""},"categories":[14,1],"tags":[],"class_list":["post-97907","post","type-post","status-publish","format-standard","has-post-thumbnail","hentry","category-policiales","category-portada"],"jetpack_featured_media_url":"https:\/\/i0.wp.com\/cdnoticias.com\/wp-content\/uploads\/2023\/09\/WhatsApp-Image-2023-09-29-at-15.45.29.jpeg?fit=1600%2C900&ssl=1","jetpack_sharing_enabled":true,"_links":{"self":[{"href":"https:\/\/cdnoticias.com\/index.php\/wp-json\/wp\/v2\/posts\/97907","targetHints":{"allow":["GET"]}}],"collection":[{"href":"https:\/\/cdnoticias.com\/index.php\/wp-json\/wp\/v2\/posts"}],"about":[{"href":"https:\/\/cdnoticias.com\/index.php\/wp-json\/wp\/v2\/types\/post"}],"author":[{"embeddable":true,"href":"https:\/\/cdnoticias.com\/index.php\/wp-json\/wp\/v2\/users\/2"}],"replies":[{"embeddable":true,"href":"https:\/\/cdnoticias.com\/index.php\/wp-json\/wp\/v2\/comments?post=97907"}],"version-history":[{"count":0,"href":"https:\/\/cdnoticias.com\/index.php\/wp-json\/wp\/v2\/posts\/97907\/revisions"}],"wp:featuredmedia":[{"embeddable":true,"href":"https:\/\/cdnoticias.com\/index.php\/wp-json\/wp\/v2\/media\/97909"}],"wp:attachment":[{"href":"https:\/\/cdnoticias.com\/index.php\/wp-json\/wp\/v2\/media?parent=97907"}],"wp:term":[{"taxonomy":"category","embeddable":true,"href":"https:\/\/cdnoticias.com\/index.php\/wp-json\/wp\/v2\/categories?post=97907"},{"taxonomy":"post_tag","embeddable":true,"href":"https:\/\/cdnoticias.com\/index.php\/wp-json\/wp\/v2\/tags?post=97907"}],"curies":[{"name":"wp","href":"https:\/\/api.w.org\/{rel}","templated":true}]}}