{"id":97898,"date":"2023-09-30T16:21:08","date_gmt":"2023-09-30T19:21:08","guid":{"rendered":"https:\/\/www.centraldenoticias.com.ar\/?p=97898"},"modified":"2023-09-30T18:53:48","modified_gmt":"2023-09-30T21:53:48","slug":"con-mucha-emocion-y-carino-homenajearon-a-thiago-tito-contreras","status":"publish","type":"post","link":"https:\/\/cdnoticias.com\/index.php\/2023\/09\/30\/con-mucha-emocion-y-carino-homenajearon-a-thiago-tito-contreras\/","title":{"rendered":"Con mucha emoci\u00f3n y cari\u00f1o, homenajearon a Thiago \u201cTito\u201d Contreras"},"content":{"rendered":"<p>Presentaron un monolito en su barrio al cumplirse un mes de su fallecimiento. La Junta Vecinal de barrio Carlos Pellegrini relat\u00f3 la organizaci\u00f3n de la actividad y realiz\u00f3 varios agradecimientos.<!--more--><\/p>\n<hr \/>\n<p>En la jornada del pasado viernes, y \u201corganizado con inmenso cari\u00f1o por sus amigos\u201d <strong>vecinos y la Junta Vecinal Carlos Pellegrini realizaron un emotivo y respetuoso homenaje a Thiago \u201cTito\u201d Contreras, al cumplirse un mes de su fallecimiento.<\/strong><\/p>\n<p>&nbsp;<\/p>\n<p><strong>Descubrieron un monolito<\/strong>, <em>\u201cun s\u00edmbolo y recordatorio de la memoria de Tito, de los recuerdos, los momentos, de los instantes que cada quien supo compartir con \u00e9l\u201d<\/em> y aprovechando la ocasi\u00f3n hubo sentidas palabras de Mariana Martin de parte de sus amigos, Lautaro, Adriel, Joaqu\u00edn, Alex, Tiziano, El\u00edas, Jer\u00f3nimo, David, Santino, Naila y Ciro.<\/p>\n<p>&nbsp;<\/p>\n<p><img data-recalc-dims=\"1\" loading=\"lazy\" decoding=\"async\" class=\"alignnone size-large wp-image-97899\" src=\"https:\/\/i0.wp.com\/cdnoticias.com\/wp-content\/uploads\/2023\/09\/WhatsApp-Image-2023-09-29-at-16.38.27.jpeg?resize=768%2C1024&#038;ssl=1\" alt=\"\" width=\"768\" height=\"1024\" srcset=\"https:\/\/i0.wp.com\/cdnoticias.com\/wp-content\/uploads\/2023\/09\/WhatsApp-Image-2023-09-29-at-16.38.27.jpeg?resize=768%2C1024&amp;ssl=1 768w, https:\/\/i0.wp.com\/cdnoticias.com\/wp-content\/uploads\/2023\/09\/WhatsApp-Image-2023-09-29-at-16.38.27.jpeg?resize=225%2C300&amp;ssl=1 225w, https:\/\/i0.wp.com\/cdnoticias.com\/wp-content\/uploads\/2023\/09\/WhatsApp-Image-2023-09-29-at-16.38.27.jpeg?resize=1152%2C1536&amp;ssl=1 1152w, https:\/\/i0.wp.com\/cdnoticias.com\/wp-content\/uploads\/2023\/09\/WhatsApp-Image-2023-09-29-at-16.38.27.jpeg?w=1200&amp;ssl=1 1200w\" sizes=\"auto, (max-width: 768px) 100vw, 768px\" \/><\/p>\n<p>&nbsp;<\/p>\n<p>Tambi\u00e9n se ley\u00f3 un texto que ven\u00eda escrito por parte de Bianca, Morena, Thiago y Kiara, as\u00ed como una exposici\u00f3n de Mariela Zabaleta.<\/p>\n<p>&nbsp;<\/p>\n<blockquote><p>\u201cCargados de emociones, de recuerdos que ir\u00edan tocando el coraz\u00f3n de cada uno, llegamos al momento de descubrir el monolito e invitamos a los presentes ser parte de ello\u201d.<\/p><\/blockquote>\n<p>&nbsp;<\/p>\n<p>Desde la <strong>Junta Vecinal comentaron todo el proceso de planificaci\u00f3n de la jornada, donde hubo muchos pedidos de acompa\u00f1amiento para que el monolito sea una realidad.<\/strong><\/p>\n<p>&nbsp;<\/p>\n<p>Es por ello que agradecieron a materiales \u201cDIGRA\u201d por el cemento y el pegamento de las cer\u00e1micas, a bloquera &#8220;FALASCO&#8221;, a \u201cCASA BOUCIGUEZ\u201d por los mosaicos, \u00a0a \u201cCARLI MARMOLERIA\u201d de Carlos Navarro, por el hermoso m\u00e1rmol blanco, a Mariela Zabaleta por el prolijo grabado de la placa y a la gr\u00e1fica \u201cRCP\u201d.<\/p>\n<p>&nbsp;<\/p>\n<p>Adem\u00e1s,<strong> se agradeci\u00f3 a los vecinos que oficiaron como ingenieros, maestros mayores de obras, y alba\u00f1iles, miembros de la Comisi\u00f3n Directiva de la junta vecinal, Luciano Acu\u00f1a y Fabi\u00e1n Lallera, por haber realizado este monolito, y tambi\u00e9n a Daniel Rodr\u00edguez por habernos facilitado el sonido.<\/strong><\/p>\n<p>&nbsp;<\/p>\n<p>Finalmente, invitaron y <strong>pidieron a los vecinos y vecinas que cuiden, entre todos, el nuevo espacio.<\/strong><\/p>\n","protected":false},"excerpt":{"rendered":"<p>Presentaron un monolito en su barrio al cumplirse un mes de su fallecimiento. La Junta Vecinal de barrio Carlos Pellegrini<\/p>\n","protected":false},"author":2,"featured_media":97900,"comment_status":"closed","ping_status":"closed","sticky":false,"template":"","format":"standard","meta":{"_jetpack_memberships_contains_paid_content":false,"footnotes":""},"categories":[5,1],"tags":[],"class_list":["post-97898","post","type-post","status-publish","format-standard","has-post-thumbnail","hentry","category-informacion-general","category-portada"],"jetpack_featured_media_url":"https:\/\/i0.wp.com\/cdnoticias.com\/wp-content\/uploads\/2023\/09\/WhatsApp-Image-2023-09-29-at-18.03.17.jpeg?fit=1599%2C899&ssl=1","jetpack_sharing_enabled":true,"_links":{"self":[{"href":"https:\/\/cdnoticias.com\/index.php\/wp-json\/wp\/v2\/posts\/97898","targetHints":{"allow":["GET"]}}],"collection":[{"href":"https:\/\/cdnoticias.com\/index.php\/wp-json\/wp\/v2\/posts"}],"about":[{"href":"https:\/\/cdnoticias.com\/index.php\/wp-json\/wp\/v2\/types\/post"}],"author":[{"embeddable":true,"href":"https:\/\/cdnoticias.com\/index.php\/wp-json\/wp\/v2\/users\/2"}],"replies":[{"embeddable":true,"href":"https:\/\/cdnoticias.com\/index.php\/wp-json\/wp\/v2\/comments?post=97898"}],"version-history":[{"count":0,"href":"https:\/\/cdnoticias.com\/index.php\/wp-json\/wp\/v2\/posts\/97898\/revisions"}],"wp:featuredmedia":[{"embeddable":true,"href":"https:\/\/cdnoticias.com\/index.php\/wp-json\/wp\/v2\/media\/97900"}],"wp:attachment":[{"href":"https:\/\/cdnoticias.com\/index.php\/wp-json\/wp\/v2\/media?parent=97898"}],"wp:term":[{"taxonomy":"category","embeddable":true,"href":"https:\/\/cdnoticias.com\/index.php\/wp-json\/wp\/v2\/categories?post=97898"},{"taxonomy":"post_tag","embeddable":true,"href":"https:\/\/cdnoticias.com\/index.php\/wp-json\/wp\/v2\/tags?post=97898"}],"curies":[{"name":"wp","href":"https:\/\/api.w.org\/{rel}","templated":true}]}}