{"id":97893,"date":"2023-09-30T15:45:01","date_gmt":"2023-09-30T18:45:01","guid":{"rendered":"https:\/\/www.centraldenoticias.com.ar\/?p=97893"},"modified":"2023-09-30T18:31:30","modified_gmt":"2023-09-30T21:31:30","slug":"maxi-wesner-pidio-a-la-militancia-seguir-con-mas-conviccion-y-serenidad-que-nunca","status":"publish","type":"post","link":"https:\/\/cdnoticias.com\/index.php\/2023\/09\/30\/maxi-wesner-pidio-a-la-militancia-seguir-con-mas-conviccion-y-serenidad-que-nunca\/","title":{"rendered":"Maxi Wesner pidi\u00f3 a la militancia seguir con \u201cm\u00e1s convicci\u00f3n y serenidad que nunca&#8221;"},"content":{"rendered":"<p>Fue en un nuevo \u201cpuerta a puerta\u201d que congreg\u00f3 a cientos de vecinos y militantes en el Parque Eva Per\u00f3n.<!--more--><\/p>\n<hr \/>\n<p>Este s\u00e1bado, <strong>el candidato a intendente de UxP, Maximiliano Wesner, reuni\u00f3 a vecinos y vecinas en el Parque Eva Per\u00f3n para realizar un nuevo &#8220;puerta a puerta&#8221;.<\/strong><\/p>\n<p><strong><em>&#8220;Estamos en el trayecto final de la campa\u00f1a y la debemos transitar con m\u00e1s convicci\u00f3n y serenidad que nunca&#8221;<\/em><\/strong>, asegur\u00f3 Maximiliano Wesner y agreg\u00f3:<em> &#8220;Aunque lo intenten no nos van a robar la alegr\u00eda&#8221;.<\/em><\/p>\n<p><img data-recalc-dims=\"1\" loading=\"lazy\" decoding=\"async\" class=\"alignnone size-large wp-image-97896\" src=\"https:\/\/i0.wp.com\/cdnoticias.com\/wp-content\/uploads\/2023\/09\/WhatsApp-Image-2023-09-30-at-14.01.48.jpeg?resize=800%2C550&#038;ssl=1\" alt=\"\" width=\"800\" height=\"550\" srcset=\"https:\/\/i0.wp.com\/cdnoticias.com\/wp-content\/uploads\/2023\/09\/WhatsApp-Image-2023-09-30-at-14.01.48.jpeg?resize=1024%2C704&amp;ssl=1 1024w, https:\/\/i0.wp.com\/cdnoticias.com\/wp-content\/uploads\/2023\/09\/WhatsApp-Image-2023-09-30-at-14.01.48.jpeg?resize=300%2C206&amp;ssl=1 300w, https:\/\/i0.wp.com\/cdnoticias.com\/wp-content\/uploads\/2023\/09\/WhatsApp-Image-2023-09-30-at-14.01.48.jpeg?resize=768%2C528&amp;ssl=1 768w, https:\/\/i0.wp.com\/cdnoticias.com\/wp-content\/uploads\/2023\/09\/WhatsApp-Image-2023-09-30-at-14.01.48.jpeg?resize=130%2C90&amp;ssl=1 130w, https:\/\/i0.wp.com\/cdnoticias.com\/wp-content\/uploads\/2023\/09\/WhatsApp-Image-2023-09-30-at-14.01.48.jpeg?w=1286&amp;ssl=1 1286w\" sizes=\"auto, (max-width: 800px) 100vw, 800px\" \/><\/p>\n<p>Durante la jornada, los vecinos y vecinas que apoyan la candidatura de Wesner repartieron el folleto del candidato que contiene un c\u00f3digo QR para acceder a su plataforma de gobierno.<\/p>\n<p><strong><em>&#8220;Somos un grupo de trabajo con mucho territorio que cree en la pol\u00edtica como herramienta de transformaci\u00f3n. Nosotros no hacemos inteligencia contra el que piensa distinto, nosotros nos encontramos en la calle y nos abrazamos&#8221;<\/em><\/strong>, expres\u00f3 Wesner.<\/p>\n<p>El candidato tambi\u00e9n agradeci\u00f3 los mensajes de apoyo y de fuerza para \u00e9l y toda su familia. <em>&#8220;Es muy triste para la pol\u00edtica y para Olavarr\u00eda lo que estuvo sucediendo, pero nada nos debe correr en de nuestro eje y de la unidad que construimos con los vecinos&#8221;.<\/em><\/p>\n<p><img data-recalc-dims=\"1\" loading=\"lazy\" decoding=\"async\" class=\"alignnone size-large wp-image-97895\" src=\"https:\/\/i0.wp.com\/cdnoticias.com\/wp-content\/uploads\/2023\/09\/WhatsApp-Image-2023-09-30-at-14.01.49.jpeg?resize=800%2C479&#038;ssl=1\" alt=\"\" width=\"800\" height=\"479\" srcset=\"https:\/\/i0.wp.com\/cdnoticias.com\/wp-content\/uploads\/2023\/09\/WhatsApp-Image-2023-09-30-at-14.01.49.jpeg?resize=1024%2C613&amp;ssl=1 1024w, https:\/\/i0.wp.com\/cdnoticias.com\/wp-content\/uploads\/2023\/09\/WhatsApp-Image-2023-09-30-at-14.01.49.jpeg?resize=300%2C180&amp;ssl=1 300w, https:\/\/i0.wp.com\/cdnoticias.com\/wp-content\/uploads\/2023\/09\/WhatsApp-Image-2023-09-30-at-14.01.49.jpeg?resize=768%2C460&amp;ssl=1 768w, https:\/\/i0.wp.com\/cdnoticias.com\/wp-content\/uploads\/2023\/09\/WhatsApp-Image-2023-09-30-at-14.01.49.jpeg?w=1286&amp;ssl=1 1286w\" sizes=\"auto, (max-width: 800px) 100vw, 800px\" \/><\/p>\n<p><em>&#8220;Mantengamos la calma y la seriedad. Salgamos a hablar con los vecinos y cont\u00e9mosles nuestras propuestas con la frente en alto porque nosotros somos personas honestas&#8221;<\/em>, concluy\u00f3.<\/p>\n","protected":false},"excerpt":{"rendered":"<p>Fue en un nuevo \u201cpuerta a puerta\u201d que congreg\u00f3 a cientos de vecinos y militantes en el Parque Eva Per\u00f3n.<\/p>\n","protected":false},"author":2,"featured_media":97894,"comment_status":"closed","ping_status":"closed","sticky":false,"template":"","format":"standard","meta":{"_jetpack_memberships_contains_paid_content":false,"footnotes":""},"categories":[4,1],"tags":[],"class_list":["post-97893","post","type-post","status-publish","format-standard","has-post-thumbnail","hentry","category-politica","category-portada"],"jetpack_featured_media_url":"https:\/\/i0.wp.com\/cdnoticias.com\/wp-content\/uploads\/2023\/09\/WhatsApp-Image-2023-09-30-at-14.01.49-1.jpeg?fit=1286%2C851&ssl=1","jetpack_sharing_enabled":true,"_links":{"self":[{"href":"https:\/\/cdnoticias.com\/index.php\/wp-json\/wp\/v2\/posts\/97893","targetHints":{"allow":["GET"]}}],"collection":[{"href":"https:\/\/cdnoticias.com\/index.php\/wp-json\/wp\/v2\/posts"}],"about":[{"href":"https:\/\/cdnoticias.com\/index.php\/wp-json\/wp\/v2\/types\/post"}],"author":[{"embeddable":true,"href":"https:\/\/cdnoticias.com\/index.php\/wp-json\/wp\/v2\/users\/2"}],"replies":[{"embeddable":true,"href":"https:\/\/cdnoticias.com\/index.php\/wp-json\/wp\/v2\/comments?post=97893"}],"version-history":[{"count":0,"href":"https:\/\/cdnoticias.com\/index.php\/wp-json\/wp\/v2\/posts\/97893\/revisions"}],"wp:featuredmedia":[{"embeddable":true,"href":"https:\/\/cdnoticias.com\/index.php\/wp-json\/wp\/v2\/media\/97894"}],"wp:attachment":[{"href":"https:\/\/cdnoticias.com\/index.php\/wp-json\/wp\/v2\/media?parent=97893"}],"wp:term":[{"taxonomy":"category","embeddable":true,"href":"https:\/\/cdnoticias.com\/index.php\/wp-json\/wp\/v2\/categories?post=97893"},{"taxonomy":"post_tag","embeddable":true,"href":"https:\/\/cdnoticias.com\/index.php\/wp-json\/wp\/v2\/tags?post=97893"}],"curies":[{"name":"wp","href":"https:\/\/api.w.org\/{rel}","templated":true}]}}