{"id":97885,"date":"2023-09-30T08:54:22","date_gmt":"2023-09-30T11:54:22","guid":{"rendered":"https:\/\/www.centraldenoticias.com.ar\/?p=97885"},"modified":"2023-09-30T08:54:22","modified_gmt":"2023-09-30T11:54:22","slug":"roberto-exequiel-fernandez-el-chiva-q-e-p-d","status":"publish","type":"post","link":"https:\/\/cdnoticias.com\/index.php\/2023\/09\/30\/roberto-exequiel-fernandez-el-chiva-q-e-p-d\/","title":{"rendered":"Roberto Exequiel Fern\u00e1ndez \u201cEl Chiva\u201d (Q.E.P.D)"},"content":{"rendered":"<p>Falleci\u00f3 en Olavarr\u00eda el 30 de septiembre de 2023 a los 56 a\u00f1os. Sus padres Roberto Oscar Fern\u00e1ndez y L\u00eda Ofelia Izaguirre. Sus hermanas: Vanina Yamil\u00e9, Cintia Lorena y Kathia Romina Fern\u00e1ndez. Su esposa: Silvana Eva Semejen. Sus sobrinos: Manuel Agust\u00edn Yaben y Valentino Orsatti. Sus hermanos pol\u00edticos: Eduardo Adolfo Bilotto, Liliana, Diego y Germ\u00e1n Semejen. Su madre pol\u00edtica: Silvia Busciarelli. Sus t\u00edos: Adolfo Tom\u00e1s Izaguirre; N\u00e9lida Rosa, Mirta y Viviana Fern\u00e1ndez y dem\u00e1s deudos participan su fallecimiento.<\/p>\n<p>&nbsp;<\/p>\n<p>Sus restos ser\u00e1n velados en la sala de Espa\u00f1a 2942 departamento \u201cC\u201d e inhumados en el Cementerio Loma de Paz este domingo 1 de octubre a las 10:30 horas.<\/p>\n<p>&nbsp;<\/p>\n<p>Nacido en Olavarr\u00eda, empleado de Famyl.<\/p>\n","protected":false},"excerpt":{"rendered":"<p>Falleci\u00f3 en Olavarr\u00eda el 30 de septiembre de 2023 a los 56 a\u00f1os. Sus padres Roberto Oscar Fern\u00e1ndez y L\u00eda<\/p>\n","protected":false},"author":2,"featured_media":67646,"comment_status":"closed","ping_status":"closed","sticky":false,"template":"","format":"standard","meta":{"_jetpack_memberships_contains_paid_content":false,"footnotes":""},"categories":[10],"tags":[],"class_list":["post-97885","post","type-post","status-publish","format-standard","has-post-thumbnail","hentry","category-necrologicas"],"jetpack_featured_media_url":"https:\/\/i0.wp.com\/cdnoticias.com\/wp-content\/uploads\/2022\/10\/necrologicas-390-x-240.jpg?fit=390%2C240&ssl=1","jetpack_sharing_enabled":true,"_links":{"self":[{"href":"https:\/\/cdnoticias.com\/index.php\/wp-json\/wp\/v2\/posts\/97885","targetHints":{"allow":["GET"]}}],"collection":[{"href":"https:\/\/cdnoticias.com\/index.php\/wp-json\/wp\/v2\/posts"}],"about":[{"href":"https:\/\/cdnoticias.com\/index.php\/wp-json\/wp\/v2\/types\/post"}],"author":[{"embeddable":true,"href":"https:\/\/cdnoticias.com\/index.php\/wp-json\/wp\/v2\/users\/2"}],"replies":[{"embeddable":true,"href":"https:\/\/cdnoticias.com\/index.php\/wp-json\/wp\/v2\/comments?post=97885"}],"version-history":[{"count":0,"href":"https:\/\/cdnoticias.com\/index.php\/wp-json\/wp\/v2\/posts\/97885\/revisions"}],"wp:featuredmedia":[{"embeddable":true,"href":"https:\/\/cdnoticias.com\/index.php\/wp-json\/wp\/v2\/media\/67646"}],"wp:attachment":[{"href":"https:\/\/cdnoticias.com\/index.php\/wp-json\/wp\/v2\/media?parent=97885"}],"wp:term":[{"taxonomy":"category","embeddable":true,"href":"https:\/\/cdnoticias.com\/index.php\/wp-json\/wp\/v2\/categories?post=97885"},{"taxonomy":"post_tag","embeddable":true,"href":"https:\/\/cdnoticias.com\/index.php\/wp-json\/wp\/v2\/tags?post=97885"}],"curies":[{"name":"wp","href":"https:\/\/api.w.org\/{rel}","templated":true}]}}