{"id":97856,"date":"2023-09-30T12:01:59","date_gmt":"2023-09-30T15:01:59","guid":{"rendered":"https:\/\/www.centraldenoticias.com.ar\/?p=97856"},"modified":"2023-09-30T12:02:02","modified_gmt":"2023-09-30T15:02:02","slug":"sociales-se-prepara-para-una-nueva-entrega-de-titulos","status":"publish","type":"post","link":"https:\/\/cdnoticias.com\/index.php\/2023\/09\/30\/sociales-se-prepara-para-una-nueva-entrega-de-titulos\/","title":{"rendered":"Sociales se prepara para una nueva entrega de t\u00edtulos"},"content":{"rendered":"<p>El acto se realizar\u00e1 el viernes 6 de octubre desde las 18 en el SUM del Edificio de Aulas Comunes del Complejo Universitario de Olavarr\u00eda. <!--more--><\/p>\n<hr \/>\n<p>El Complejo Universitario de Olavarr\u00eda ser\u00e1 sede del<strong> 161\u00b0 acto de Colaci\u00f3n de Grados<\/strong> de la Universidad Nacional del Centro de la Provincia de Buenos Aires, oportunidad en la que se har\u00e1 <strong>entrega de t\u00edtulos a graduados y graduadas de la Facultad de Ciencias Sociales.<\/strong> La ceremonia se celebrar\u00e1 en el <strong>marco del acto por el 35 aniversario de la FACSO,<\/strong> creada el 21 de octubre de 1988.<\/p>\n<p>&nbsp;<\/p>\n<p>El acto se realizar\u00e1 el<strong> viernes 6 de octubre desde las 18 en el SUM del Edificio de Aulas Comunes<\/strong> del Complejo Universitario de Olavarr\u00eda, avenida Del Valle 5737.<\/p>\n<p>&nbsp;<\/p>\n<p>Los y las graduados\/as que recibir\u00e1n su t\u00edtulo de la Facultad de Ciencias Sociales son los siguientes:<\/p>\n<p>&nbsp;<\/p>\n<ul>\n<li><strong>Licenciatura en Antropolog\u00eda orientaci\u00f3n Social:<\/strong> Mar\u00eda Magdalena Alicata, Leandro Banchio, Romina Susana Hegoburu y Rodrigo Ezequiel Pallicer.<\/li>\n<\/ul>\n<p>&nbsp;<\/p>\n<ul>\n<li><strong>Licenciatura en Comunicaci\u00f3n Social:<\/strong> Milagros Agustina Brisa, Eliseo D\u00edaz, Mar\u00eda Felicitas Habarna y Aldana Prieto.<\/li>\n<\/ul>\n<p>&nbsp;<\/p>\n<ul>\n<li><strong>Licenciatura en Comunicaci\u00f3n Social con orientaci\u00f3n en Comunicaci\u00f3n Institucional<\/strong>: Paula Melina Arce, C\u00e9sar Ricardo Edery, Paula Lerchundi Castro, Mar\u00eda Catalina Roveta, Fernanda Beatriz Seronero y Sonia Adriana S\u00e1nchez.<\/li>\n<\/ul>\n<p>&nbsp;<\/p>\n<ul>\n<li><strong>Licenciatura en Comunicaci\u00f3n Social con orientaci\u00f3n en Comunicaci\u00f3n Medi\u00e1tica<\/strong>: Ignacio Daniel Cerdera, Carolina Mabel Chiramberro, Mar\u00eda Melisa Manrique, Agostina Monteleone, Olivia Orsatti, Mar\u00eda Sol Pallero, Yamila Maricel Palma y Mar\u00eda Jos\u00e9 Roccia Irigoin.<\/li>\n<\/ul>\n<p>&nbsp;<\/p>\n<ul>\n<li><strong>Periodismo<\/strong>: Camila Ale, Manuela Arag\u00f3n, Iv\u00e1n Cabello, Magdalena Bisogno Eyler, Danisa Soledad Jaime y Mar\u00eda Sol Sraiber.<\/li>\n<\/ul>\n<p>&nbsp;<\/p>\n<ul>\n<li><strong>Profesorado de Antropolog\u00eda:<\/strong> Mar\u00eda de los Milagros Telechea.<\/li>\n<\/ul>\n<p>&nbsp;<\/p>\n<ul>\n<li><strong>Profesorado de Comunicaci\u00f3n Social:<\/strong> Priscila Gisela Estefan\u00eda Band\u00edn y Franco Lovecchio.<\/li>\n<\/ul>\n<p>&nbsp;<\/p>\n<ul>\n<li><strong>Tecnicatura Universitaria en Comunicaci\u00f3n Institucional<\/strong>: \u00c1ngel Gast\u00f3n Cabrera.<\/li>\n<\/ul>\n<p>&nbsp;<\/p>\n<ul>\n<li><strong>Tecnicatura Universitaria en Producci\u00f3n Medi\u00e1tica:<\/strong> Marina Elizabeth Rezola.<\/li>\n<\/ul>\n<p>&nbsp;<\/p>\n<ul>\n<li><strong>Ciclo de Licenciatura en Relaciones Laborales<\/strong>: Antonella Daiana Reyes Arena, Jorgelina Elizabeth Santa Cruz y Mar\u00eda Jos\u00e9 Wagner Garc\u00eda.<\/li>\n<\/ul>\n","protected":false},"excerpt":{"rendered":"<p>El acto se realizar\u00e1 el viernes 6 de octubre desde las 18 en el SUM del Edificio de Aulas Comunes<\/p>\n","protected":false},"author":6,"featured_media":97857,"comment_status":"closed","ping_status":"closed","sticky":false,"template":"","format":"standard","meta":{"_jetpack_memberships_contains_paid_content":false,"footnotes":""},"categories":[5,1],"tags":[],"class_list":["post-97856","post","type-post","status-publish","format-standard","has-post-thumbnail","hentry","category-informacion-general","category-portada"],"jetpack_featured_media_url":"https:\/\/i0.wp.com\/cdnoticias.com\/wp-content\/uploads\/2023\/09\/graduaint3.jpg?fit=1181%2C646&ssl=1","jetpack_sharing_enabled":true,"_links":{"self":[{"href":"https:\/\/cdnoticias.com\/index.php\/wp-json\/wp\/v2\/posts\/97856","targetHints":{"allow":["GET"]}}],"collection":[{"href":"https:\/\/cdnoticias.com\/index.php\/wp-json\/wp\/v2\/posts"}],"about":[{"href":"https:\/\/cdnoticias.com\/index.php\/wp-json\/wp\/v2\/types\/post"}],"author":[{"embeddable":true,"href":"https:\/\/cdnoticias.com\/index.php\/wp-json\/wp\/v2\/users\/6"}],"replies":[{"embeddable":true,"href":"https:\/\/cdnoticias.com\/index.php\/wp-json\/wp\/v2\/comments?post=97856"}],"version-history":[{"count":0,"href":"https:\/\/cdnoticias.com\/index.php\/wp-json\/wp\/v2\/posts\/97856\/revisions"}],"wp:featuredmedia":[{"embeddable":true,"href":"https:\/\/cdnoticias.com\/index.php\/wp-json\/wp\/v2\/media\/97857"}],"wp:attachment":[{"href":"https:\/\/cdnoticias.com\/index.php\/wp-json\/wp\/v2\/media?parent=97856"}],"wp:term":[{"taxonomy":"category","embeddable":true,"href":"https:\/\/cdnoticias.com\/index.php\/wp-json\/wp\/v2\/categories?post=97856"},{"taxonomy":"post_tag","embeddable":true,"href":"https:\/\/cdnoticias.com\/index.php\/wp-json\/wp\/v2\/tags?post=97856"}],"curies":[{"name":"wp","href":"https:\/\/api.w.org\/{rel}","templated":true}]}}